{"id":269057,"date":"2025-12-03T13:34:13","date_gmt":"2025-12-03T13:34:13","guid":{"rendered":"https:\/\/www.europesays.com\/es\/269057\/"},"modified":"2025-12-03T13:34:13","modified_gmt":"2025-12-03T13:34:13","slug":"joseba-elguezabal-mano-derecha-espanola-de-tadej-pogacar-deja-el-uae-team-y-ficha-por-el-athletic","status":"publish","type":"post","link":"https:\/\/www.europesays.com\/es\/269057\/","title":{"rendered":"Joseba Elguezabal, mano derecha espa\u00f1ola de Tadej Pogacar, deja el UAE Team\u2026 \u00a1y ficha por el Athletic!"},"content":{"rendered":"<p data-mrf-recirculation=\"Links P\u00e1rrafos\" class=\"ue-c-article__paragraph paragraph ue-c-article--first-letter-highlighted\">El <strong>Athletic ha sorprendido con un movimiento silencioso<\/strong>, inesperado y cargado de significado. <strong>Joseba Elguezabal, masajista vizca\u00edno de Gatika y confidente absoluto de Tadej Pogacar desde 2019, abandona el UAE Team Emirate<\/strong>s para incorporarse a la estructura rojiblanca seg\u00fan adelanto <strong>&#8216;El Correo&#8217; <\/strong>este martes. <strong>MARCA<\/strong> ha podido confirmar que a\u00fan le esperan en la concentraci\u00f3n de diciembre del UAE, a modo de despedida.\u00a0<\/p>\n<p data-mrf-recirculation=\"Links P\u00e1rrafos\" class=\"ue-c-article__paragraph paragraph\">Tras ese \u00faltimo servicio al campe\u00f3n esloveno, pondr\u00e1 punto final a su etapa en el ciclismo profesional y <strong>comenzar\u00e1 su nueva vida en el f\u00fatbol<\/strong>. <strong>Este pasado finde estuvieron juntos en Canarias.<\/strong><\/p>\n<p data-mrf-recirculation=\"Links P\u00e1rrafos\" class=\"ue-c-article__paragraph paragraph\">La <strong>noticia sacude el ecosistema de Pogacar<\/strong>, que pierde algo m\u00e1s que un miembro del staff: se va su hombre de confianza, la persona que sab\u00eda leerle sin palabras. Joseba era quien afinaba su musculatura privilegiada, quien apagaba incendios internos y quien custodiaba cada ritual del esloveno.<strong> \u201c\u00bfPero qu\u00e9 le voy a decir yo, si es el mejor ciclista del mundo?\u201d,<\/strong> dec\u00eda siempre con humildad. Era masajista, s\u00ed, pero tambi\u00e9n escudo, psic\u00f3logo ocasional y guardi\u00e1n de un santuario invisible.<\/p>\n<p><img decoding=\"async\" width=\"1179\" height=\"1559\" class=\"ue-c-article__image lazyload\" alt=\"Joseba Elguezabal, en el UAE\" loading=\"lazy\" src=\"https:\/\/www.europesays.com\/es\/wp-content\/uploads\/2025\/12\/69300a427fe61.jpeg\"\/><\/p>\n<p>Joseba Elguezabal, en el UAE<\/p>\n<p data-mrf-recirculation=\"Links P\u00e1rrafos\" class=\"ue-c-article__paragraph paragraph\">La <strong>historia entre ambos arranc\u00f3 en 2019, cuando coincidieron en el UAE en su primera concentraci\u00f3n<\/strong>. Desde entonces, inseparables: en la irrupci\u00f3n de Pogacar en LaVuelta, en los cuatro Tours conquistados por el esloveno, en el abrazo tras aquel Flandes inolvidable, tras las Lombard\u00eda, en d\u00edas de gloria y noches de derrota, como la del Tour 2022 ante Jonas Vingegaard. Si hab\u00eda un triunfo, estaba Joseba. Si hab\u00eda una herida, tambi\u00e9n.<\/p>\n<p data-mrf-recirculation=\"Links P\u00e1rrafos\" class=\"ue-c-article__paragraph paragraph\"><strong>Su papel iba mucho m\u00e1s all\u00e1 de los masajes<\/strong>. Era quien preparaba la calma del l\u00edder, quien sab\u00eda cu\u00e1ndo tocar m\u00fasica \u2014rap esloveno y Eminem, nunca reggaet\u00f3n\u2014, cu\u00e1ndo hablar y cu\u00e1ndo callar. Compart\u00edan sue\u00f1os de coches deportivos, platos de pollo al curry y risas con v\u00eddeos de Instagram. Ese universo \u00edntimo que sosten\u00eda al campe\u00f3n desde dentro. Incluso el caballo del vasco se llama Poggy.<\/p>\n<p>De vuelta a casa<\/p>\n<p data-mrf-recirculation=\"Links P\u00e1rrafos\" class=\"ue-c-article__paragraph paragraph\">Por eso su marcha no es un detalle menor. <strong>Elguezabal aterriza en Lezama con un conocimiento \u00fanico<\/strong>: c\u00f3mo se construye, mental y f\u00edsicamente, una superestrella. El Athletic, que ya cont\u00f3 la figura de Elguezabal en la 2013-2014 como preparador f\u00edsico del alev\u00edn <strong>(donde coincidi\u00f3 con Nico Williams)<\/strong>, ficha de la mano de<strong> I\u00f1igo San Mill\u00e1n (jefe de fisios del club vasco y con el que ya coincidi\u00f3 en el UAE) <\/strong>un perfil que va directo al coraz\u00f3n del alto rendimiento, alguien acostumbrado a convivir con la \u00e9lite absoluta, a gestionar la presi\u00f3n y a interpretar silencios antes de que se conviertan en problemas. <strong>Elguezabal es historia del Universo Pogacar.<\/strong><\/p>\n","protected":false},"excerpt":{"rendered":"El Athletic ha sorprendido con un movimiento silencioso, inesperado y cargado de significado. Joseba Elguezabal, masajista vizca\u00edno de&hellip;\n","protected":false},"author":2,"featured_media":269058,"comment_status":"","ping_status":"","sticky":false,"template":"","format":"standard","meta":{"footnotes":""},"categories":[273],"tags":[313,312,168,25,24,23,167],"class_list":{"0":"post-269057","1":"post","2":"type-post","3":"status-publish","4":"format-standard","5":"has-post-thumbnail","7":"category-ciclismo","8":"tag-ciclismo","9":"tag-cycling","10":"tag-deportes","11":"tag-es","12":"tag-espana","13":"tag-spain","14":"tag-sports"},"share_on_mastodon":{"url":"https:\/\/pubeurope.com\/@es\/115655899463768997","error":""},"_links":{"self":[{"href":"https:\/\/www.europesays.com\/es\/wp-json\/wp\/v2\/posts\/269057","targetHints":{"allow":["GET"]}}],"collection":[{"href":"https:\/\/www.europesays.com\/es\/wp-json\/wp\/v2\/posts"}],"about":[{"href":"https:\/\/www.europesays.com\/es\/wp-json\/wp\/v2\/types\/post"}],"author":[{"embeddable":true,"href":"https:\/\/www.europesays.com\/es\/wp-json\/wp\/v2\/users\/2"}],"replies":[{"embeddable":true,"href":"https:\/\/www.europesays.com\/es\/wp-json\/wp\/v2\/comments?post=269057"}],"version-history":[{"count":0,"href":"https:\/\/www.europesays.com\/es\/wp-json\/wp\/v2\/posts\/269057\/revisions"}],"wp:featuredmedia":[{"embeddable":true,"href":"https:\/\/www.europesays.com\/es\/wp-json\/wp\/v2\/media\/269058"}],"wp:attachment":[{"href":"https:\/\/www.europesays.com\/es\/wp-json\/wp\/v2\/media?parent=269057"}],"wp:term":[{"taxonomy":"category","embeddable":true,"href":"https:\/\/www.europesays.com\/es\/wp-json\/wp\/v2\/categories?post=269057"},{"taxonomy":"post_tag","embeddable":true,"href":"https:\/\/www.europesays.com\/es\/wp-json\/wp\/v2\/tags?post=269057"}],"curies":[{"name":"wp","href":"https:\/\/api.w.org\/{rel}","templated":true}]}}