{"id":269061,"date":"2025-12-03T13:37:16","date_gmt":"2025-12-03T13:37:16","guid":{"rendered":"https:\/\/www.europesays.com\/es\/269061\/"},"modified":"2025-12-03T13:37:16","modified_gmt":"2025-12-03T13:37:16","slug":"alexia-putellas-y-vicky-lopez-celebran-como-antony-y-ez-abde","status":"publish","type":"post","link":"https:\/\/www.europesays.com\/es\/269061\/","title":{"rendered":"Alexia Putellas y Vicky L\u00f3pez celebran como Antony y Ez Abde"},"content":{"rendered":"\n<p>M\u00e1s noticias<\/p>\n<p><a class=\"info_masnoticias\" href=\"https:\/\/www.eldesmarque.com\/futbol\/real-betis\/\" rel=\"nofollow noopener\" target=\"_blank\"><br \/>\nM\u00e1s de<br \/>\nM\u00e1s noticias de<br \/>\nReal Betis<br \/>\n<\/a><\/p>\n<p>La imagen de <strong>Alexia Putellas y Vicky L\u00f3pez imitando la popular celebraci\u00f3n de Antony y Ez Abde<\/strong> se ha convertido en uno de los momentos m\u00e1s divertidos tras la <a href=\"https:\/\/www.eldesmarque.com\/futbol\/seleccion-espanola-femenina\/20251202\/espana-alemania-final-nations-league-directo-goles-mejores-jugadas-ultima-hora-d1rect0_300823757.html\" target=\"_blank\" rel=\"noopener nofollow\">final de la Nations League<\/a>. Aunque las c\u00e1maras oficiales no captaron la escena, los aficionados presentes la hicieron viral en cuesti\u00f3n de horas. <strong>El \u201cbailecito\u201d que enamora al beticismo<\/strong> no solo demuestra la conexi\u00f3n entre ambas jugadoras, sino tambi\u00e9n el gui\u00f1o inesperado a la dupla del Real Betis.<\/p>\n<p>La celebraci\u00f3n m\u00e1s b\u00e9tica de Alexia Putellas y Vicky L\u00f3pez<\/p>\n<p>Las c\u00e1maras de la retransmisi\u00f3n de la final de la Nations League no captaron la celebraci\u00f3n de Vicky L\u00f3pez y Alexia Putellas, pero s\u00ed lo hicieron los aficionados presentes en el Metropolitano. En la imagen, que ya es viral en las redes sociales, las campeonas <strong>ejecutan la celebraci\u00f3n de Antony y Abde<\/strong>, los dos jugadores del Real Betis que tambi\u00e9n han demostrado tener una conexi\u00f3n asombrosa sobre el terreno de juego.<\/p>\n<p>Varias zancadas de lado a lado, un salto mientras giran y un choque de manos en el aire. Todo entre sonrisas <strong>en el 2-0 en el minuto 68<\/strong> cuando las de Sonia Berm\u00fadez consiguieron acercarse, todav\u00eda m\u00e1s, a su segunda Nations League delante de su afici\u00f3n. <strong>Repitieron el ritual tras consagrarse con el t\u00edtulo<\/strong>, cuando el partido ya hab\u00eda terminado.<\/p>\n<blockquote class=\"twitter-tweet\">\n<p lang=\"es\" dir=\"ltr\">Copia de la celebraci\u00f3n de abde Antony .. <a href=\"https:\/\/t.co\/xHX0VXyCQC\" rel=\"nofollow\">pic.twitter.com\/xHX0VXyCQC<\/a><\/p>\n<p>\u2014 \u24d9 \u24e4 \u24d0 \u24dd \u24d3 \u24d4 (@juandebetis) <a href=\"https:\/\/twitter.com\/juandebetis\/status\/1995976907180179896?ref_src=twsrc%5Etfw\" rel=\"nofollow noopener\" target=\"_blank\">December 2, 2025<\/a><\/p>\n<\/blockquote>\n<p>Los usuarios de &#8216;X&#8217; no han tardado en reconocer ese &#8216;bailecito&#8217; tan t\u00edpico entre los hombres de Manuel Pellegrini.<\/p>\n<p>Espa\u00f1a se proclama campeona de la Nations League<\/p>\n<p>Espa\u00f1a se coron\u00f3 como campeona de la Nations League por segunda vez consecutiva. Tras el empate sin goles en la ida, en Alemania, <strong>el equipo de Sonia Berm\u00fadez arras\u00f3 en la vuelta<\/strong> con un doblete de Claudia Pina y un gol de Vicky, que ocup\u00f3 el puesto de Aitana Bonmat\u00ed y respondi\u00f3 con nota.<\/p>\n<p>Espa\u00f1a comenz\u00f3 el encuentro con dudas, pero poco a poco gener\u00f3 ocasiones claras: primero Alexia, luego Esther y otra vez la propia Alexia pusieron a prueba a Berger, aunque sin fortuna. Con el paso de los minutos,<strong> la Selecci\u00f3n domin\u00f3 el juego y apenas concedi\u00f3 atr\u00e1s<\/strong> gracias a la firmeza de Irene Paredes y Mapi. Antes del descanso llegaron las oportunidades m\u00e1s claras, incluyendo disparos de Claudia Pina, Vicky y Mariona.<\/p>\n<p>Ya en la segunda parte, Espa\u00f1a mantuvo el control y abri\u00f3 el marcador en el minuto 60 con un derechazo de Claudia Pina. <strong>Vicky ampli\u00f3 la ventaja con un gran remate<\/strong> y de nuevo Pina sentenci\u00f3 con una acci\u00f3n individual que dej\u00f3 el 3-0 definitivo.<\/p>\n<p><img loading=\"lazy\" decoding=\"async\" src=\"https:\/\/www.europesays.com\/es\/wp-content\/uploads\/2025\/12\/g7m_kiowyaa9k0kjpg_001.jpg\" width=\"660\" height=\"440\" alt=\"Vicky L\u00f3pez y Alexia Putellas celebran un gol en la final de la Nations League (EFE)\"\/><br \/>\nVicky L\u00f3pez y Alexia Putellas celebran un gol en la final de la Nations League (EFE)<\/p>\n<p><script async src=\"https:\/\/platform.twitter.com\/widgets.js\" charset=\"utf-8\"><\/script><\/p>\n","protected":false},"excerpt":{"rendered":"M\u00e1s noticias M\u00e1s de M\u00e1s noticias de Real Betis La imagen de Alexia Putellas y Vicky L\u00f3pez imitando&hellip;\n","protected":false},"author":2,"featured_media":269062,"comment_status":"","ping_status":"","sticky":false,"template":"","format":"standard","meta":{"footnotes":""},"categories":[268],"tags":[168,25,24,280,282,281,23,167],"class_list":{"0":"post-269061","1":"post","2":"type-post","3":"status-publish","4":"format-standard","5":"has-post-thumbnail","7":"category-futbol","8":"tag-deportes","9":"tag-es","10":"tag-espana","11":"tag-football","12":"tag-futbol","13":"tag-soccer","14":"tag-spain","15":"tag-sports"},"share_on_mastodon":{"url":"https:\/\/pubeurope.com\/@es\/115655911076489008","error":""},"_links":{"self":[{"href":"https:\/\/www.europesays.com\/es\/wp-json\/wp\/v2\/posts\/269061","targetHints":{"allow":["GET"]}}],"collection":[{"href":"https:\/\/www.europesays.com\/es\/wp-json\/wp\/v2\/posts"}],"about":[{"href":"https:\/\/www.europesays.com\/es\/wp-json\/wp\/v2\/types\/post"}],"author":[{"embeddable":true,"href":"https:\/\/www.europesays.com\/es\/wp-json\/wp\/v2\/users\/2"}],"replies":[{"embeddable":true,"href":"https:\/\/www.europesays.com\/es\/wp-json\/wp\/v2\/comments?post=269061"}],"version-history":[{"count":0,"href":"https:\/\/www.europesays.com\/es\/wp-json\/wp\/v2\/posts\/269061\/revisions"}],"wp:featuredmedia":[{"embeddable":true,"href":"https:\/\/www.europesays.com\/es\/wp-json\/wp\/v2\/media\/269062"}],"wp:attachment":[{"href":"https:\/\/www.europesays.com\/es\/wp-json\/wp\/v2\/media?parent=269061"}],"wp:term":[{"taxonomy":"category","embeddable":true,"href":"https:\/\/www.europesays.com\/es\/wp-json\/wp\/v2\/categories?post=269061"},{"taxonomy":"post_tag","embeddable":true,"href":"https:\/\/www.europesays.com\/es\/wp-json\/wp\/v2\/tags?post=269061"}],"curies":[{"name":"wp","href":"https:\/\/api.w.org\/{rel}","templated":true}]}}