{"id":269065,"date":"2025-12-03T13:39:24","date_gmt":"2025-12-03T13:39:24","guid":{"rendered":"https:\/\/www.europesays.com\/es\/269065\/"},"modified":"2025-12-03T13:39:24","modified_gmt":"2025-12-03T13:39:24","slug":"un-pequeno-departamento-de-35-m2-multiplica-su-espacio-con-soluciones-creativas","status":"publish","type":"post","link":"https:\/\/www.europesays.com\/es\/269065\/","title":{"rendered":"Un peque\u00f1o departamento de 35 m2 multiplica su espacio con soluciones creativas"},"content":{"rendered":"<p><strong>Este peque\u00f1o departamento demuestra c\u00f3mo cada elemento encuentra su lugar preciso en un equilibrio perfecto donde nada se deja al azar<\/strong><\/p>\n<p>\u00bfQu\u00e9 tan extraordinario puede ser vivir en tan solo unos metros cuadrados cuando cada cent\u00edmetro est\u00e1 cuidadosamente dise\u00f1ado para satisfacer todas las necesidades? A menudo es precisamente el espacio limitado el que inspira soluciones creativas, capaces de transformar las limitaciones en oportunidades. Este es el caso de este <strong>peque\u00f1o departamento<\/strong> <strong>de tan solo 35 metros cuadrados en Kreuzberg, Berl\u00edn,<\/strong> dise\u00f1ado por COES Studio en colaboraci\u00f3n con el dise\u00f1ador y propietario Guillaume Vaslin. Ubicado en la primera planta de un edificio de estilo altbau, la vivienda conservaba las geometr\u00edas irregulares t\u00edpicas de principios del siglo XX: habitaciones fragmentadas, rincones con poca luz y circulaci\u00f3n ineficiente, caracter\u00edsticas que dificultaban su uso diario. El reto del proyecto no era solo est\u00e9tico, sino profundamente funcional: \u201credefinir el espacio, crear recorridos fluidos y realzar cada rinc\u00f3n para multiplicar la percepci\u00f3n de amplitud\u201d.<\/p>\n<p><img decoding=\"async\" alt=\"Un hombre y una mujer sentados en un sill\u00f3n blanco\" loading=\"lazy\" class=\"ResponsiveImageContainer-eNxvmU cfBbTk responsive-image__image\"   src=\"https:\/\/www.europesays.com\/es\/wp-content\/uploads\/2025\/12\/RR_Lausitzer_Platz-10.jpg\"\/><\/p>\n<p>Riccardo Rudi<\/p>\n<p>La inspiraci\u00f3n viene de Par\u00eds y Tokio<\/p>\n<p><strong>La renovaci\u00f3n reorganiz\u00f3 el peque\u00f1o departamento con el objetivo de aportar orden, luz y calidez<\/strong>, transformando cada rinc\u00f3n en una experiencia de vida m\u00e1s armoniosa. El proyecto se inspira en ciudades como Par\u00eds y Tokio, donde la capacidad de vivir bien en espacios reducidos foment\u00f3 una cultura de optimizaci\u00f3n y atenci\u00f3n al detalle. Aqu\u00ed, cada elecci\u00f3n est\u00e1 pensada para hacer el entorno m\u00e1s acogedor y funcional: desde las superficies reflectantes hasta la disposici\u00f3n del mobiliario y los sistemas de almacenamiento integrados, todo contribuye a crear un equilibrio entre est\u00e9tica y practicidad. Vivir en 35 metros cuadrados no se trata de limitarse: significa descubrir c\u00f3mo el ingenio y el dise\u00f1o pueden transformar incluso el m\u00e1s peque\u00f1o de los espacios en un hogar generoso y sorprendentemente habitable.<\/p>\n<p><img decoding=\"async\" alt=\"Recmara peque\u00f1a con detalles de madera\" loading=\"lazy\" class=\"ResponsiveImageContainer-eNxvmU cfBbTk responsive-image__image\"   src=\"https:\/\/www.europesays.com\/es\/wp-content\/uploads\/2025\/12\/RR_Lausitzer_Platz-2.jpeg\"\/><\/p>\n<p>Riccardo Rudi<\/p>\n<p>Muros equipados y plataformas m\u00f3viles<\/p>\n<p>En el coraz\u00f3n del proyecto se encuentra un volumen arquitect\u00f3nico continuo que recorre la pared opuesta a la cocina, concebido como un verdadero elemento multifuncional capaz de albergar las principales actividades de la vida cotidiana. Con sus 60 cent\u00edmetros de profundidad, esta \u00absegunda capa\u00bb integra con elegancia la cama, una librer\u00eda y un sof\u00e1 sobre una plataforma m\u00f3vil. El exterior se presenta como una pared uniforme, solo interrumpida por amplios <a href=\"https:\/\/www.admagazine.com\/articulos\/ideas-de-almacenamiento-ideas-increibles-para-espacios-pequenos\" target=\"_blank\" rel=\"nofollow noopener\">espacios de almacenamiento<\/a> ocultos por un ingenioso sistema de \u00abempujar y abrir\u00bb para mantener el orden y la ligereza visual. La soluci\u00f3n recuerda la \u2018c\u00e9lula viva\u2019 de Le Corbusier y la po\u00e9tica funcionalidad de la \u2018Habitaci\u00f3n para un hombre\u2019 de Franco Albini, donde cada objeto tiene su lugar preciso y nada se deja al azar.<\/p>\n","protected":false},"excerpt":{"rendered":"Este peque\u00f1o departamento demuestra c\u00f3mo cada elemento encuentra su lugar preciso en un equilibrio perfecto donde nada se&hellip;\n","protected":false},"author":2,"featured_media":269066,"comment_status":"","ping_status":"","sticky":false,"template":"","format":"standard","meta":{"footnotes":""},"categories":[173],"tags":[229,233,231,230,9258,8372,232,234,146,147,25,24,23],"class_list":{"0":"post-269065","1":"post","2":"type-post","3":"status-publish","4":"format-standard","5":"has-post-thumbnail","7":"category-arte-y-diseno","8":"tag-arte","9":"tag-arte-y-diseno","10":"tag-arts","11":"tag-arts-and-design","12":"tag-casas-pequenas","13":"tag-decoracion","14":"tag-design","15":"tag-diseno","16":"tag-entertainment","17":"tag-entretenimiento","18":"tag-es","19":"tag-espana","20":"tag-spain"},"share_on_mastodon":{"url":"https:\/\/pubeurope.com\/@es\/115655918773835733","error":""},"_links":{"self":[{"href":"https:\/\/www.europesays.com\/es\/wp-json\/wp\/v2\/posts\/269065","targetHints":{"allow":["GET"]}}],"collection":[{"href":"https:\/\/www.europesays.com\/es\/wp-json\/wp\/v2\/posts"}],"about":[{"href":"https:\/\/www.europesays.com\/es\/wp-json\/wp\/v2\/types\/post"}],"author":[{"embeddable":true,"href":"https:\/\/www.europesays.com\/es\/wp-json\/wp\/v2\/users\/2"}],"replies":[{"embeddable":true,"href":"https:\/\/www.europesays.com\/es\/wp-json\/wp\/v2\/comments?post=269065"}],"version-history":[{"count":0,"href":"https:\/\/www.europesays.com\/es\/wp-json\/wp\/v2\/posts\/269065\/revisions"}],"wp:featuredmedia":[{"embeddable":true,"href":"https:\/\/www.europesays.com\/es\/wp-json\/wp\/v2\/media\/269066"}],"wp:attachment":[{"href":"https:\/\/www.europesays.com\/es\/wp-json\/wp\/v2\/media?parent=269065"}],"wp:term":[{"taxonomy":"category","embeddable":true,"href":"https:\/\/www.europesays.com\/es\/wp-json\/wp\/v2\/categories?post=269065"},{"taxonomy":"post_tag","embeddable":true,"href":"https:\/\/www.europesays.com\/es\/wp-json\/wp\/v2\/tags?post=269065"}],"curies":[{"name":"wp","href":"https:\/\/api.w.org\/{rel}","templated":true}]}}