{"id":269075,"date":"2025-12-03T13:45:12","date_gmt":"2025-12-03T13:45:12","guid":{"rendered":"https:\/\/www.europesays.com\/es\/269075\/"},"modified":"2025-12-03T13:45:12","modified_gmt":"2025-12-03T13:45:12","slug":"la-gripe-se-dispara-antes-de-lo-habitual-en-espana-y-ya-tensiona-los-centros-sanitarios-en-varias-comunidades-autonomas-sociedad","status":"publish","type":"post","link":"https:\/\/www.europesays.com\/es\/269075\/","title":{"rendered":"La gripe se dispara antes de lo habitual en Espa\u00f1a y ya tensiona los centros sanitarios en varias comunidades aut\u00f3nomas | Sociedad"},"content":{"rendered":"<p>En las consultas de atenci\u00f3n primaria, <a href=\"https:\/\/cadenaser.com\/nacional\/2025\/11\/21\/los-casos-de-gripe-por-la-nueva-variante-se-disparan-y-los-expertos-urgen-a-vacunarse-ya-cadena-ser\/\" target=\"_blank\" rel=\"noreferrer nofollow noopener\" title=\"https:\/\/cadenaser.com\/nacional\/2025\/11\/21\/los-casos-de-gripe-por-la-nueva-variante-se-disparan-y-los-expertos-urgen-a-vacunarse-ya-cadena-ser\/\">la gripe se ha impuesto ya al resto de infecciones respiratorias<\/a>. Empieza a complicarse en varias comunidades aut\u00f3nomas \u2014sobre todo del norte del pa\u00eds\u2014 y se van tensionando las urgencias, los centros de salud y en los hospitales. Un repunte que llega mucho antes de lo habitual \u2014tres o cuatro semanas antes que en a\u00f1os anteriores\u2014 y con un nivel de propagaci\u00f3n elevado debido a la circulaci\u00f3n de la nueva variante conocida como subclado K de la gripe A (H3N2).<\/p>\n<p>M\u00e1s informaci\u00f3n<\/p>\n<p><a href=\"https:\/\/cadenaser.com\/nacional\/2025\/11\/27\/la-gripe-alcanza-ya-la-fase-de-epidemia-tras-un-nuevo-incremento-de-casos-la-ultima-semana-cadena-ser\/\" target=\"_blank\" rel=\"noreferrer nofollow noopener\" title=\"https:\/\/cadenaser.com\/nacional\/2025\/11\/27\/la-gripe-alcanza-ya-la-fase-de-epidemia-tras-un-nuevo-incremento-de-casos-la-ultima-semana-cadena-ser\/\">Los contagios han llegado ya a fase epid\u00e9mica<\/a>, con una tasa en Atenci\u00f3n Primaria de 112,2 casos por cada 10.000 habitantes frente a los 12,8, que hubo en el mismo periodo el a\u00f1o pasado. El doctor Lorenzo Armentores, desde Galicia, asegura que en la \u00faltima semana, se ha confirmado que la mayor\u00eda de casos corresponde a la gripe A. <\/p>\n<p>Los casos est\u00e1n creciendo, particularmente entre los menores de edad, y ante el temor de estos salten al resto de la poblaci\u00f3n, los expertos instan a la poblaci\u00f3n a vacunarse antes de que llegue el pico de incidencia en el periodo vacacional de Navidad. \u00abEs previsible que tengamos un pico epid\u00e9mico al final del mes de diciembre, donde, adem\u00e1s, se une la situaci\u00f3n de agregaci\u00f3n de familias\u00bb, se\u00f1ala el experto Jos\u00e9 Mar\u00eda Molero. <\/p>\n<p>El a\u00f1o pasado, murieron en Espa\u00f1a 3.300 personas a causa de una infecci\u00f3n respiratoria, de las cuales 1.800 fallecieron por gripe. Para prevenir este escenario este a\u00f1o, el Ministerio de Sanidad debate este mi\u00e9rcoles <a href=\"https:\/\/cadenaser.com\/nacional\/2025\/11\/26\/sanidad-insta-a-las-comunidades-a-pactar-un-protocolo-comun-para-frenar-el-aumento-de-la-gripe-cadena-ser\/\" target=\"_blank\" rel=\"noreferrer nofollow noopener\" title=\"https:\/\/cadenaser.com\/nacional\/2025\/11\/26\/sanidad-insta-a-las-comunidades-a-pactar-un-protocolo-comun-para-frenar-el-aumento-de-la-gripe-cadena-ser\/\">el protocolo com\u00fan para mitigar los efectos<\/a> con el resto de comunidades aut\u00f3nomas. <\/p>\n<p>Esperan que, aunque el documento es pr\u00e1cticamente el mismo que fracas\u00f3 el a\u00f1o pasado por el veto del PP, esta vez faciliten la aprobaci\u00f3n de este plan de actuaci\u00f3n conjunto para minimizar los ingresos hospitalarios y los fallecimientos, dando confianza a la ciudadan\u00eda. <\/p>\n<p>Sanidad conf\u00eda en que \u00absalga adelante\u00bb el protocolo com\u00fan<\/p>\n<p>La ministra de Sanidad, M\u00f3nica Garc\u00eda, espera que las comunidades aut\u00f3nomas del Partido Popular apoyen en la Comisi\u00f3n de Salud P\u00fablica este mi\u00e9rcoles el protocolo com\u00fan de medidas para mitigar el impacto de los virus respiratorios. Entre ellas, el uso de mascarilla en centros sanitarios y residencias, en las que \u00abante situaciones complicadas\u00bb se podr\u00e1 incluso reducir o suspender visitas.<\/p>\n<p>Garc\u00eda asegur\u00f3 que \u00abestamos en un momento en el que la gripe en Espa\u00f1a y en Europa est\u00e1 subiendo. En Espa\u00f1a ya hemos pasado los m\u00e1rgenes que se consideran como epidemia\u00bb. Por ello, continu\u00f3, \u00abdesde el ministerio siempre hemos impulsado un protocolo conjunto con todas las comunidades aut\u00f3nomas para poder afrontar otro a\u00f1o m\u00e1s una epidemia de gripe. Sin embargo, el a\u00f1o pasado no pudimos tenerlo porque las comunidades gobernadas por el Partido Popular lo vetaron y bloquearon\u00bb. <\/p>\n<p><img loading=\"lazy\" decoding=\"async\" src=\"https:\/\/www.europesays.com\/es\/wp-content\/uploads\/2025\/12\/https:\/\/sdmedia.playser.cadenaser.com\/playser\/image\/20251\/09\/1736436351789_1736436437_asset_still.jp.jpeg\" width=\"16\" height=\"9\"\/><\/p>\n","protected":false},"excerpt":{"rendered":"En las consultas de atenci\u00f3n primaria, la gripe se ha impuesto ya al resto de infecciones respiratorias. Empieza&hellip;\n","protected":false},"author":2,"featured_media":204192,"comment_status":"","ping_status":"","sticky":false,"template":"","format":"standard","meta":{"footnotes":""},"categories":[92],"tags":[25,24,165,166,23],"class_list":{"0":"post-269075","1":"post","2":"type-post","3":"status-publish","4":"format-standard","5":"has-post-thumbnail","7":"category-salud","8":"tag-es","9":"tag-espana","10":"tag-health","11":"tag-salud","12":"tag-spain"},"share_on_mastodon":{"url":"https:\/\/pubeurope.com\/@es\/115655942719374433","error":""},"_links":{"self":[{"href":"https:\/\/www.europesays.com\/es\/wp-json\/wp\/v2\/posts\/269075","targetHints":{"allow":["GET"]}}],"collection":[{"href":"https:\/\/www.europesays.com\/es\/wp-json\/wp\/v2\/posts"}],"about":[{"href":"https:\/\/www.europesays.com\/es\/wp-json\/wp\/v2\/types\/post"}],"author":[{"embeddable":true,"href":"https:\/\/www.europesays.com\/es\/wp-json\/wp\/v2\/users\/2"}],"replies":[{"embeddable":true,"href":"https:\/\/www.europesays.com\/es\/wp-json\/wp\/v2\/comments?post=269075"}],"version-history":[{"count":0,"href":"https:\/\/www.europesays.com\/es\/wp-json\/wp\/v2\/posts\/269075\/revisions"}],"wp:featuredmedia":[{"embeddable":true,"href":"https:\/\/www.europesays.com\/es\/wp-json\/wp\/v2\/media\/204192"}],"wp:attachment":[{"href":"https:\/\/www.europesays.com\/es\/wp-json\/wp\/v2\/media?parent=269075"}],"wp:term":[{"taxonomy":"category","embeddable":true,"href":"https:\/\/www.europesays.com\/es\/wp-json\/wp\/v2\/categories?post=269075"},{"taxonomy":"post_tag","embeddable":true,"href":"https:\/\/www.europesays.com\/es\/wp-json\/wp\/v2\/tags?post=269075"}],"curies":[{"name":"wp","href":"https:\/\/api.w.org\/{rel}","templated":true}]}}