{"id":269086,"date":"2025-12-03T13:51:16","date_gmt":"2025-12-03T13:51:16","guid":{"rendered":"https:\/\/www.europesays.com\/es\/269086\/"},"modified":"2025-12-03T13:51:16","modified_gmt":"2025-12-03T13:51:16","slug":"publicacion-de-los-resultados-de-la-prueba-de-catalan-y-convocatoria-de-la-segunda-prueba-del-proceso-selectivo-del-cuerpo-superior-de-tecnicos-tributarios-convocatoria-atc04-agencia-tributaria-de","status":"publish","type":"post","link":"https:\/\/www.europesays.com\/es\/269086\/","title":{"rendered":"Publicaci\u00f3n de los resultados de la prueba de catal\u00e1n y convocatoria de la segunda prueba del proceso selectivo del cuerpo superior de t\u00e9cnicos tributarios (convocatoria ATC04). Agencia Tributaria de Catalu\u00f1a"},"content":{"rendered":"<p>&#13;<br \/>\n                            03\/12\/2025&#13;\n                        <\/p>\n<p>Se ha publicado el <a href=\"https:\/\/atc.gencat.cat\/web\/.content\/atc-convoc\/ATC04-cstt\/20251201_AcordTQ_CA.pdf\" rel=\"nofollow noopener\" target=\"_blank\">Acuerdo del Tribunal Calificador<\/a>, de 27 de noviembre de 2025, por el que se aprueban y se publican las calificaciones de la primera prueba (lengua catalana) y se convoca a la segunda prueba (primer y segundo ejercicio: tests de conocimientos) del proceso selectivo para cubrir 20 plazas del cuerpo superior de t\u00e9cnicos tributarios de la Generalitat de Catalunya (grupo A, subgrupo A1) (n\u00fam. de registro de la convocatoria ATC04).<\/p>\n<p>Esta informaci\u00f3n se puede consultar en el apartado\u00a0<a href=\"https:\/\/atc.gencat.cat\/es\/agencia\/convoc\/cossostributaris\/cstt\/index.html\" rel=\"nofollow noopener\" target=\"_blank\">Procesos selectivos\u00a0<\/a>de la sede electr\u00f3nica de la Agencia Tributaria de Catalu\u00f1a (ATC) y en el\u00a0<a href=\"https:\/\/tauler.seu-e.cat\/detall?idEns=1&amp;idEdicte=601295\" target=\"_blank\" rel=\"noopener nofollow\">Tabl\u00f3n de anuncios electr\u00f3nico\u00a0<\/a>(e-Tauler).<\/p>\n<p><strong>Calificaciones de la primera prueba (lengua catalana)<\/strong><\/p>\n<ul>\n<li>Lista de personas aptas<\/li>\n<li>Lista de personas no aptas<\/li>\n<li>Lista de personas no presentadas<\/li>\n<\/ul>\n<p>El plazo para presentar <strong>alegaciones y pedir revisi\u00f3n<\/strong> de la prueba es <strong>del 4 al 18 de diciembre del 2025<\/strong>, ambos incluidos, a trav\u00e9s del formulario: <a href=\"https:\/\/web.gencat.cat\/ca\/tramits\/tramits-temes\/24237-oposicions-ATC04-cstt?category=&amp;moda=2\" target=\"_blank\" rel=\"noopener nofollow\">Presentar escritos, documentos y enmiendas<\/a>, disponible en la web de Tr\u00e0mits gencat (hay que especificar Primera prueba en el apartado \u201cSolicito\u201d).<\/p>\n<p>El plazo para presentar <strong>recurso de alzada<\/strong> es <strong>del 4 de diciembre del 2025 al 5 de enero del 2026<\/strong>, ambos incluidos, a trav\u00e9s del formulario <a href=\"https:\/\/web.gencat.cat\/ca\/tramits\/tramits-temes\/24237-oposicions-ATC04-cstt?category=7257a24a-a82c-11e3-a972-000c29052e2c&amp;moda=3\" target=\"_blank\" rel=\"noopener nofollow\">Presentar un recurso administrativo<\/a>, disponible en la web de Tr\u00e0mits gencat (hay que especificar Primera prueba en el apartado \u201cexpongo\u201d).<\/p>\n<p><strong>Segunda prueba (tests de conocimientos)<\/strong><\/p>\n<p>Se convoca a las personas aspirantes a la realizaci\u00f3n de la segunda prueba (primer y segundo ejercicio: tests de conocimientos) el d\u00eda <strong>20 de diciembre de 2025<\/strong>, a las <strong>9.30 h<\/strong>.<\/p>\n<p>El lugar de realizaci\u00f3n de la prueba es el <a href=\"https:\/\/www.google.com\/maps\/place\/Espai+Bital\/@41.4300463,2.1561344,15z\/data=!3m1!4b1!4m6!3m5!1s0x12a49995dc2fe09d:0x226f0bedabf03b8d!8m2!3d41.3512972!4d2.1240366!16s%2Fg%2F11h32hgsqm?entry=ttu&amp;g_ep=EgoyMDI1MTExNy4wIKXMDSoASAFQAw%3D%3D\" target=\"_blank\" rel=\"noopener nofollow\">Espai Bital<\/a>, c. de Jos\u00e9 Agust\u00edn Goytisolo, 22-28, 08908 L&#8217;Hospitalet de Llobregat, Barcelona.<\/p>\n<p>\t\t\t<img loading=\"lazy\" decoding=\"async\" src=\"https:\/\/www.europesays.com\/es\/wp-content\/uploads\/2025\/10\/examen-Th-ATC-400x110.jpg_444394547.jpg\" width=\"400\" height=\"110\" alt=\"Imagen decorativa\" class=\"widthResponsiveATC\"\/><\/p>\n","protected":false},"excerpt":{"rendered":"&#13; 03\/12\/2025&#13; Se ha publicado el Acuerdo del Tribunal Calificador, de 27 de noviembre de 2025, por el&hellip;\n","protected":false},"author":2,"featured_media":183488,"comment_status":"","ping_status":"","sticky":false,"template":"","format":"standard","meta":{"footnotes":""},"categories":[5],"tags":[17,18,25,24,13,14,11,19,20,9,10,15,16,23,12,21,22],"class_list":{"0":"post-269086","1":"post","2":"type-post","3":"status-publish","4":"format-standard","5":"has-post-thumbnail","7":"category-titulares","8":"tag-breaking-news","9":"tag-breakingnews","10":"tag-es","11":"tag-espana","12":"tag-featured-news","13":"tag-featurednews","14":"tag-headlines","15":"tag-latest-news","16":"tag-latestnews","17":"tag-news","18":"tag-noticias","19":"tag-noticias-destacadas","20":"tag-noticiasdestacadas","21":"tag-spain","22":"tag-titulares","23":"tag-ultimas-noticias","24":"tag-ultimasnoticias"},"share_on_mastodon":{"url":"https:\/\/pubeurope.com\/@es\/115655966144633306","error":""},"_links":{"self":[{"href":"https:\/\/www.europesays.com\/es\/wp-json\/wp\/v2\/posts\/269086","targetHints":{"allow":["GET"]}}],"collection":[{"href":"https:\/\/www.europesays.com\/es\/wp-json\/wp\/v2\/posts"}],"about":[{"href":"https:\/\/www.europesays.com\/es\/wp-json\/wp\/v2\/types\/post"}],"author":[{"embeddable":true,"href":"https:\/\/www.europesays.com\/es\/wp-json\/wp\/v2\/users\/2"}],"replies":[{"embeddable":true,"href":"https:\/\/www.europesays.com\/es\/wp-json\/wp\/v2\/comments?post=269086"}],"version-history":[{"count":0,"href":"https:\/\/www.europesays.com\/es\/wp-json\/wp\/v2\/posts\/269086\/revisions"}],"wp:featuredmedia":[{"embeddable":true,"href":"https:\/\/www.europesays.com\/es\/wp-json\/wp\/v2\/media\/183488"}],"wp:attachment":[{"href":"https:\/\/www.europesays.com\/es\/wp-json\/wp\/v2\/media?parent=269086"}],"wp:term":[{"taxonomy":"category","embeddable":true,"href":"https:\/\/www.europesays.com\/es\/wp-json\/wp\/v2\/categories?post=269086"},{"taxonomy":"post_tag","embeddable":true,"href":"https:\/\/www.europesays.com\/es\/wp-json\/wp\/v2\/tags?post=269086"}],"curies":[{"name":"wp","href":"https:\/\/api.w.org\/{rel}","templated":true}]}}