{"id":269116,"date":"2025-12-03T14:20:15","date_gmt":"2025-12-03T14:20:15","guid":{"rendered":"https:\/\/www.europesays.com\/es\/269116\/"},"modified":"2025-12-03T14:20:15","modified_gmt":"2025-12-03T14:20:15","slug":"mas-montana-y-tramos-ineditos","status":"publish","type":"post","link":"https:\/\/www.europesays.com\/es\/269116\/","title":{"rendered":"m\u00e1s monta\u00f1a y tramos in\u00e9ditos"},"content":{"rendered":"<p data-gtm-element-container=\"modulo-texto-link\" class=\"paragraph\">La <strong>Casa \u00c1rabe<\/strong>, en el centro de Madrid, ha sido el ic\u00f3nico escenario escogido para la presentaci\u00f3n de la <strong>\u0160koda Titan Desert Morocco 2026<\/strong>. Un acto que ha contado con la presencia de los organizadores de la prueba, as\u00ed como ilustres &#8216;titanes&#8217; que se han hecho con la victoria en diferentes pruebas del universo Titan World Series.<\/p>\n<p data-gtm-element-container=\"modulo-texto-link\" class=\"paragraph\">La pasada edici\u00f3n de la \u0160koda Titan Desert, <a href=\"https:\/\/www.mundodeportivo.com\/solobici\/20250506\/1002458782\/andrey-amador-pilar-fernandez-ganan-skoda-titan-desert-2025.html\" title=\"Andrey Amador y Pilar Fern\u00e1ndez ganan la \u0160koda Titan Desert 2025\" target=\"_blank\" rel=\"nofollow noopener\">cumpliendo su vig\u00e9simo aniversario<\/a>, estuvo marcada por los homenajes a los pioneros de la prueba y el recorrido se caracteriz\u00f3 por la abundancia de desierto y arena.<\/p>\n<p data-gtm-element-container=\"modulo-texto-link\" class=\"paragraph\">En esta ocasi\u00f3n se recupera el dise\u00f1o cl\u00e1sico del recorrido, con un inicio muy monta\u00f1oso que parte desde la Cordillera del Atlas y, progresivamente, ir\u00e1 acercando al campamento a las dunas del desierto.<\/p>\n<p>                <img loading=\"lazy\" decoding=\"async\" data-full-src=\"https:\/\/www.mundodeportivo.com\/uploads\/2025\/12\/03\/69300777083b1.jpeg\" alt=\"\u0160koda Titan Desert Morocco 2026.\" width=\"449\" height=\"299\" src=\"https:\/\/www.europesays.com\/es\/wp-content\/uploads\/2025\/12\/69300777083b1.jpeg\" class=\"lazy\"\/><\/p>\n<p class=\"caption-title \">\u0160koda Titan Desert Morocco 2026.<\/p>\n<p>                    MARTI MILLA<\/p>\n<p data-gtm-element-container=\"modulo-texto-link\" class=\"paragraph\">Un terreno muy accidentado que recupera la esencia de la Titan Desert como desaf\u00edo de ultradistancia, con cuatro de sus seis etapas por encima de 95 km de extensi\u00f3n. As\u00ed, en total, ser\u00e1n <strong>590 km y algo m\u00e1s de 6.000 metros de desnivel<\/strong> repartidos en sus habituales 6 etapas, hasta la m\u00edtica meta final en Maadid, donde se har\u00e1 entrega de las piedras f\u00f3siles de finishers.<\/p>\n<p>        Lee tambi\u00e9n<\/p>\n<p>    JORGE PADRONES<\/p>\n<p>             <img loading=\"lazy\" decoding=\"async\" data-full-src=\"https:\/\/www.mundodeportivo.com\/uploads\/2025\/05\/14\/68249ebeb24ef.jpeg\" alt=\"Skoda Titan Desert 2025.\" width=\"334\" height=\"164\" src=\"https:\/\/www.europesays.com\/es\/wp-content\/uploads\/2025\/12\/68249ebeb24ef.r_d.598-415.jpeg\" class=\"lazy\"\/><\/p>\n<p>DEL ATLAS A LAS DUNAS<\/p>\n<p data-gtm-element-container=\"modulo-texto-link\" class=\"paragraph\">La primera etapa ser\u00e1 todo un desaf\u00edo para los participantes. <strong>98 km<\/strong> en bucle en torno a\u00a0<strong>Boumalne Dades<\/strong>, con un recorrido muy monta\u00f1oso, tal y como demuestran sus m\u00e1s de 2.00 metros de desnivel positivo, la etapa con mayor ascensi\u00f3n acumulada de toda la carrera. Esta jornada inaugural integra adem\u00e1s el\u00a0<strong>\u0160koda Challenge<\/strong>, una ascensi\u00f3n cronometrada de casi 5 km que bonificar\u00e1 a los m\u00e1s r\u00e1pidos con 60 segundos de ventaja en la general. La pelea por la victoria final se librar\u00e1 desde el primer d\u00eda.<\/p>\n<p data-gtm-element-container=\"modulo-texto-link\" class=\"paragraph\">La segunda etapa aumenta el recorrido hasta<strong> superar los 100 km<\/strong> y de nuevo con un perfil muy quebrado: 1.500 m de desnivel. Ser\u00e1 la primera etapa lineal que llevar\u00e1 a los corredores al campamento itinerante, desde donde saldr\u00e1 la tercera etapa y primer parcial de la etapa marat\u00f3n. La Titan se convertir\u00e1 en un gran paisaje de planicies interminables, grandes palmerales y paisajes des\u00e9rticos.<\/p>\n<p>                <img loading=\"lazy\" decoding=\"async\" data-full-src=\"https:\/\/www.mundodeportivo.com\/uploads\/2025\/12\/03\/69300777dfbf5.jpeg\" alt=\"\u0160koda Titan Desert Morocco 2026.\" width=\"449\" height=\"299\" src=\"https:\/\/www.europesays.com\/es\/wp-content\/uploads\/2025\/12\/69300777dfbf5.jpeg\" class=\"lazy\"\/><\/p>\n<p class=\"caption-title \">\u0160koda Titan Desert Morocco 2026.<\/p>\n<p>                    MARTI MILLA<\/p>\n<p data-gtm-element-container=\"modulo-texto-link\" class=\"paragraph\">La cuarta etapa es considerada como la etapa reina y es la \u00fanica catalogada con la m\u00e1xima dificultad de la prueba: 5 sobre 5. <strong>Es la m\u00e1s larga<\/strong> (120 km) y el cansancio acumulado tras la noche en la haima com\u00fan y sin asistencia ser\u00e1 clave. Esta etapa se disputar\u00e1 sobre terreno in\u00e9dito en la historia de la Titan Desert, en un \u00e1rea muy popular para los aficionados al motor pero desconocido para los ciclistas.\u00a0\u00a0<\/p>\n<p data-gtm-element-container=\"modulo-texto-link\" class=\"paragraph\">En declaraciones a Solo Bici, <strong>Manuel Tajada<\/strong>, director t\u00e9cnico de la carrera, considera esta etapa como la clave para la general: \u00abser\u00e1 la etapa m\u00e1s dura y m\u00e1s larga, con un paso complicado sobre el km 40 y definir\u00e1 la clasificaci\u00f3n de esta edici\u00f3n\u00bb.<\/p>\n<p data-gtm-element-container=\"modulo-texto-link\" class=\"paragraph\">La <strong>quinta etapa<\/strong> incluye el cl\u00e1sico cruce por el cord\u00f3n de dunas, donde la habilidad rodando sobre la arena puede condicionar la victoria de la etapa. Una vez m\u00e1s, esta etapa integra el segmento de navegaci\u00f3n, donde cada corredor deber\u00e1 encontrar la forma de atravesar este espacio sin track ni se\u00f1alizaci\u00f3n alguna. Un escoyo final antes de encarar la etapa final en Maadid, eso s\u00ed, con m\u00e1s de <strong>70 km <\/strong>y de nuevo por terreno in\u00e9dito.\u00a0<\/p>\n<p data-gtm-element-container=\"modulo-texto-link\" class=\"paragraph\">\u00abPara todos los participantes, el paso de dunas supondr\u00e1 una dificultad extra, porque no est\u00e1n acostumbrados a este terreno. Para una participante amateur, las dunas de la quinta etapa ser\u00e1 el sector m\u00e1s exigente de la carrera\u00bb conclu\u00eda Tajada.<\/p>\n<p>                <img loading=\"lazy\" decoding=\"async\" data-full-src=\"https:\/\/www.mundodeportivo.com\/uploads\/2025\/12\/03\/69300773b5bda.jpeg\" alt=\"\u0160koda Titan Desert Morocco 2026.\" width=\"449\" height=\"299\" src=\"https:\/\/www.europesays.com\/es\/wp-content\/uploads\/2025\/12\/69300773b5bda.jpeg\" class=\"lazy\"\/><\/p>\n<p class=\"caption-title \">\u0160koda Titan Desert Morocco 2026.<\/p>\n<p data-gtm-element-container=\"modulo-texto-link\" class=\"paragraph\">Recuerda que las inscripciones para la carrera ya est\u00e1n activas <a href=\"https:\/\/skodatitandesertmorocco.titanworldseries.com\/\" rel=\"nofollow noreferrer noopener\" target=\"_blank\">a trav\u00e9s de la web oficial.\u00a0<\/a><\/p>\n<p data-gtm-element-container=\"modulo-texto-link\" class=\"paragraph\">En definitiva, la\u00a0<strong>\u0160koda Titan Desert Morocco 2026<\/strong> plantea un recorrido cl\u00e1sico y muy exigente en el que, sin embargo, sigue habiendo espacio para novedades y sorpresas.<\/p>\n","protected":false},"excerpt":{"rendered":"La Casa \u00c1rabe, en el centro de Madrid, ha sido el ic\u00f3nico escenario escogido para la presentaci\u00f3n de&hellip;\n","protected":false},"author":2,"featured_media":269117,"comment_status":"","ping_status":"","sticky":false,"template":"","format":"standard","meta":{"footnotes":""},"categories":[273],"tags":[313,312,168,25,24,23,167],"class_list":{"0":"post-269116","1":"post","2":"type-post","3":"status-publish","4":"format-standard","5":"has-post-thumbnail","7":"category-ciclismo","8":"tag-ciclismo","9":"tag-cycling","10":"tag-deportes","11":"tag-es","12":"tag-espana","13":"tag-spain","14":"tag-sports"},"share_on_mastodon":{"url":"https:\/\/pubeurope.com\/@es\/115656080110422669","error":""},"_links":{"self":[{"href":"https:\/\/www.europesays.com\/es\/wp-json\/wp\/v2\/posts\/269116","targetHints":{"allow":["GET"]}}],"collection":[{"href":"https:\/\/www.europesays.com\/es\/wp-json\/wp\/v2\/posts"}],"about":[{"href":"https:\/\/www.europesays.com\/es\/wp-json\/wp\/v2\/types\/post"}],"author":[{"embeddable":true,"href":"https:\/\/www.europesays.com\/es\/wp-json\/wp\/v2\/users\/2"}],"replies":[{"embeddable":true,"href":"https:\/\/www.europesays.com\/es\/wp-json\/wp\/v2\/comments?post=269116"}],"version-history":[{"count":0,"href":"https:\/\/www.europesays.com\/es\/wp-json\/wp\/v2\/posts\/269116\/revisions"}],"wp:featuredmedia":[{"embeddable":true,"href":"https:\/\/www.europesays.com\/es\/wp-json\/wp\/v2\/media\/269117"}],"wp:attachment":[{"href":"https:\/\/www.europesays.com\/es\/wp-json\/wp\/v2\/media?parent=269116"}],"wp:term":[{"taxonomy":"category","embeddable":true,"href":"https:\/\/www.europesays.com\/es\/wp-json\/wp\/v2\/categories?post=269116"},{"taxonomy":"post_tag","embeddable":true,"href":"https:\/\/www.europesays.com\/es\/wp-json\/wp\/v2\/tags?post=269116"}],"curies":[{"name":"wp","href":"https:\/\/api.w.org\/{rel}","templated":true}]}}