{"id":269120,"date":"2025-12-03T14:23:15","date_gmt":"2025-12-03T14:23:15","guid":{"rendered":"https:\/\/www.europesays.com\/es\/269120\/"},"modified":"2025-12-03T14:23:15","modified_gmt":"2025-12-03T14:23:15","slug":"si-gallagher-hubiera-nacido-en-tetuan-no-jugaria-en-el-atletico","status":"publish","type":"post","link":"https:\/\/www.europesays.com\/es\/269120\/","title":{"rendered":"Si Gallagher hubiera nacido en Tetu\u00e1n, no jugar\u00eda en el Atl\u00e9tico"},"content":{"rendered":"<p data-mrf-recirculation=\"Links P\u00e1rrafos\" class=\"ue-c-article__paragraph paragraph ue-c-article--first-letter-highlighted\"><strong>David Bernab\u00e9u, Pedro Riesco, Antonio Sanz, L\u00e1tigo Serrano, Pepe Pasqu\u00e9s y Emilio P\u00e9rez de Rozas<\/strong> han sido los tertulianos de este mi\u00e9rcoles en<strong> La Tribu<\/strong>, patrocinada por <strong>Sportium<\/strong> durante esta temporada, para analizar la victoria del <strong>Barcelona ante el Atl\u00e9tico<\/strong> y <strong><a href=\"https:\/\/www.marca.com\/radio\/2025\/12\/03\/roberto-gomez-claro-hay-ultimatum-real-madrid.html\" target=\"_blank\" rel=\"nofollow noopener\">lo que esperan del Real Madrid de Xabi Alonso ante el Athletic.<\/a><\/strong><\/p>\n<p data-mrf-recirculation=\"Links P\u00e1rrafos\" class=\"ue-c-article__paragraph paragraph\"><strong>David Bernab\u00e9u. <\/strong>\u00abEs un orgullo para la gente del Bar\u00e7a hacer una alineaci\u00f3n con nueve catalanes y ocho de La Mas\u00eda y ganar al Atl\u00e9tico de Madrid. Si no lo entiendes (a Varela), tienes un problema\u00bb.<\/p>\n<blockquote class=\"ue-c-article__blockquote\">\n<p>Es un orgullo para la gente del Bar\u00e7a hacer una alineaci\u00f3n con nueve catalanes y ocho de La Mas\u00eda y ganar al Atl\u00e9tico<\/p>\n<p>David Bernab\u00e9u, en La Tribu<\/p><\/blockquote>\n<p data-mrf-recirculation=\"Links P\u00e1rrafos\" class=\"ue-c-article__paragraph paragraph\"><strong>Pedro Riesco. <\/strong>\u00abEl Real Madrid tiene una plantilla tan mediocre al lado de la del Barcelona&#8230; Sin sus jugadores al 100%, el Barcelona le gana el partido al Atl\u00e9tico. \u00bfQu\u00e9 tiene que envidiar Pablo Barrios a Gallgher? Si Gallagher hubiera nacido en Tetu\u00e1n, no jugar\u00eda en el Atl\u00e9tico\u00bb.<\/p>\n<p><img decoding=\"async\" width=\"1980\" height=\"1114\" class=\"ue-c-article__image lazyload\" alt=\"Barcelona 3-1 Atl\u00e9tico: resumen y goles | LaLiga EA Sports (J19)\" loading=\"lazy\" src=\"https:\/\/www.europesays.com\/es\/wp-content\/uploads\/2025\/12\/692f678b6b8e1.jpeg\"\/><\/p>\n<p>Barcelona 3-1 Atl\u00e9tico: resumen y goles | LaLiga EA Sports (J19)<\/p>\n<p data-mrf-recirculation=\"Links P\u00e1rrafos\" class=\"ue-c-article__paragraph paragraph\"><strong>Antonio Sanz. <\/strong>\u00abEl Atl\u00e9tico perdi\u00f3 la oportunidad de dar un golpe a LaLiga. Ofensivamente, el Atl\u00e9tico no hizo nada\u00bb.<\/p>\n<blockquote class=\"ue-c-article__blockquote\">\n<p>\u00bfQu\u00e9 tiene que envidiar Pablo Barrios a Gallagher?<\/p>\n<p>Pedro Riesco, en La Tribu<br \/>\u200b<\/p><\/blockquote>\n<p data-mrf-recirculation=\"Links P\u00e1rrafos\" class=\"ue-c-article__paragraph paragraph\"><strong>L\u00e1tigo Serrano. <\/strong>\u00abVimos a los dos mejores equipos de LaLiga de largo. El Bar\u00e7a es el mejor y el Atl\u00e9tico ha mejorado mucho. Raphinha es el alma del equipo, tiene ADN Real Madrid; como dice Simeone, hace todo bien. Me parece un jugador perfecto y un tipo discreto. Si Pedri jugase en el Real Madrid ganar\u00eda cinco Champions\u00bb.<\/p>\n<p>Barcelona 3-1 Atl\u00e9tico: resumen y goles  LaLiga (J19)Sportian<\/p>\n<p>El momento de Juli\u00e1n \u00c1lvarez<\/p>\n<p data-mrf-recirculation=\"Links P\u00e1rrafos\" class=\"ue-c-article__paragraph paragraph\"><strong>Pepe Pasqu\u00e9s. <\/strong>\u00abJuli\u00e1n no apareci\u00f3, se vio a un Juli\u00e1n muy desaparecido en el partido contra el Barcelona. Giuliano tampoco estuvo\u00bb.<\/p>\n<p><img decoding=\"async\" width=\"1024\" height=\"682\" class=\"ue-c-article__image lazyload\" alt=\"Juli\u00e1n \u00c1lvarez disputa el bal\u00f3n ante Eric Garc\u00eda.\" loading=\"lazy\" src=\"https:\/\/www.europesays.com\/es\/wp-content\/uploads\/2025\/12\/692f5faf5786e.jpeg\"\/><\/p>\n<p>Juli\u00e1n \u00c1lvarez disputa el bal\u00f3n ante Eric Garc\u00eda.<\/p>\n<p data-mrf-recirculation=\"Links P\u00e1rrafos\" class=\"ue-c-article__paragraph paragraph\"><strong>Emilio P\u00e9rez de Rozas. <\/strong>\u00abEl Barcelona trat\u00f3 de sacarse de encima a Raphinha hace muy poco. Raphinha hizo todo lo imposible para jugar en el Bar\u00e7a y tuvo que oponerse a todos y pelear para quedarse\u00bb.<\/p>\n","protected":false},"excerpt":{"rendered":"David Bernab\u00e9u, Pedro Riesco, Antonio Sanz, L\u00e1tigo Serrano, Pepe Pasqu\u00e9s y Emilio P\u00e9rez de Rozas han sido los&hellip;\n","protected":false},"author":2,"featured_media":269121,"comment_status":"","ping_status":"","sticky":false,"template":"","format":"standard","meta":{"footnotes":""},"categories":[268],"tags":[168,25,24,280,282,281,23,167],"class_list":{"0":"post-269120","1":"post","2":"type-post","3":"status-publish","4":"format-standard","5":"has-post-thumbnail","7":"category-futbol","8":"tag-deportes","9":"tag-es","10":"tag-espana","11":"tag-football","12":"tag-futbol","13":"tag-soccer","14":"tag-spain","15":"tag-sports"},"share_on_mastodon":{"url":"https:\/\/pubeurope.com\/@es\/115656091867768972","error":""},"_links":{"self":[{"href":"https:\/\/www.europesays.com\/es\/wp-json\/wp\/v2\/posts\/269120","targetHints":{"allow":["GET"]}}],"collection":[{"href":"https:\/\/www.europesays.com\/es\/wp-json\/wp\/v2\/posts"}],"about":[{"href":"https:\/\/www.europesays.com\/es\/wp-json\/wp\/v2\/types\/post"}],"author":[{"embeddable":true,"href":"https:\/\/www.europesays.com\/es\/wp-json\/wp\/v2\/users\/2"}],"replies":[{"embeddable":true,"href":"https:\/\/www.europesays.com\/es\/wp-json\/wp\/v2\/comments?post=269120"}],"version-history":[{"count":0,"href":"https:\/\/www.europesays.com\/es\/wp-json\/wp\/v2\/posts\/269120\/revisions"}],"wp:featuredmedia":[{"embeddable":true,"href":"https:\/\/www.europesays.com\/es\/wp-json\/wp\/v2\/media\/269121"}],"wp:attachment":[{"href":"https:\/\/www.europesays.com\/es\/wp-json\/wp\/v2\/media?parent=269120"}],"wp:term":[{"taxonomy":"category","embeddable":true,"href":"https:\/\/www.europesays.com\/es\/wp-json\/wp\/v2\/categories?post=269120"},{"taxonomy":"post_tag","embeddable":true,"href":"https:\/\/www.europesays.com\/es\/wp-json\/wp\/v2\/tags?post=269120"}],"curies":[{"name":"wp","href":"https:\/\/api.w.org\/{rel}","templated":true}]}}