{"id":269128,"date":"2025-12-03T14:29:24","date_gmt":"2025-12-03T14:29:24","guid":{"rendered":"https:\/\/www.europesays.com\/es\/269128\/"},"modified":"2025-12-03T14:29:24","modified_gmt":"2025-12-03T14:29:24","slug":"es-un-logro-cinematografico-apabullante","status":"publish","type":"post","link":"https:\/\/www.europesays.com\/es\/269128\/","title":{"rendered":"Es un logro cinematogr\u00e1fico apabullante"},"content":{"rendered":"<p>Quedan apenas <strong>dos semanas para su estreno<\/strong>, pero buena parte de la prensa especializada ya ha podido ver la tercera parte del periplo de <a href=\"https:\/\/okdiario.com\/trailer\/james-cameron-no-cree-que-netflix-deba-participar-oscar-si-no-tiene-estreno-significativo-cines-15824691\" rel=\"nofollow noopener\" target=\"_blank\">James Cameron<\/a> por Pandora. Una entrega que corre el riesgo de no convertirse en <strong>un fen\u00f3meno taquillero<\/strong> a la altura de sus dos antecesoras, siendo lastrada por el abultado presupuesto que siempre poseen este tipo de blockbusters. Sin embargo, el regreso oscuro de los Na\u2019vi podr\u00eda tener un impulso extra gracias a <a href=\"https:\/\/okdiario.com\/trailer\/guillermo-del-toro-ya-visto-avatar-3-opinion-clara-va-sorprender-mucha-gente-15734580\" rel=\"nofollow noopener\" target=\"_blank\">las primeras rese\u00f1as<\/a> de los principales medios que ya han podido disfrutarla en primicia. La sorpresa es evidente y generalizada, <strong>Avatar: Fuego y ceniza<\/strong> es un triunfo para la cr\u00edtica, volviendo a poner el foco en la concepci\u00f3n m\u00e1s espectacular de la experiencia cinematogr\u00e1fica.<\/p>\n<p><img loading=\"lazy\" decoding=\"async\" class=\"wp-image-15746536 size-medium\" alt=\"Avatar Fuego y ceniza cr\u00edtica\" width=\"620\" height=\"349\"  src=\"https:\/\/www.europesays.com\/es\/wp-content\/uploads\/2025\/12\/3eohdj22ivrcbxfpeueha3_cropped-620x349.jpg\" \/> \u2018Avatar: Fuego y ceniza\u2019 (Walt Disney Pictures).<\/p>\n<p>\u00abEspect\u00e1culo cinematogr\u00e1fico definitivo\u00bb, \u00abfuera de este mundo\u00bb, \u00abobra maestra visual\u00bb o \u00abuna pel\u00edcula fenomenal en todos los sentidos\u00bb son, algunos de los piropos lanzados por los periodistas tras la proyecci\u00f3n del preestreno de la cinta en el<strong> Dolby Theatre de Los \u00c1ngeles<\/strong>. Avatar: Fuego y ceniza posee una inversi\u00f3n econ\u00f3mica de 250 millones de d\u00f3lares, siendo estas unas cifras incompatibles con la desaprobaci\u00f3n de la cr\u00edtica general, pues la recaudaci\u00f3n de la historia va a necesitar ser al menos de <strong>800 a 1.000 millones<\/strong> para no generar p\u00e9rdidas en las arcas de Disney. Las expectativas financieras sobre la propiedad intelectual son tan exigentes como la propia huella que dejaron el largometraje original y la secuela. Ambas forman parte del podio (junto a <a href=\"https:\/\/okdiario.com\/cine\/camino-hacia-avengers-endgame-vengadores-madre-todas-peliculas-3964658\" rel=\"nofollow noopener\" target=\"_blank\">Vengadores: Endgame<\/a>) de<strong> las pel\u00edculas m\u00e1s taquilleras de la historia<\/strong>, aunando las dos m\u00e1s de 5.000 millones de d\u00f3lares en el box office.<\/p>\n<p><img loading=\"lazy\" decoding=\"async\" class=\"size-medium wp-image-15201732\" alt=\"pel\u00edcula m\u00e1s viral\" width=\"620\" height=\"349\"  src=\"https:\/\/www.europesays.com\/es\/wp-content\/uploads\/2025\/08\/avatar_3_2_cropped-620x349.jpg\" \/> \u2018Avatar: Fuego y ceniza\u2019 (Walt Disney Pictures).<\/p>\n<p>Avatar: Fuego y ceniza es <strong>el cap\u00edtulo m\u00e1s largo<\/strong> de la saga, con una duraci\u00f3n que alcanza las tres horas y media. En esta ocasi\u00f3n, la trama nos presentar\u00e1 al <strong>Pueblo de las Cenizas<\/strong>. Un clan Nav\u2019vi que a diferencia de lo que hemos visto hasta ahora, no conformar\u00e1 un grupo pac\u00edfico. Siendo un grupo que usar\u00e1 la violencia para conseguir sus objetivos, incluso si para ello debe terminar con los de su especie.<\/p>\n<p><img loading=\"lazy\" decoding=\"async\" class=\"wp-image-15179753 size-medium\" alt=\"Avatar Fuego y ceniza cr\u00edtica\" width=\"620\" height=\"349\"  src=\"https:\/\/www.europesays.com\/es\/wp-content\/uploads\/2025\/08\/avatar-3-fuego-cenizas-trailer-estreno_cropped-620x349.jpg\" \/> \u2018Avatar: Fuego y ceniza\u2019 (Walt Disney Pictures).<\/p>\n<p>Actores como Sam Worthington, Zoe Salda\u00f1a y Stephen Lang regresan a los papeles principales, mientras que <strong>Oona Chaplin<\/strong> representa una de las novedades del casting m\u00e1s notables, encarnando a Varang, la peligrosa y brutal l\u00edder del clan de la Ceniza.<\/p>\n<p>\u2018Avatar: Fuego y ceniza\u2019\u2026\u00bfqu\u00e9 dice la cr\u00edtica?<\/p>\n<p>Si atendemos a las opiniones publicadas en redes de los afortunados que ya han podido disfrutar de Avatar: Fuego y ceniza, encontramos a una cr\u00edtica general que vuelve a poner en valor el concepto de cine espect\u00e1culo que Cameron le quiere imprimir a su universo. Dot\u00e1ndolo de la grandeza \u00e9pica de otras sagas como Star Wars.<\/p>\n<p><img loading=\"lazy\" decoding=\"async\" class=\"size-medium wp-image-15179767\" alt=\"\" width=\"620\" height=\"349\"  src=\"https:\/\/www.europesays.com\/es\/wp-content\/uploads\/2025\/12\/vonhk5yvjncplbgvp42uighoam_cropped-620x349.jpg\" \/> \u2018Avatar: Fuego y ceniza\u2019 (Walt Disney Pictures).<\/p>\n<p>\u00abEs un logro cinematogr\u00e1fico apabullante y una pel\u00edcula fenomenal en todos los sentidos\u00bb, explica <strong>Jazz Tangcay para Variety<\/strong>. Y no es el \u00fanico que no encuentra debilidades en la nueva aproximaci\u00f3n al salvaje ecosistema de Pandora.<\/p>\n<p>Todd Gilchrist de Screen Rant cree que por el momento es un t\u00edtulo superior a las dos historias previas: \u00abEs la mejor-y sorprendentemente, la m\u00e1s intensa-de las tres entregas. La pel\u00edcula presenta una cinematograf\u00eda asombrosa de Cameron. Los fan\u00e1ticos de las dos anteriores estar\u00e1n muy contentos\u00bb.<\/p>\n<p><img loading=\"lazy\" decoding=\"async\" class=\"wp-image-15179757 size-medium\" alt=\"Avatar Fuego y ceniza cr\u00edtica\" width=\"620\" height=\"349\"  src=\"https:\/\/www.europesays.com\/es\/wp-content\/uploads\/2025\/12\/avatar-fire-and-ash-jake-sully_cropped-620x349.jpg\" \/> \u2018Avatar: Fuego y ceniza\u2019 (Walt Disney Pictures).<\/p>\n<p>Por contra y aunque valorando el logro audiovisual, la cr\u00edtica Kaitlyn Boot de Bleeding Cool sac\u00f3 a relucir los dos principales problemas que se repiten ya como un patr\u00f3n en la IP: <strong>la duraci\u00f3n excesiva y el uso del 3D<\/strong>.<\/p>\n<p>\u00bfCu\u00e1ndo se estrena?<\/p>\n<p>Avatar: Fuego y ceniza llegar\u00e1 a los cines de todo el mundo el pr\u00f3ximo <strong>19 de diciembre<\/strong>. \u00bfConseguir\u00e1 superar el estreno de la reciente Zootr\u00f3polis 2 o supondr\u00e1 el primer aviso del deterioro de la franquicia?<\/p>\n<p><img loading=\"lazy\" decoding=\"async\" class=\"size-medium wp-image-15853768\" alt=\"Avatar fuego ceniza\" width=\"620\" height=\"349\"  src=\"https:\/\/www.europesays.com\/es\/wp-content\/uploads\/2025\/12\/81928-h3_cropped-620x349.jpg\" \/> \u2018Avatar: Fuego y ceniza\u2019 (Walt Disney Pictures).<\/p>\n<p>Sea como fuere, Cameron ya planifica la filmaci\u00f3n de Avatar 4 y de Avatar 5, la cual est\u00e1 <strong>prevista para el 2031<\/strong>.<\/p>\n","protected":false},"excerpt":{"rendered":"Quedan apenas dos semanas para su estreno, pero buena parte de la prensa especializada ya ha podido ver&hellip;\n","protected":false},"author":2,"featured_media":269129,"comment_status":"","ping_status":"","sticky":false,"template":"","format":"standard","meta":{"footnotes":""},"categories":[169],"tags":[177,146,147,25,24,176,175,23],"class_list":{"0":"post-269128","1":"post","2":"type-post","3":"status-publish","4":"format-standard","5":"has-post-thumbnail","7":"category-cine","8":"tag-cine","9":"tag-entertainment","10":"tag-entretenimiento","11":"tag-es","12":"tag-espana","13":"tag-film","14":"tag-movies","15":"tag-spain"},"share_on_mastodon":{"url":"https:\/\/pubeurope.com\/@es\/115656116018535216","error":""},"_links":{"self":[{"href":"https:\/\/www.europesays.com\/es\/wp-json\/wp\/v2\/posts\/269128","targetHints":{"allow":["GET"]}}],"collection":[{"href":"https:\/\/www.europesays.com\/es\/wp-json\/wp\/v2\/posts"}],"about":[{"href":"https:\/\/www.europesays.com\/es\/wp-json\/wp\/v2\/types\/post"}],"author":[{"embeddable":true,"href":"https:\/\/www.europesays.com\/es\/wp-json\/wp\/v2\/users\/2"}],"replies":[{"embeddable":true,"href":"https:\/\/www.europesays.com\/es\/wp-json\/wp\/v2\/comments?post=269128"}],"version-history":[{"count":0,"href":"https:\/\/www.europesays.com\/es\/wp-json\/wp\/v2\/posts\/269128\/revisions"}],"wp:featuredmedia":[{"embeddable":true,"href":"https:\/\/www.europesays.com\/es\/wp-json\/wp\/v2\/media\/269129"}],"wp:attachment":[{"href":"https:\/\/www.europesays.com\/es\/wp-json\/wp\/v2\/media?parent=269128"}],"wp:term":[{"taxonomy":"category","embeddable":true,"href":"https:\/\/www.europesays.com\/es\/wp-json\/wp\/v2\/categories?post=269128"},{"taxonomy":"post_tag","embeddable":true,"href":"https:\/\/www.europesays.com\/es\/wp-json\/wp\/v2\/tags?post=269128"}],"curies":[{"name":"wp","href":"https:\/\/api.w.org\/{rel}","templated":true}]}}