{"id":269139,"date":"2025-12-03T14:35:17","date_gmt":"2025-12-03T14:35:17","guid":{"rendered":"https:\/\/www.europesays.com\/es\/269139\/"},"modified":"2025-12-03T14:35:17","modified_gmt":"2025-12-03T14:35:17","slug":"crees-que-hace-frio-ahora-solo-espera-la-rafaga-artica-de-esta-semana-que-esta-a-punto-de-batir-records-en-estados-unidos","status":"publish","type":"post","link":"https:\/\/www.europesays.com\/es\/269139\/","title":{"rendered":"\u00bfCrees que hace fr\u00edo ahora? Solo espera la r\u00e1faga \u00e1rtica de esta semana que est\u00e1 a punto de batir r\u00e9cords en Estados Unidos"},"content":{"rendered":"<p>      CNN<br \/>\n        \u00a0\u2014\u00a0<\/p>\n<p class=\"paragraph inline-placeholder vossi-paragraph\" data-uri=\"es.cms.cnn.com\/_components\/paragraph\/instances\/cmipqv3kw002r2cnq0b0lf1lv@published\" data-editable=\"text\" data-component-name=\"paragraph\" data-article-gutter=\"true\">\n            Hace fr\u00edo ahora, pero la pr\u00f3xima r\u00e1faga de aire \u00e1rtico lo llevar\u00e1 a otro nivel. Tras la <a href=\"https:\/\/www.cnn.com\/weather\/live-news\/winter-storm-bomb-cylone-climate\" rel=\"nofollow noopener\" target=\"_blank\">\u00faltima tormenta invernal<\/a> que azot\u00f3 el pa\u00eds, m\u00e1s de 200 millones de personas se despertar\u00e1n con temperaturas g\u00e9lidas a medida que el aire m\u00e1s fr\u00edo de la temporada se extiende por las llanuras, el Medio Oeste, los Grandes Lagos y el noreste. Esta ca\u00edda generalizada pone en juego docenas de r\u00e9cords diarios\n    <\/p>\n<p class=\"paragraph inline-placeholder vossi-paragraph\" data-uri=\"es.cms.cnn.com\/_components\/paragraph\/instances\/cmipqzvlc0007356nr022xdeu@published\" data-editable=\"text\" data-component-name=\"paragraph\" data-article-gutter=\"true\">\n            Despu\u00e9s de varias rondas de nieve durante la semana pasada, el Medio Oeste ahora se prepara para las temperaturas m\u00e1s fr\u00edas de la temporada.\n    <\/p>\n<p class=\"paragraph inline-placeholder vossi-paragraph\" data-uri=\"es.cms.cnn.com\/_components\/paragraph\/instances\/cmipr76es001h356njunknp7c@published\" data-editable=\"text\" data-component-name=\"paragraph\" data-article-gutter=\"true\">\n            El fr\u00edo intenso procedente de Canad\u00e1 descender\u00e1 sobre las Llanuras del Norte y el Alto Medio Oeste el mi\u00e9rcoles. Las temperaturas m\u00e1ximas estar\u00e1n entre 15 y 25 grados por debajo de lo normal y apenas lograr\u00e1n alcanzar unos 10 grados Fahrenheit (12 grados Celsius) en partes de las Dakotas. Decenas de ciudades en el Alto Medio Oeste podr\u00edan establecer nuevos r\u00e9cords diarios de fr\u00edo en las temperaturas m\u00e1ximas.\n    <\/p>\n<p class=\"paragraph inline-placeholder vossi-paragraph\" data-uri=\"es.cms.cnn.com\/_components\/paragraph\/instances\/cmiprfmgv001w356nc23e203n@published\" data-editable=\"text\" data-component-name=\"paragraph\" data-article-gutter=\"true\">\n            La ma\u00f1ana del jueves ser\u00e1 la m\u00e1s fr\u00eda, ya que se pronostica que las temperaturas reales del aire caer\u00e1n a valores de dos d\u00edgitos bajo cero en Fahrenheit, incluso hasta Iowa y Nebraska, es decir entre -10 y -19 grados Fahrenheit (-23 a -28 grados Celsius). Las sensaciones t\u00e9rmicas comunes estar\u00e1n entre -10 y -25 grados Fahrenheit (-23 y -32 grados Celsius).\n    <\/p>\n<p class=\"paragraph inline-placeholder vossi-paragraph\" data-uri=\"es.cms.cnn.com\/_components\/paragraph\/instances\/cmiprfmgv001x356neva2vyrq@published\" data-editable=\"text\" data-component-name=\"paragraph\" data-article-gutter=\"true\">\n            Des Moines y Cedar Rapids, en Iowa, est\u00e1n preparadas para romper el r\u00e9cord diario de temperatura m\u00ednima el jueves, descendiendo a -11 grados Fahrenheit (-24 grados Celsius) y -7 grados Fahrenheit (-22 grados Celsius), respectivamente. Cedar Rapids podr\u00eda calentarse apenas hasta valores de un solo d\u00edgito por encima de cero en Fahrenheit el jueves por la tarde, es decir entre 1 y 9 grados Fahrenheit (-17 a -13 grados Celsius), lo que marcar\u00eda un nuevo r\u00e9cord de la temperatura m\u00e1xima m\u00e1s fr\u00eda del d\u00eda.\n    <\/p>\n<p class=\"paragraph inline-placeholder vossi-paragraph\" data-uri=\"es.cms.cnn.com\/_components\/paragraph\/instances\/cmiprfmgv001y356nookvyq04@published\" data-editable=\"text\" data-component-name=\"paragraph\" data-article-gutter=\"true\">\n            Las temperaturas de la tarde en gran parte del Medio Oeste quedar\u00e1n atrapadas en valores de dos d\u00edgitos en Fahrenheit, es decir entre 10 y 19 grados Fahrenheit (-12 a -7 grados Celsius), entre 20 y 30 grados por debajo de lo normal para principios de diciembre.\n    <\/p>\n<p class=\"paragraph inline-placeholder vossi-paragraph\" data-uri=\"es.cms.cnn.com\/_components\/paragraph\/instances\/cmiprfmgv001z356new41t0ri@published\" data-editable=\"text\" data-component-name=\"paragraph\" data-article-gutter=\"true\">\n            Tambi\u00e9n podr\u00edan caer r\u00e9cords desde Illinois hasta la Costa Este el viernes por la ma\u00f1ana. Chicago podr\u00eda descender por debajo de su r\u00e9cord diario de temperatura m\u00ednima de 4 grados Fahrenheit (-16 grados Celsius), mientras que Indian\u00e1polis podr\u00eda acercarse a su r\u00e9cord de 8 grados Fahrenheit (-13 grados Celsius), establecido por \u00faltima vez en 1886. Las temperaturas m\u00ednimas estar\u00e1n en valores de dos d\u00edgitos en Fahrenheit en Pensilvania, es decir entre 10 y 19 grados Fahrenheit (-12 a -7 grados Celsius), lo que romper\u00eda r\u00e9cords diarios en varias ciudades.\n    <\/p>\n<p class=\"paragraph inline-placeholder vossi-paragraph\" data-uri=\"es.cms.cnn.com\/_components\/paragraph\/instances\/cmiprfmgv0020356nf2ux2k2c@published\" data-editable=\"text\" data-component-name=\"paragraph\" data-article-gutter=\"true\">\n            La ma\u00f1ana del viernes ser\u00e1 la m\u00e1s fr\u00eda desde principios de marzo en la ciudad de Nueva York, con una temperatura m\u00ednima cercana a 20 grados Fahrenheit (-7 grados Celsius). Tambi\u00e9n podr\u00edan caer los r\u00e9cords de los aeropuertos JFK y LaGuardia. Las sensaciones t\u00e9rmicas ser\u00e1n intensas.\n    <\/p>\n<p class=\"paragraph inline-placeholder vossi-paragraph\" data-uri=\"es.cms.cnn.com\/_components\/paragraph\/instances\/cmipr1fe2000r356npvvy8fm4@published\" data-editable=\"text\" data-component-name=\"paragraph\" data-article-gutter=\"true\">\n            Las tormentas invernales que azotan a Estados Unidos esta semana, y que se pronostica que ocurrir\u00e1n durante las pr\u00f3ximas semanas, pueden estar relacionadas en gran parte con el desplazamiento del v\u00f3rtice polar que comenz\u00f3 a fines de noviembre, dijeron investigadores a CNN.\n    <\/p>\n<p class=\"paragraph inline-placeholder vossi-paragraph\" data-uri=\"es.cms.cnn.com\/_components\/paragraph\/instances\/cmipr1fe2000s356nn9xeqg4s@published\" data-editable=\"text\" data-component-name=\"paragraph\" data-article-gutter=\"true\">\n            El v\u00f3rtice polar es una corriente circular de fuertes vientos sobre el \u00c1rtico que puede retener el aire fr\u00edo en esa regi\u00f3n. Sin embargo, recientemente se debilit\u00f3 y se desliz\u00f3 hacia el sur, en direcci\u00f3n a las latitudes medias, derramando aire \u00e1rtico fr\u00edo sobre zonas densamente pobladas.\n    <\/p>\n<p class=\"paragraph inline-placeholder vossi-paragraph\" data-uri=\"es.cms.cnn.com\/_components\/paragraph\/instances\/cmipr1dj7000p356ntf6ylh9v@published\" data-editable=\"text\" data-component-name=\"paragraph\" data-article-gutter=\"true\">\n            Esto puede crear condiciones m\u00e1s tormentosas, dijo Andrea L\u00f3pez Lang, meteor\u00f3loga de la Universidad de Wisconsin-Madison, ya que el aire fr\u00edo del norte choca con aire relativamente m\u00e1s c\u00e1lido.\n    <\/p>\n<p class=\"paragraph inline-placeholder vossi-paragraph\" data-uri=\"es.cms.cnn.com\/_components\/paragraph\/instances\/cmipr1pax000w356nm58i1e0u@published\" data-editable=\"text\" data-component-name=\"paragraph\" data-article-gutter=\"true\">\n            Y el v\u00f3rtice polar d\u00e9bil tambi\u00e9n implica una corriente en chorro m\u00e1s ondulada. Estas son las corrientes de viento que fluyen de oeste a este a trav\u00e9s del hemisferio norte. Una corriente en chorro ondulada puede provocar un latigazo cervical, explic\u00f3 Judah Cohen, meteor\u00f3logo del MIT.\n    <\/p>\n<p class=\"paragraph inline-placeholder vossi-paragraph\" data-uri=\"es.cms.cnn.com\/_components\/paragraph\/instances\/cmipr23rz0011356n0dpgbgp4@published\" data-editable=\"text\" data-component-name=\"paragraph\" data-article-gutter=\"true\">\n            Durante el resto de diciembre, podemos esperar oscilaciones frecuentes entre condiciones m\u00e1s suaves que el promedio y temperaturas fr\u00edas a medida que las tormentas avanzan.\n    <\/p>\n<p class=\"paragraph inline-placeholder vossi-paragraph\" data-uri=\"es.cms.cnn.com\/_components\/paragraph\/instances\/cmipr23rz0012356naxzdasex@published\" data-editable=\"text\" data-component-name=\"paragraph\" data-article-gutter=\"true\">\n            Sin embargo, L\u00f3pez Lang advirti\u00f3 que este v\u00f3rtice polar no es el \u00fanico factor que explica las pr\u00f3ximas fluctuaciones de temperatura. \u201cSin duda contribuye, pero no lo es todo\u201d, afirm\u00f3.\n    <\/p>\n<p class=\"paragraph inline-placeholder vossi-paragraph\" data-uri=\"es.cms.cnn.com\/_components\/paragraph\/instances\/cmipr23rz0013356n2el8nv75@published\" data-editable=\"text\" data-component-name=\"paragraph\" data-article-gutter=\"true\">\n            \u00bfSer\u00e1 este el fin del fr\u00edo intenso? La meteor\u00f3loga investigadora Amy Butler, de la NOAA, advirti\u00f3 que se espera otra ola de fr\u00edo para mediados de diciembre. \u201cParece que el v\u00f3rtice polar se extender\u00e1 a\u00fan m\u00e1s sobre Norteam\u00e9rica en unos 7 a 10 d\u00edas\u201d, se\u00f1al\u00f3.\n    <\/p>\n<p class=\"paragraph inline-placeholder vossi-paragraph\" data-uri=\"es.cms.cnn.com\/_components\/paragraph\/instances\/cmipr221b000z356nj247gmpa@published\" data-editable=\"text\" data-component-name=\"paragraph\" data-article-gutter=\"true\">\n            Todav\u00eda faltan unas tres semanas para el inicio oficial del invierno, pero la Madre Naturaleza lleva una gran ventaja.\n    <\/p>\n<p class=\"paragraph inline-placeholder vossi-paragraph\" data-uri=\"es.cms.cnn.com\/_components\/paragraph\/instances\/cmipr2geb0018356no1guh2ii@published\" data-editable=\"text\" data-component-name=\"paragraph\" data-article-gutter=\"true\">\n            Los meteor\u00f3logos de CNN Mary Gilbert y Taylor Ward contribuyeron a este informe.\n    <\/p>\n","protected":false},"excerpt":{"rendered":"CNN \u00a0\u2014\u00a0 Hace fr\u00edo ahora, pero la pr\u00f3xima r\u00e1faga de aire \u00e1rtico lo llevar\u00e1 a otro nivel. Tras&hellip;\n","protected":false},"author":2,"featured_media":269140,"comment_status":"","ping_status":"","sticky":false,"template":"","format":"standard","meta":{"footnotes":""},"categories":[42],"tags":[17,18,16341,13,14,16249,11,61,62,63,64,19,20,9,10,15,16,66257,12,21,22,65,66,67],"class_list":{"0":"post-269139","1":"post","2":"type-post","3":"status-publish","4":"format-standard","5":"has-post-thumbnail","7":"category-internacional","8":"tag-breaking-news","9":"tag-breakingnews","10":"tag-clima","11":"tag-featured-news","12":"tag-featurednews","13":"tag-frio","14":"tag-headlines","15":"tag-internacional","16":"tag-international","17":"tag-international-news","18":"tag-internationalnews","19":"tag-latest-news","20":"tag-latestnews","21":"tag-news","22":"tag-noticias","23":"tag-noticias-destacadas","24":"tag-noticiasdestacadas","25":"tag-rafaga-artica","26":"tag-titulares","27":"tag-ultimas-noticias","28":"tag-ultimasnoticias","29":"tag-world","30":"tag-world-news","31":"tag-worldnews"},"share_on_mastodon":{"url":"https:\/\/pubeurope.com\/@es\/115656138863894238","error":""},"_links":{"self":[{"href":"https:\/\/www.europesays.com\/es\/wp-json\/wp\/v2\/posts\/269139","targetHints":{"allow":["GET"]}}],"collection":[{"href":"https:\/\/www.europesays.com\/es\/wp-json\/wp\/v2\/posts"}],"about":[{"href":"https:\/\/www.europesays.com\/es\/wp-json\/wp\/v2\/types\/post"}],"author":[{"embeddable":true,"href":"https:\/\/www.europesays.com\/es\/wp-json\/wp\/v2\/users\/2"}],"replies":[{"embeddable":true,"href":"https:\/\/www.europesays.com\/es\/wp-json\/wp\/v2\/comments?post=269139"}],"version-history":[{"count":0,"href":"https:\/\/www.europesays.com\/es\/wp-json\/wp\/v2\/posts\/269139\/revisions"}],"wp:featuredmedia":[{"embeddable":true,"href":"https:\/\/www.europesays.com\/es\/wp-json\/wp\/v2\/media\/269140"}],"wp:attachment":[{"href":"https:\/\/www.europesays.com\/es\/wp-json\/wp\/v2\/media?parent=269139"}],"wp:term":[{"taxonomy":"category","embeddable":true,"href":"https:\/\/www.europesays.com\/es\/wp-json\/wp\/v2\/categories?post=269139"},{"taxonomy":"post_tag","embeddable":true,"href":"https:\/\/www.europesays.com\/es\/wp-json\/wp\/v2\/tags?post=269139"}],"curies":[{"name":"wp","href":"https:\/\/api.w.org\/{rel}","templated":true}]}}