{"id":269160,"date":"2025-12-03T14:53:08","date_gmt":"2025-12-03T14:53:08","guid":{"rendered":"https:\/\/www.europesays.com\/es\/269160\/"},"modified":"2025-12-03T14:53:08","modified_gmt":"2025-12-03T14:53:08","slug":"sheinbaum-cree-que-si-acudira-al-sorteo-del-mundial-en-washington-pero-descarta-una-reunion-de-peso-con-trump","status":"publish","type":"post","link":"https:\/\/www.europesays.com\/es\/269160\/","title":{"rendered":"Sheinbaum cree que s\u00ed acudir\u00e1 al sorteo del Mundial en Washington, pero descarta una reuni\u00f3n de peso con Trump"},"content":{"rendered":"<p class=\"\">La <a href=\"https:\/\/elpais.com\/mexico\/economia\/2025-11-26\/sheinbaum-alista-un-plan-emergente-de-inversiones-de-la-mano-del-empresariado-para-atajar-la-caida-de-la-economia.html\" target=\"_self\" rel=\"nofollow noopener\" title=\"https:\/\/elpais.com\/mexico\/economia\/2025-11-26\/sheinbaum-alista-un-plan-emergente-de-inversiones-de-la-mano-del-empresariado-para-atajar-la-caida-de-la-economia.html\">presidenta de M\u00e9xico, Claudia Sheinbaum<\/a>, acudir\u00e1 el viernes a Washington para el sorteo del Mundial de 2026. La mandataria, que ha adelantado su decisi\u00f3n este mi\u00e9rcoles y dar\u00e1 los detalles el jueves, asegur\u00f3 que ser\u00e1 un viaje a un evento \u201cmuy breve\u201d. Sheinbaum ha descartado que la oportunidad le permita una reuni\u00f3n de peso con Donald Trump, aunque la ocasi\u00f3n servir\u00e1 para que sea su primer cara a cara con su hom\u00f3logo estadounidense. \u201cTodav\u00eda no est\u00e1 definido [si se reunir\u00e1 con Trump]. Si fuera el caso, ser\u00eda una reuni\u00f3n muy breve, pero todo parece indicar que s\u00ed vamos\u201d, ha concretado la mandataria durante su habitual conferencia de la ma\u00f1ana. Al encuentro acudir\u00eda tambi\u00e9n el primer ministro de Canad\u00e1, Mark Carney, el tercer anfitri\u00f3n en la Copa del Mundo que celebrar\u00e1n los tres pa\u00edses de Norteam\u00e9rica el verano del pr\u00f3ximo a\u00f1o. <\/p>\n<p class=\"\">La de esta semana ser\u00eda la primera reuni\u00f3n en persona que mantendr\u00e1n Sheinbaum y Trump desde la llegada del magnate republicano a la Casa Blanca, en enero pasado. Desde entonces, <a href=\"https:\/\/elpais.com\/mexico\/2025-08-01\/cartas-llamadas-y-ningun-encuentro-cara-a-cara-los-ocho-meses-de-la-tensa-relacion-diplomatica-entre-trump-y-sheinbaum.html\" target=\"_self\" rel=\"nofollow noopener\" title=\"https:\/\/elpais.com\/mexico\/2025-08-01\/cartas-llamadas-y-ningun-encuentro-cara-a-cara-los-ocho-meses-de-la-tensa-relacion-diplomatica-entre-trump-y-sheinbaum.html\">ambos mandatarios han conversado telef\u00f3nicamente en diversas ocasiones<\/a> a ra\u00edz de la <a href=\"https:\/\/elpais.com\/mexico\/economia\/2025-11-30\/los-aranceles-de-trump-y-la-caida-de-la-economia-mexicana-complican-el-alza-de-salarios-por-encima-del-12-para-2026.html\" target=\"_self\" rel=\"nofollow noopener\" title=\"https:\/\/elpais.com\/mexico\/economia\/2025-11-30\/los-aranceles-de-trump-y-la-caida-de-la-economia-mexicana-complican-el-alza-de-salarios-por-encima-del-12-para-2026.html\">agresiva imposici\u00f3n de aranceles de Trump a M\u00e9xico<\/a> \u2014y al resto del mundo\u2014 y ante los constantes ataques que el presidente de Estados Unidos ha vertido sobre su vecino del sur, no as\u00ed sobre Sheinbaum, a quien <a href=\"https:\/\/elpais.com\/mexico\/2025-02-20\/trump-copiara-la-campana-de-prevencion-de-drogas-de-sheinbaum-gracias-presidenta-de-mexico.html\" target=\"_self\" rel=\"nofollow noopener\" title=\"https:\/\/elpais.com\/mexico\/2025-02-20\/trump-copiara-la-campana-de-prevencion-de-drogas-de-sheinbaum-gracias-presidenta-de-mexico.html\">ha halagado siempre que se ha referido a ella<\/a>. <\/p>\n<p class=\"\">[Noticia de \u00faltima hora. Habr\u00e1 m\u00e1s informaci\u00f3n en breve] <\/p>\n","protected":false},"excerpt":{"rendered":"La presidenta de M\u00e9xico, Claudia Sheinbaum, acudir\u00e1 el viernes a Washington para el sorteo del Mundial de 2026.&hellip;\n","protected":false},"author":2,"featured_media":269161,"comment_status":"","ping_status":"","sticky":false,"template":"","format":"standard","meta":{"footnotes":""},"categories":[93],"tags":[889,4329,18291,168,352,25,24,629,66260,39354,1804,50768,1906,39356,39357,13805,23,167,66259],"class_list":{"0":"post-269160","1":"post","2":"type-post","3":"status-publish","4":"format-standard","5":"has-post-thumbnail","7":"category-deportes","8":"tag-america","9":"tag-casa-blanca","10":"tag-claudia-sheinbaum","11":"tag-deportes","12":"tag-donald-trump","13":"tag-es","14":"tag-espana","15":"tag-estados-unidos","16":"tag-estados-unidos-y-canada","17":"tag-gobierno-mexico","18":"tag-latinoamerica","19":"tag-maga","20":"tag-mexico","21":"tag-presidencia-mexico","22":"tag-presidente-mexico","23":"tag-relaciones-bilaterales","24":"tag-spain","25":"tag-sports","26":"tag-t-mec-tratado-entre-mexico"},"share_on_mastodon":{"url":"https:\/\/pubeurope.com\/@es\/115656209927173580","error":""},"_links":{"self":[{"href":"https:\/\/www.europesays.com\/es\/wp-json\/wp\/v2\/posts\/269160","targetHints":{"allow":["GET"]}}],"collection":[{"href":"https:\/\/www.europesays.com\/es\/wp-json\/wp\/v2\/posts"}],"about":[{"href":"https:\/\/www.europesays.com\/es\/wp-json\/wp\/v2\/types\/post"}],"author":[{"embeddable":true,"href":"https:\/\/www.europesays.com\/es\/wp-json\/wp\/v2\/users\/2"}],"replies":[{"embeddable":true,"href":"https:\/\/www.europesays.com\/es\/wp-json\/wp\/v2\/comments?post=269160"}],"version-history":[{"count":0,"href":"https:\/\/www.europesays.com\/es\/wp-json\/wp\/v2\/posts\/269160\/revisions"}],"wp:featuredmedia":[{"embeddable":true,"href":"https:\/\/www.europesays.com\/es\/wp-json\/wp\/v2\/media\/269161"}],"wp:attachment":[{"href":"https:\/\/www.europesays.com\/es\/wp-json\/wp\/v2\/media?parent=269160"}],"wp:term":[{"taxonomy":"category","embeddable":true,"href":"https:\/\/www.europesays.com\/es\/wp-json\/wp\/v2\/categories?post=269160"},{"taxonomy":"post_tag","embeddable":true,"href":"https:\/\/www.europesays.com\/es\/wp-json\/wp\/v2\/tags?post=269160"}],"curies":[{"name":"wp","href":"https:\/\/api.w.org\/{rel}","templated":true}]}}