{"id":269164,"date":"2025-12-03T14:55:15","date_gmt":"2025-12-03T14:55:15","guid":{"rendered":"https:\/\/www.europesays.com\/es\/269164\/"},"modified":"2025-12-03T14:55:15","modified_gmt":"2025-12-03T14:55:15","slug":"esto-dura-el-episodio-final-de-stranger-things-que-estrena-en-fin-de-ano","status":"publish","type":"post","link":"https:\/\/www.europesays.com\/es\/269164\/","title":{"rendered":"esto dura el episodio final de &#8216;Stranger Things&#8217; que estrena en fin de a\u00f1o"},"content":{"rendered":"<p class=\"c-paragraph\"><a href=\"https:\/\/www.20minutos.es\/tags\/temas\/stranger-things.html\" title=\"Stranger Things\" rel=\"nofollow noopener\" target=\"_blank\"><b>Stranger Things<\/b>\u00a0<\/a> arranc\u00f3 su temporada 5 y \u00faltima con cifras dignas de mareo <a href=\"https:\/\/www.20minutos.es\/cinemania\/noticias\/fiebre-por-nueva-temporada-stranger-things-colapsa-servicio-netflix_6903323_0.html\" title=\"La fiebre por la nueva temporada de &#039;Stranger Things&#039; colapsa el servicio en Netflix\" rel=\"nofollow noopener\" target=\"_blank\">(normal que <b>Netflix <\/b>colapsara):<\/a> con<b> 59,6 millones de reproducciones<\/b> contabilizadas en sus primeros cinco d\u00edas en la plataforma de streaming se ha convertido en el<b> mejor estreno en lengua inglesa<\/b> de su historia (las temporadas 2 y 3 de la coreana <b>El juego del calamar <\/b>le sacan ventaja).<\/p>\n<p class=\"c-paragraph\">No solo eso, sino que la serie de los hermanos <b>Duffer <\/b>tambi\u00e9n ha conseguido la proeza de <b>colar al mismo tiempo sus cinco temporadas dentro del top 10 de lo m\u00e1s visto de Netflix a nivel global.<\/b> Una invasi\u00f3n en toda regla que tiene a medio mundo pendiente del \u00faltimo enfrentamiento de los chavales de Hawkins contra Vecna.<\/p>\n<p class=\"c-paragraph\">Las expectativas ante la conclusi\u00f3n de Stranger Things est\u00e1n m\u00e1s altas que nunca y <b>Netflix piensa exprimirlas al m\u00e1ximo<\/b> gracias a su plan de lanzamiento dividido en vol\u00famenes. Despu\u00e9s de los cuatro episodios que estrenaron en noviembre, queda el <b>Volumen 2\u00a0 con tres episodios m\u00e1s<\/b> que en Espa\u00f1a estar\u00e1n disponibles <b>el 26 de diciembre<\/b> (\u00a1feliz Navidad!) y el<b> episodio final,<\/b> cuyo estreno tendr\u00e1 lugar<b> la noche del 31 de diciembre al 1 de enero.<\/b><\/p>\n<p>Episodio final de &#8216;Stranger Things&#8217;: a qu\u00e9 hora en Espa\u00f1a<\/p>\n<p class=\"c-paragraph\">El \u00faltimo cap\u00edtulo de Stranger Things ver\u00e1 la luz en <b>Netflix Espa\u00f1a a las 2:00am (hora peninsular) del 1 de enero de 2026.<\/b> Es decir, un par de horas despu\u00e9s de que te tomes las uvas de las Campanadas de A\u00f1o Nuevo puedes empezar a ver la conclusi\u00f3n de la serie. Si quieres ser de los primeros en ver lo que ocurre, tenlo en cuenta de cara a tus planes de celebraci\u00f3n de fin de a\u00f1o, porque vas a necesitar <b>dedicarle tiempo.<\/b><\/p>\n<p>\u00bfCu\u00e1nto dura el cap\u00edtulo final de &#8216;Stranger Things&#8217;?<\/p>\n<p class=\"c-paragraph\">Despu\u00e9s de muchas especulaciones, Netflix ha comunicado la <b>duraci\u00f3n oficial del \u00faltimo episodio de <\/b>Stranger Things: tiene un metra de <b>2 horas y 5 minutos.<\/b><\/p>\n<p class=\"c-paragraph\">Los <b>125 minutos de duraci\u00f3n<\/b> no suponen un m\u00e1ximo en la serie, conocida por la manera en la que <b>ha incrementado el tiempo que duran sus episodios;<\/b> desde los 40 minutos largos de sus primeras entregas, hasta la duraci\u00f3n digna de largometrajes de las \u00faltimas. Ese r\u00e9cord lo mantiene el episodio 4&#215;09, el \u00faltimo de la cuarta temporada, con sus<b> 2 horas y 22 minutos de duraci\u00f3n.<\/b><\/p>\n","protected":false},"excerpt":{"rendered":"Stranger Things\u00a0 arranc\u00f3 su temporada 5 y \u00faltima con cifras dignas de mareo (normal que Netflix colapsara): con&hellip;\n","protected":false},"author":2,"featured_media":269165,"comment_status":"","ping_status":"","sticky":false,"template":"","format":"standard","meta":{"footnotes":""},"categories":[91],"tags":[16509,146,147,66261,25,24,152,5199,23,57225],"class_list":{"0":"post-269164","1":"post","2":"type-post","3":"status-publish","4":"format-standard","5":"has-post-thumbnail","7":"category-entretenimiento","8":"tag-duracion","9":"tag-entertainment","10":"tag-entretenimiento","11":"tag-episodio-final","12":"tag-es","13":"tag-espana","14":"tag-netflix","15":"tag-nochevieja","16":"tag-spain","17":"tag-stranger-things"},"share_on_mastodon":{"url":"https:\/\/pubeurope.com\/@es\/115656217634452342","error":""},"_links":{"self":[{"href":"https:\/\/www.europesays.com\/es\/wp-json\/wp\/v2\/posts\/269164","targetHints":{"allow":["GET"]}}],"collection":[{"href":"https:\/\/www.europesays.com\/es\/wp-json\/wp\/v2\/posts"}],"about":[{"href":"https:\/\/www.europesays.com\/es\/wp-json\/wp\/v2\/types\/post"}],"author":[{"embeddable":true,"href":"https:\/\/www.europesays.com\/es\/wp-json\/wp\/v2\/users\/2"}],"replies":[{"embeddable":true,"href":"https:\/\/www.europesays.com\/es\/wp-json\/wp\/v2\/comments?post=269164"}],"version-history":[{"count":0,"href":"https:\/\/www.europesays.com\/es\/wp-json\/wp\/v2\/posts\/269164\/revisions"}],"wp:featuredmedia":[{"embeddable":true,"href":"https:\/\/www.europesays.com\/es\/wp-json\/wp\/v2\/media\/269165"}],"wp:attachment":[{"href":"https:\/\/www.europesays.com\/es\/wp-json\/wp\/v2\/media?parent=269164"}],"wp:term":[{"taxonomy":"category","embeddable":true,"href":"https:\/\/www.europesays.com\/es\/wp-json\/wp\/v2\/categories?post=269164"},{"taxonomy":"post_tag","embeddable":true,"href":"https:\/\/www.europesays.com\/es\/wp-json\/wp\/v2\/tags?post=269164"}],"curies":[{"name":"wp","href":"https:\/\/api.w.org\/{rel}","templated":true}]}}