{"id":269169,"date":"2025-12-03T14:58:10","date_gmt":"2025-12-03T14:58:10","guid":{"rendered":"https:\/\/www.europesays.com\/es\/269169\/"},"modified":"2025-12-03T14:58:10","modified_gmt":"2025-12-03T14:58:10","slug":"malasia-retomara-busqueda-de-avion-desaparecido-en-2014-dw-03-12-2025","status":"publish","type":"post","link":"https:\/\/www.europesays.com\/es\/269169\/","title":{"rendered":"Malasia retomar\u00e1 b\u00fasqueda de avi\u00f3n desaparecido en 2014 \u2013 DW \u2013 03\/12\/2025"},"content":{"rendered":"<p>La b\u00fasqueda del avi\u00f3n del vuelo MH370 de Malaysia Airlines, desaparecido hace m\u00e1s de una d\u00e9cada, se reanudar\u00e1 a finales de diciembre, anunci\u00f3 este mi\u00e9rcoles (03.12.2025) el Ministerio de Transporte de Malasia.<\/p>\n<p>El Boeing 777 con 239 personas a bordo perdi\u00f3 contacto con los radares el 8 de marzo de 2014 entre Kuala Lumpur y Pek\u00edn.<\/p>\n<p>La aeronave no pudo ser localizada pese a que se efectu\u00f3 la m\u00e1s extensa b\u00fasqueda en la historia de la aviaci\u00f3n.<\/p>\n<p>El ministerio dijo en un comunicado que \u00abla b\u00fasqueda en aguas profundas de los restos desaparecidos del vuelo MH370 de Malaysia Airlines se reanudar\u00e1 el 30 de diciembre de 2025\u00bb.\u00a0<\/p>\n<p>El rastreo estar\u00e1 a cargo de la firma de exploraci\u00f3n mar\u00edtima Ocean Infinity \u00aben una \u00e1rea espec\u00edfica evaluada como la de mayor probabilidad de localizar la aeronave\u00bb, inform\u00f3 el ministerio.<\/p>\n<p>La b\u00fasqueda anterior en el sur del Oc\u00e9ano \u00cdndico fue suspendida en abril.<\/p>\n<p>Esa exploraci\u00f3n se realiz\u00f3 bajo el principio de que el gobierno no pagar\u00eda a la empresa encargada si no se encontraban los restos.<\/p>\n<p>Ocean Infinity encabez\u00f3 una infructuosa operaci\u00f3n de localizaci\u00f3n inicial en 2018 antes de acceder a un nuevo intento este a\u00f1o.<\/p>\n<p>mg (afp, Harian Metro)<\/p>\n<p>\u00a0<\/p>\n","protected":false},"excerpt":{"rendered":"La b\u00fasqueda del avi\u00f3n del vuelo MH370 de Malaysia Airlines, desaparecido hace m\u00e1s de una d\u00e9cada, se reanudar\u00e1&hellip;\n","protected":false},"author":2,"featured_media":269170,"comment_status":"","ping_status":"","sticky":false,"template":"","format":"standard","meta":{"footnotes":""},"categories":[42],"tags":[17,18,13,14,11,61,62,63,64,19,20,9,10,15,16,12,21,22,65,66,67],"class_list":{"0":"post-269169","1":"post","2":"type-post","3":"status-publish","4":"format-standard","5":"has-post-thumbnail","7":"category-internacional","8":"tag-breaking-news","9":"tag-breakingnews","10":"tag-featured-news","11":"tag-featurednews","12":"tag-headlines","13":"tag-internacional","14":"tag-international","15":"tag-international-news","16":"tag-internationalnews","17":"tag-latest-news","18":"tag-latestnews","19":"tag-news","20":"tag-noticias","21":"tag-noticias-destacadas","22":"tag-noticiasdestacadas","23":"tag-titulares","24":"tag-ultimas-noticias","25":"tag-ultimasnoticias","26":"tag-world","27":"tag-world-news","28":"tag-worldnews"},"share_on_mastodon":{"url":"https:\/\/pubeurope.com\/@es\/115656229300513137","error":""},"_links":{"self":[{"href":"https:\/\/www.europesays.com\/es\/wp-json\/wp\/v2\/posts\/269169","targetHints":{"allow":["GET"]}}],"collection":[{"href":"https:\/\/www.europesays.com\/es\/wp-json\/wp\/v2\/posts"}],"about":[{"href":"https:\/\/www.europesays.com\/es\/wp-json\/wp\/v2\/types\/post"}],"author":[{"embeddable":true,"href":"https:\/\/www.europesays.com\/es\/wp-json\/wp\/v2\/users\/2"}],"replies":[{"embeddable":true,"href":"https:\/\/www.europesays.com\/es\/wp-json\/wp\/v2\/comments?post=269169"}],"version-history":[{"count":0,"href":"https:\/\/www.europesays.com\/es\/wp-json\/wp\/v2\/posts\/269169\/revisions"}],"wp:featuredmedia":[{"embeddable":true,"href":"https:\/\/www.europesays.com\/es\/wp-json\/wp\/v2\/media\/269170"}],"wp:attachment":[{"href":"https:\/\/www.europesays.com\/es\/wp-json\/wp\/v2\/media?parent=269169"}],"wp:term":[{"taxonomy":"category","embeddable":true,"href":"https:\/\/www.europesays.com\/es\/wp-json\/wp\/v2\/categories?post=269169"},{"taxonomy":"post_tag","embeddable":true,"href":"https:\/\/www.europesays.com\/es\/wp-json\/wp\/v2\/tags?post=269169"}],"curies":[{"name":"wp","href":"https:\/\/api.w.org\/{rel}","templated":true}]}}