{"id":269212,"date":"2025-12-03T15:38:14","date_gmt":"2025-12-03T15:38:14","guid":{"rendered":"https:\/\/www.europesays.com\/es\/269212\/"},"modified":"2025-12-03T15:38:14","modified_gmt":"2025-12-03T15:38:14","slug":"esta-bien-que-cada-uno-reciba-de-la-vida-lo-que-ha-estado-sembrando","status":"publish","type":"post","link":"https:\/\/www.europesays.com\/es\/269212\/","title":{"rendered":"Est\u00e1 bien que cada uno reciba de la vida lo que ha estado sembrando"},"content":{"rendered":"<p>Hace unos meses conoc\u00edamos la noticia de que Isabel Gemio (64 a\u00f1os) <a href=\"https:\/\/www.lecturas.com\/actualidad\/isabel-gemio-64-anos-cuando-pasas-por-momentos-dificiles-echas-menos-tener-mente-ocupada_180592\" rel=\"nofollow noopener\" target=\"_blank\">regresaba a la radio <\/a>tras muchos a\u00f1os alejada de los micr\u00f3fonos que tantas alegr\u00edas le dieron en el pasado. La veterana y conocida periodista se ha puesto al frente de \u2018El \u00faltimo tren\u2019, programa nocturno de RNE que se emite cada noche a partir de las 23:30 horas. \u201cLa noche tiene algo especial, una calma y sosiego necesarios para hablar tranquilamente, para abrirse\u201d, explicaba cuando sali\u00f3 la noticia de este nuevo proyecto.<\/p>\n<p>Isabel aseguraba que \u201cexiste gente extraordinaria haciendo cosas maravillosas y quiero poner el foco en esas personas\u201d, siendo\u00a0Mar Flores (56 a\u00f1os) la \u00faltima persona que se ha sentado en el estudio junto a ella, encontr\u00e1ndose de rabiosa actualidad tras <a href=\"https:\/\/www.lecturas.com\/actualidad\/ha-estado-20-anos-callada-durante-todo-ese-tiempo-relato-fue-mismo-tres-expertas-analizan-memorias-mar-flores_181170\" rel=\"nofollow noopener\" target=\"_blank\">haber lanzado sus memorias<\/a>, \u2018Mar en calma\u2019.<strong> Esta ha querido concederle una entrevista de lo m\u00e1s sincera y valiente, una donde ha hablado de todo tipo de temas.\u00a0<\/strong><\/p>\n<p>Mar se abre sobre sus memorias<\/p>\n<p>En esta entrevista Isabel ha querido saber si Mar ha conseguido encontrar la paz que buscaba al publicar este libro, donde se ha abierto y sincerado sobre algunos terribles y desconocidos episodios de su vida.<\/p>\n<blockquote class=\"instagram-media\" data-instgrm-captioned=\"\" data-instgrm-permalink=\"https:\/\/www.instagram.com\/reel\/DRvVliujr_D\/?utm_source=ig_embed&amp;utm_campaign=loading\" data-instgrm-version=\"14\" style=\" background:#FFF; border:0; border-radius:3px; box-shadow:0 0 1px 0 rgba(0,0,0,0.5),0 1px 10px 0 rgba(0,0,0,0.15); margin: 1px; max-width:540px; min-width:326px; padding:0; width:99.375%; width:-webkit-calc(100% - 2px); width:calc(100% - 2px);\"\/>\n<p>\u00abBueno, <strong>a m\u00ed todo esto me ha dado mucha calma<\/strong>\u00ab, comienza diciendo la empresaria y modelo. \u00abMe ha dado una visi\u00f3n distinta de la vida, me ha dado una madurez. Superar los baches, resurgir de las cenizas&#8230;\u00bb, a\u00f1ade, no arrepinti\u00e9ndose de haber lanzado este libro. \u00abY <strong>volver a escuchar las mismas cosas que ya no me afectan<\/strong>\u2026 creo que me ha dado una posici\u00f3n superior a los dem\u00e1s\u201d, explica. \u201c\u00bfPor qu\u00e9 no? S\u00ed. <strong>Creo que estoy en un nivel espiritual y personal bastante superior<\/strong> a todas estas personas que siguen todav\u00eda ancladas en el pasado\u00bb, dice, rotunda.<\/p>\n<p><img loading=\"lazy\" decoding=\"async\"   src=\"https:\/\/www.europesays.com\/es\/wp-content\/uploads\/2025\/12\/mar-flores_b40795d7_251203141845_1200x800.webp.webp\" alt=\"Mar Flores\" class=\"lazyload\" width=\"1200\" height=\"800\" data-aspectratio=\"1200\/800\"\/><\/p>\n<p>Mar Flores ha concedido una entrevista a Isabel Gemio donde asegurar estar \u00aben un nivel espiritual y personal bastante superior\u00bb a los que la critican por sus memorias.\u00a0<\/p>\n<p>&#13;GTRES<\/p>\n<p>Sobre estos comentarios y cr\u00edticas, que dice que ya no le afectan como antes, Mar tambi\u00e9n se ha abierto con Isabel, explicando c\u00f3mo se ha tomado estos feroces ataques tras haber lanzado su libro de memorias: \u201cEs de esperar <strong>cuando las personas que tienes en frente no avanzan, se quedan como estaban hace 30 a\u00f1os<\/strong>\u00ab.<\/p>\n<p><img loading=\"lazy\" decoding=\"async\"   src=\"https:\/\/www.europesays.com\/es\/wp-content\/uploads\/2025\/12\/mar-flores_352b4cfc_251203141859_1200x800.webp.webp\" alt=\"Mar Flores\" class=\"lazyload\" width=\"1200\" height=\"800\" data-aspectratio=\"1200\/800\"\/><\/p>\n<p>\u00abEs de esperar cuando las personas que tienes en frente no avanzan, se quedan como estaban hace 30 a\u00f1os\u00bb, a\u00f1ade.<\/p>\n<p>&#13;GTRES<\/p>\n<p>\u00abCreo que todas estas personas que siguen atac\u00e1ndome <strong>necesitan pasar por un proceso terap\u00e9utico, psicol\u00f3gico y de reflexi\u00f3n<\/strong> sobre lo que han hecho y lo que quieren ser en su vida\u201d, dice, tajante. \u201cY me da la sensaci\u00f3n de que quieren ser las mismas personas que eran, y esto pues me da un poquito de pena\u201d.<\/p>\n<p><img loading=\"lazy\" decoding=\"async\"   src=\"https:\/\/www.europesays.com\/es\/wp-content\/uploads\/2025\/12\/mar-flores-rutina-ejercicio-abdomen-50-anos_d26a89e8_251203141908_1200x845.webp.webp\" alt=\"Mar Flores rutina ejercicio abdomen 50 a\u00f1os\" class=\"lazyload\" width=\"1200\" height=\"845\" data-aspectratio=\"1200\/845\"\/><\/p>\n<p>Mar cree que todos ellos \u00abnecesitan pasar por un proceso terap\u00e9utico, psicol\u00f3gico y de reflexi\u00f3n\u00bb.<\/p>\n<p>&#13;Gtresonline<br \/>\n<img decoding=\"async\" src=\"https:\/\/www.europesays.com\/es\/wp-content\/uploads\/2025\/12\/dl-u300664-045_352e211e_251203145147_800x800.webp.webp\" alt=\"DL u300664 045\" class=\"image lazyload\"\/><img loading=\"lazy\" decoding=\"async\" src=\"https:\/\/www.europesays.com\/es\/wp-content\/uploads\/2025\/12\/dl-u300664-045_352e211e_251203145159_1280x720.webp.webp\" alt=\"I\u00f1aki Urdangarin se abre como nunca sobre el fin de su matrimonio con la infanta Cristina: &quot;Fue lo peor de su paso por la c\u00e1rcel\u201d\" class=\"image lazyload\" width=\"1280\" height=\"720\" data-aspectratio=\"1280\/720\"\/><\/p>\n<p>\u00abLuego,<strong> a nivel social tambi\u00e9n, pues creo que s\u00ed he visto un cambio<\/strong>\u201d, a\u00f1ade. \u201cNo en ciertas plataformas, televisiones\u2026 pero s\u00ed en la sociedad. S\u00ed he visto que cuando me criticaban o acusaban hace veinte a\u00f1os la reacci\u00f3n de todo el mundo era \u2018\u00a1A la hoguera!\u2019 y ahora s\u00ed he visto otras reacciones\u201d, comentando el apoyo que ha vivido en redes sociales como X (antiguo Twitter). \u201cTambi\u00e9n <strong>escuchas m\u00e1s a la gente del pueblo<\/strong>, a la gente que est\u00e1 en la calle&#8230; Y las personas avanzan, y <strong>las personas se dan cuenta de que hay cosas que no son justas<\/strong>\u201d.<\/p>\n<p>Mar se sincera sobre el despido de Lequio<\/p>\n<p>En su libro Mar se ha abierto en canal sobre algunas relaciones del pasado, como las que tuvo con Cayetano Mart\u00ednez de Irujo,\u00a0Alessandro Lequio y Carlo Costanzia, al que acus\u00f3 de malos tratos, algo que Antonia Dell&#8217;Atte tambi\u00e9n asegur\u00f3 haber vivido por parte de Lequio, pidiendo su despido inmediato de Telecinco, donde colaboraba en diferentes programas desde hace a\u00f1os.<\/p>\n<p><img loading=\"lazy\" decoding=\"async\"   src=\"https:\/\/www.europesays.com\/es\/wp-content\/uploads\/2025\/12\/alessandro-lequio_0c39d9b4_251203144024_1200x800.webp.webp\" alt=\"Alessandro Lequio\" class=\"lazyload\" width=\"1200\" height=\"800\" data-aspectratio=\"1200\/800\"\/><\/p>\n<p>En esta charla tambi\u00e9n coment\u00f3 el despido de Lequio: \u00abEst\u00e1 bien que cada uno reciba de la vida lo que ha estado sembrando durante a\u00f1os\u00bb.<\/p>\n<p>&#13;GTRES<\/p>\n<p>Aunque productoras como \u2018Unicorn TV\u2019, de Ana Rosa Quintana, quisieron protegerle, <strong>finalmente este ha sido despedido<\/strong>, un gesto del que Gemio tambi\u00e9n ha querido saber qu\u00e9 opinaba Mar.<\/p>\n<p><img decoding=\"async\" src=\"https:\/\/www.europesays.com\/es\/wp-content\/uploads\/2025\/12\/mar-flores_9aa3ef00_251127063956_800x800.webp.webp\" alt=\"Mar Flores\" class=\"image lazyload\"\/><img loading=\"lazy\" decoding=\"async\" src=\"https:\/\/www.europesays.com\/es\/wp-content\/uploads\/2025\/12\/mar-flores_9aa3ef00_251127064001_1280x720.webp.webp\" alt=\"Mar Flores desvela qu\u00e9 pasar\u00e1 si coincide con Terelu Campos en el cumplea\u00f1os de su nieto\" class=\"image lazyload\" width=\"1280\" height=\"720\" data-aspectratio=\"1280\/720\"\/><\/p>\n<p>\u00abMi voz est\u00e1 en mi libro. Quien quiera leer mi historia la puede leer, y quien no puede abrir los o\u00eddos y escuchar a tantas mujeres, que muchas veces se les ha tapado la voz, y que hoy en d\u00eda est\u00e1n apoyadas por la justicia, donde est\u00e1n reconociendo que han vivido un proceso muy doloroso para una mujer\u00bb, explica.\u00a0<\/p>\n<blockquote class=\"instagram-media\" data-instgrm-captioned=\"\" data-instgrm-permalink=\"https:\/\/www.instagram.com\/reel\/DRxxxXzjg1_\/?utm_source=ig_embed&amp;utm_campaign=loading\" data-instgrm-version=\"14\" style=\" background:#FFF; border:0; border-radius:3px; box-shadow:0 0 1px 0 rgba(0,0,0,0.5),0 1px 10px 0 rgba(0,0,0,0.15); margin: 1px; max-width:540px; min-width:326px; padding:0; width:99.375%; width:-webkit-calc(100% - 2px); width:calc(100% - 2px);\"\/>\n<p>\u00abY ha llegado de esta manera, as\u00ed. Entonces, yo no voy a acusar con el dedo a nadie porque no es mi estilo, pero <strong>est\u00e1 bien que cada uno reciba de la vida lo que ha estado sembrando durante a\u00f1os<\/strong>\u00ab, concluye, siendo un dardo directo para el italiano.\u00a0<\/p>\n<p><script async src=\"\/\/www.instagram.com\/embed.js\"><\/script><\/p>\n","protected":false},"excerpt":{"rendered":"Hace unos meses conoc\u00edamos la noticia de que Isabel Gemio (64 a\u00f1os) regresaba a la radio tras muchos&hellip;\n","protected":false},"author":2,"featured_media":269213,"comment_status":"","ping_status":"","sticky":false,"template":"","format":"standard","meta":{"footnotes":""},"categories":[174],"tags":[255,146,147,25,24,256,23],"class_list":{"0":"post-269212","1":"post","2":"type-post","3":"status-publish","4":"format-standard","5":"has-post-thumbnail","7":"category-famosos","8":"tag-celebrities","9":"tag-entertainment","10":"tag-entretenimiento","11":"tag-es","12":"tag-espana","13":"tag-famosos","14":"tag-spain"},"share_on_mastodon":{"url":"https:\/\/pubeurope.com\/@es\/115656386677367663","error":""},"_links":{"self":[{"href":"https:\/\/www.europesays.com\/es\/wp-json\/wp\/v2\/posts\/269212","targetHints":{"allow":["GET"]}}],"collection":[{"href":"https:\/\/www.europesays.com\/es\/wp-json\/wp\/v2\/posts"}],"about":[{"href":"https:\/\/www.europesays.com\/es\/wp-json\/wp\/v2\/types\/post"}],"author":[{"embeddable":true,"href":"https:\/\/www.europesays.com\/es\/wp-json\/wp\/v2\/users\/2"}],"replies":[{"embeddable":true,"href":"https:\/\/www.europesays.com\/es\/wp-json\/wp\/v2\/comments?post=269212"}],"version-history":[{"count":0,"href":"https:\/\/www.europesays.com\/es\/wp-json\/wp\/v2\/posts\/269212\/revisions"}],"wp:featuredmedia":[{"embeddable":true,"href":"https:\/\/www.europesays.com\/es\/wp-json\/wp\/v2\/media\/269213"}],"wp:attachment":[{"href":"https:\/\/www.europesays.com\/es\/wp-json\/wp\/v2\/media?parent=269212"}],"wp:term":[{"taxonomy":"category","embeddable":true,"href":"https:\/\/www.europesays.com\/es\/wp-json\/wp\/v2\/categories?post=269212"},{"taxonomy":"post_tag","embeddable":true,"href":"https:\/\/www.europesays.com\/es\/wp-json\/wp\/v2\/tags?post=269212"}],"curies":[{"name":"wp","href":"https:\/\/api.w.org\/{rel}","templated":true}]}}