{"id":269230,"date":"2025-12-03T15:50:13","date_gmt":"2025-12-03T15:50:13","guid":{"rendered":"https:\/\/www.europesays.com\/es\/269230\/"},"modified":"2025-12-03T15:50:13","modified_gmt":"2025-12-03T15:50:13","slug":"los-productores-espanoles-de-cerdo-muy-preocupados-por-el-foco-de-peste-porcina-africana","status":"publish","type":"post","link":"https:\/\/www.europesays.com\/es\/269230\/","title":{"rendered":"Los productores espa\u00f1oles de cerdo, \u00abmuy preocupados\u00bb por el foco de peste porcina africana"},"content":{"rendered":"<p>    <img src=\"https:\/\/www.europesays.com\/es\/wp-content\/uploads\/2025\/12\/2025-12-03T143A403A53Z-90578294.jpg\" width=\"1024\" height=\"682\" alt=\"\" loading=\"eager\" decoding=\"sync\" fetchpriority=\"high\"\/><\/p>\n<p>            afp_tickers        <\/p>\n<p>        Este contenido fue publicado en    <\/p>\n<p>        03 diciembre 2025 &#8211; 15:40\n<\/p>\n<p>El reciente brote de peste porcina africana detectado cerca de Barcelona, y que de momento suma nueve jabal\u00edes muertos, ha dejado \u00abmuy preocupados\u00bb a los integrantes del sector en Espa\u00f1a, tercer mayor productor mundial de carne de cerdo y sus derivados.<\/p>\n<p>La AFP analiza las posibles consecuencias del brote, el primero en Espa\u00f1a desde 1994, con Miguel \u00c1ngel Higuera, director de la Asociaci\u00f3n Nacional de Productores de Ganado Porcino de Espa\u00f1a (Anprogapor).<\/p>\n<p>\u2013 \u00bfCu\u00e1l es el impacto para la salud? \u2013<\/p>\n<p>La peste porcina africana no afecta a los humanos, pero es altamente contagiosa y letal para los cerdos, por lo que la detecci\u00f3n de un foco -si no es controlado a tiempo- puede tener consecuencias potencialmente devastadoras para el sector. \u00a0<\/p>\n<p>Tras encontrar la semana pasada dos casos en jabal\u00edes muertos en una zona boscosa del \u00e1rea metropolitana de Barcelona, las autoridades espa\u00f1olas confirmaron el martes otros siete casos dentro del mismo per\u00edmetro.\u00a0<\/p>\n<p>\u00abEstamos muy preocupados por la situaci\u00f3n\u00bb, reconoci\u00f3 Miguel \u00c1ngel Higuera, afirmando que el principal objetivo ahora es que \u00abla enfermedad no salte al cerdo dom\u00e9stico\u00bb.\u00a0<\/p>\n<p>Los an\u00e1lisis realizados en las granjas en un per\u00edmetro de 20 kil\u00f3metros alrededor de los primeros positivos dieron \u00ab100% de muestras negativas\u00bb, celebr\u00f3 el director de Anprogapor.<\/p>\n<p>\u00abEl impacto directo sanitario en las granjas es ninguno. No hay peste porcina africana en cerdo dom\u00e9stico en Espa\u00f1a\u00bb, asegur\u00f3.<\/p>\n<p>\u2013 \u00bfC\u00f3mo ha afectado al comercio? \u2013<\/p>\n<p>Espa\u00f1a exporta casi tres millones de toneladas de productos porcinos al a\u00f1o a m\u00e1s de 100 pa\u00edses, de los que un tercio han detenido las importaciones como medida de seguridad, seg\u00fan indic\u00f3 el ministro de Agricultura, Luis Planas.<\/p>\n<p>Pero el importante mercado chino, mayor consumidor mundial de carne de cerdo y principal destino de las exportaciones de porcino espa\u00f1ol, acept\u00f3 mantener las compras excepto para el producto procedente de la provincia de Barcelona.<\/p>\n<p>El sector trabaja junto al Ministerio de Agricultura para que esta \u00abregionalizaci\u00f3n\u00bb de las restricciones pueda aplicarse a otros lugares, se\u00f1al\u00f3 Higuera.\u00a0<\/p>\n<p>Las consecuencias del foco se sentir\u00e1n, sin embargo, durante alg\u00fan tiempo, ya que deben pasar al menos 12 meses desde el \u00faltimo caso para recuperar el importante estatus de libre de peste porcina africana.\u00a0<\/p>\n<p>\u00abComo sabemos que seguro que se van a encontrar m\u00e1s jabal\u00edes positivos, todav\u00eda no tenemos el minuto cero de empezar a contar hasta esos 12 meses\u00bb, valor\u00f3 Higuera, vaticinando que la situaci\u00f3n \u00abse va a alargar un tiempo\u00bb.\u00a0<\/p>\n<p>\u2013 \u00bfC\u00f3mo se puede enfrentar la enfermedad? \u2013<\/p>\n<p>El Ministerio de Agricultura y las regiones, responsables inicialmente de la gesti\u00f3n de emergencias en el descentralizado sistema espa\u00f1ol, pusieron en marcha el plan de acci\u00f3n previsto.<\/p>\n<p>Esta estrategia, preparada durante a\u00f1os, establece distancias entre las granjas porcinas, el tama\u00f1o que deben tener y los controles sanitarios a realizar, se\u00f1al\u00f3 Higuera.<\/p>\n<p>\u00abHemos mandado mensajes muy contundentes y potentes a nuestros socios de incrementar a\u00fan si cabe toda la bioseguridad\u00bb para evitar que el virus entre en las granjas, indic\u00f3 el director de Anprogapor.<\/p>\n<p>\u00abDonde tenemos problemas, y donde todo el mundo en Europa tiene problemas, es con la poblaci\u00f3n de jabal\u00edes silvestres, porque hay una sobrepoblaci\u00f3n\u00bb, resalt\u00f3. \u00abNo hay suficiente gesti\u00f3n cineg\u00e9tica de caza para hacer frente a estos crecimientos tan altos\u00bb de la cantidad de jabal\u00edes, puntualiz\u00f3.\u00a0<\/p>\n<p>Mientras numerosos agentes -entre ellos un centenar de soldados de la Unidad Militar de Emergencias (UME) espa\u00f1ola y el equipo veterinario de emergencia de la Comisi\u00f3n Europea- trabajan en la zona, Higuera espera que pueda contenerse el foco.\u00a0<\/p>\n<p>\u00abNosotros ahora mismo lo que tenemos [que hacer] es confiar [en] que todos los protocolos de contenci\u00f3n est\u00e9n funcionando\u00bb, finaliz\u00f3.\u00a0<\/p>\n<p>imm\/rs\/sag<\/p>\n","protected":false},"excerpt":{"rendered":"afp_tickers Este contenido fue publicado en 03 diciembre 2025 &#8211; 15:40 El reciente brote de peste porcina africana&hellip;\n","protected":false},"author":2,"featured_media":269231,"comment_status":"","ping_status":"","sticky":false,"template":"","format":"standard","meta":{"footnotes":""},"categories":[8],"tags":[26419,3432,66274,17,18,82,8543,84,756,25,24,20119,13,14,11,165,10110,85,19,20,66275,87,9856,9,10,15,16,23,90,12,21,22],"class_list":{"0":"post-269230","1":"post","2":"type-post","3":"status-publish","4":"format-standard","5":"has-post-thumbnail","7":"category-espana","8":"tag-agriculture","9":"tag-animal","10":"tag-animal-diseases","11":"tag-breaking-news","12":"tag-breakingnews","13":"tag-business","14":"tag-disease","15":"tag-economy-general","16":"tag-environment","17":"tag-es","18":"tag-espana","19":"tag-exports","20":"tag-featured-news","21":"tag-featurednews","22":"tag-headlines","23":"tag-health","24":"tag-human-interest","25":"tag-international-foreign-trade","26":"tag-latest-news","27":"tag-latestnews","28":"tag-livestock-farming","29":"tag-macro-economics","30":"tag-nature","31":"tag-news","32":"tag-noticias","33":"tag-noticias-destacadas","34":"tag-noticiasdestacadas","35":"tag-spain","36":"tag-ticker","37":"tag-titulares","38":"tag-ultimas-noticias","39":"tag-ultimasnoticias"},"share_on_mastodon":{"url":"","error":"Validation failed: Text character limit of 500 exceeded"},"_links":{"self":[{"href":"https:\/\/www.europesays.com\/es\/wp-json\/wp\/v2\/posts\/269230","targetHints":{"allow":["GET"]}}],"collection":[{"href":"https:\/\/www.europesays.com\/es\/wp-json\/wp\/v2\/posts"}],"about":[{"href":"https:\/\/www.europesays.com\/es\/wp-json\/wp\/v2\/types\/post"}],"author":[{"embeddable":true,"href":"https:\/\/www.europesays.com\/es\/wp-json\/wp\/v2\/users\/2"}],"replies":[{"embeddable":true,"href":"https:\/\/www.europesays.com\/es\/wp-json\/wp\/v2\/comments?post=269230"}],"version-history":[{"count":0,"href":"https:\/\/www.europesays.com\/es\/wp-json\/wp\/v2\/posts\/269230\/revisions"}],"wp:featuredmedia":[{"embeddable":true,"href":"https:\/\/www.europesays.com\/es\/wp-json\/wp\/v2\/media\/269231"}],"wp:attachment":[{"href":"https:\/\/www.europesays.com\/es\/wp-json\/wp\/v2\/media?parent=269230"}],"wp:term":[{"taxonomy":"category","embeddable":true,"href":"https:\/\/www.europesays.com\/es\/wp-json\/wp\/v2\/categories?post=269230"},{"taxonomy":"post_tag","embeddable":true,"href":"https:\/\/www.europesays.com\/es\/wp-json\/wp\/v2\/tags?post=269230"}],"curies":[{"name":"wp","href":"https:\/\/api.w.org\/{rel}","templated":true}]}}