{"id":269234,"date":"2025-12-03T15:55:11","date_gmt":"2025-12-03T15:55:11","guid":{"rendered":"https:\/\/www.europesays.com\/es\/269234\/"},"modified":"2025-12-03T15:55:11","modified_gmt":"2025-12-03T15:55:11","slug":"jon-rahm-y-tyrrell-hatton-al-borde-del-veredicto-del-tour","status":"publish","type":"post","link":"https:\/\/www.europesays.com\/es\/269234\/","title":{"rendered":"Jon Rahm y Tyrrell Hatton, al borde del veredicto del Tour"},"content":{"rendered":"<p>Jon Rahm y Tyrrell Hatton cada vez mas cerca de la resoluci\u00f3n que podr\u00eda apartarlos del DP World Tour y redefinir el rumbo del golf europeo<img fetchpriority=\"high\" decoding=\"async\" class=\"size-full wp-image-322726\" src=\"https:\/\/www.europesays.com\/es\/wp-content\/uploads\/2025\/12\/Tyrrell-Hatton-y-Jon-Rahm.-Foto-@RyderCupEurope-1.jpg\" alt=\"Jon Rahm, Tyrrell Hatton, DP World Tour, LIV Golf, Ryder Cup, \" width=\"650\" height=\"433\"  \/>Jon Rahm y Tyrrell Hatton podr\u00edan perder sus derechos de juego en el DP World Tour<\/p>\n<p style=\"text-align: justify;\">El destino de <strong>Jon Rahm<\/strong> y <strong>Tyrrell Hatton<\/strong> en el <strong>DP World Tour<\/strong> vuelve a situarse bajo los focos. Tras un a\u00f1o convulso desde su llegada a <strong>LIV Golf<\/strong>, los dos europeos de mayor peso en dar el salto al circuito saud\u00ed aguardan todav\u00eda el veredicto de su apelaci\u00f3n contra las sanciones impuestas por el Tour por disputar eventos \u201cconflictivos\u201d sin permiso.<\/p>\n<p style=\"text-align: justify;\">Rahm y Hatton, fieles a su intenci\u00f3n de defender a Europa, resistieron donde otros \u2013<strong>Poulter<\/strong>, <strong>Westwood<\/strong>, <strong>Stenson<\/strong>\u2013 decidieron romper amarras. Mantuvieron su membres\u00eda, pagaron el precio medi\u00e1tico y acabaron sellando su aparici\u00f3n en la <strong>Ryder Cup<\/strong> de <strong>Bethpage<\/strong>, donde contribuyeron al triunfo continental. Sin embargo, con la Ryder Cup ya en manos europeas, el reloj vuelve a correr en su contra.<\/p>\n<p style=\"text-align: justify;\">El silencio del DP World Tour sobre el proceso se hab\u00eda convertido en una nube permanente\u2026 hasta ahora. El ingl\u00e9s Eddie Pepperell, en el podcast The Chipping Forecast, desliz\u00f3 que el momento clave est\u00e1 cerca;\u00a0\u201cHe o\u00eddo rumores de que el caso podr\u00eda ser escuchado en abril. Para finales de mes, el Tour podr\u00eda tener claridad\u201d.<\/p>\n<p style=\"text-align: justify;\">Si ese rumor se confirma, Europa podr\u00eda estar a las puertas de una resoluci\u00f3n hist\u00f3rica. Y las consecuencias ser\u00edan demoledoras. Si el panel independiente vuelve a fallar a favor del Tour, como ya ocurri\u00f3 en 2023 con los primeros que se marcharon, Rahm y Hatton podr\u00edan quedar fuera del DP World Tour durante un tiempo indefinido. La puerta que mantuvieron abierta para competir en Europa -y para volver a la Ryder Cup- podr\u00eda cerrarse de golpe.<\/p>\n<p style=\"text-align: justify;\">Y no ser\u00edan los \u00fanicos damnificados. El fallo afectar\u00eda tambi\u00e9n a otros miembros de LIV que mantienen estatus en el circuito, como <strong>David Puig<\/strong>, reciente campe\u00f3n del <strong>Australian PGA Championship<\/strong>, y parte de una nueva ola de jugadores que han logrado mantenerse en ambos mundos\u2026 por ahora.<\/p>\n<p style=\"text-align: justify;\">En los pr\u00f3ximos meses, el golf europeo puede enfrentarse a una de sus decisiones m\u00e1s determinantes desde la irrupci\u00f3n de LIV. Y si algo est\u00e1 claro, es que el veredicto no solo dictar\u00e1 el futuro de Rahm y Hatton; puede redefinir el equilibrio de poder en el golf mundial.<\/p>\n<p style=\"text-align: justify;\"><strong>Puede seguir a OpenGolf en <\/strong><a style=\"color: #008000;\" href=\"https:\/\/www.facebook.com\/opengolfes.es\/\" rel=\"nofollow noopener\" target=\"_blank\"><strong>Facebook<\/strong><\/a><strong>; <\/strong><a style=\"color: #008000;\" href=\"https:\/\/twitter.com\/opengolf_news\" rel=\"nofollow noopener\" target=\"_blank\"><strong>Twitter<\/strong><\/a><strong>; <\/strong><a style=\"color: #008000;\" href=\"https:\/\/www.linkedin.com\/in\/fernando-molina-b1455a14\/\" rel=\"nofollow noopener\" target=\"_blank\"><strong>LinkedIn<\/strong><\/a><strong> y suscribi\u00e9ndose a trav\u00e9s de este enlace a nuestra <\/strong><a style=\"color: #008000;\" href=\"https:\/\/opengolf.es\/newsletters.php\" rel=\"nofollow noopener\" target=\"_blank\"><strong>Newsletter Semanal<\/strong><\/a><\/p>\n<p><script async src=\"https:\/\/platform.twitter.com\/widgets.js\" charset=\"utf-8\"><\/script><\/p>\n","protected":false},"excerpt":{"rendered":"Jon Rahm y Tyrrell Hatton cada vez mas cerca de la resoluci\u00f3n que podr\u00eda apartarlos del DP World&hellip;\n","protected":false},"author":2,"featured_media":269235,"comment_status":"","ping_status":"","sticky":false,"template":"","format":"standard","meta":{"footnotes":""},"categories":[275],"tags":[168,7316,25,24,329,390,968,2624,23,167,398],"class_list":{"0":"post-269234","1":"post","2":"type-post","3":"status-publish","4":"format-standard","5":"has-post-thumbnail","7":"category-golf","8":"tag-deportes","9":"tag-dp-world-tour","10":"tag-es","11":"tag-espana","12":"tag-golf","13":"tag-jon-rahm","14":"tag-liv-golf","15":"tag-ryder-cup","16":"tag-spain","17":"tag-sports","18":"tag-tyrrell-hatton"},"share_on_mastodon":{"url":"https:\/\/pubeurope.com\/@es\/115656453608572083","error":""},"_links":{"self":[{"href":"https:\/\/www.europesays.com\/es\/wp-json\/wp\/v2\/posts\/269234","targetHints":{"allow":["GET"]}}],"collection":[{"href":"https:\/\/www.europesays.com\/es\/wp-json\/wp\/v2\/posts"}],"about":[{"href":"https:\/\/www.europesays.com\/es\/wp-json\/wp\/v2\/types\/post"}],"author":[{"embeddable":true,"href":"https:\/\/www.europesays.com\/es\/wp-json\/wp\/v2\/users\/2"}],"replies":[{"embeddable":true,"href":"https:\/\/www.europesays.com\/es\/wp-json\/wp\/v2\/comments?post=269234"}],"version-history":[{"count":0,"href":"https:\/\/www.europesays.com\/es\/wp-json\/wp\/v2\/posts\/269234\/revisions"}],"wp:featuredmedia":[{"embeddable":true,"href":"https:\/\/www.europesays.com\/es\/wp-json\/wp\/v2\/media\/269235"}],"wp:attachment":[{"href":"https:\/\/www.europesays.com\/es\/wp-json\/wp\/v2\/media?parent=269234"}],"wp:term":[{"taxonomy":"category","embeddable":true,"href":"https:\/\/www.europesays.com\/es\/wp-json\/wp\/v2\/categories?post=269234"},{"taxonomy":"post_tag","embeddable":true,"href":"https:\/\/www.europesays.com\/es\/wp-json\/wp\/v2\/tags?post=269234"}],"curies":[{"name":"wp","href":"https:\/\/api.w.org\/{rel}","templated":true}]}}