{"id":269246,"date":"2025-12-03T16:04:11","date_gmt":"2025-12-03T16:04:11","guid":{"rendered":"https:\/\/www.europesays.com\/es\/269246\/"},"modified":"2025-12-03T16:04:11","modified_gmt":"2025-12-03T16:04:11","slug":"jorge-ponce-echa-mano-de-la-ia-en-la-revuelta-para-ayudar-a-ayuso-eta-prepara-el-asalto-a-navarra-con-monos-con-paraguas","status":"publish","type":"post","link":"https:\/\/www.europesays.com\/es\/269246\/","title":{"rendered":"Jorge Ponce echa mano de la IA en &#8216;La Revuelta&#8217; para &#8216;ayudar&#8217; a Ayuso: \u00abETA prepara el asalto a Navarra con monos con paraguas\u00bb"},"content":{"rendered":"<p class=\"v-mdl-ath__p v-mdl-ath__p--6\">\nMi\u00e9rcoles, 3 de diciembre 2025, 16:03<\/p>\n<p class=\"v-p\">Jorge Ponce hizo en el programa de este martes una potente cr\u00edtica social a la realidad paralela que se est\u00e1 creando gracias a las manipulaci\u00f3n con inteligencia artificial (IA) de im\u00e1genes y v\u00eddeos. El humorista y guionista de <a href=\"https:\/\/www.diariovasco.com\/temas\/generales\/la-revuelta.html\" data-voc-vtm-id=\"in-text-traffic\" title=\"&#039;La Revuelta&#039;\" data-mrf-link=\"www.diariovasco.com\" rel=\"nofollow noopener\" target=\"_blank\">&#8216;La Revuelta&#8217;<\/a> tom\u00f3 como base un peque\u00f1o v\u00eddeo en el que un mono arrebata un paraguas a un turista y sale volando como base de esa cr\u00edtica. Un ejemplo de &#8216;reel&#8217; de redes sociales que \u00able flipa\u00bb a Ponce y que tom\u00f3 para dise\u00f1ar ese mundo \u00abconfigurado por cada uno para que la realidad sea la que mejor me convenga\u00bb.<\/p>\n<p class=\"v-p\">\u00abAh\u00ed (en ese mundo), Frank de la Jungla es veterinario, el Rey Juan Carlos par\u00f3 el 23-F, t\u00fa (por David Broncano) eres l\u00edder de audiencia cuando quieras, Errej\u00f3n es feminista&#8230;\u00bb, brome\u00f3 el guionista de &#8216;La Revuelta&#8217; y a\u00f1adi\u00f3: \u00abY ETA est\u00e1 preparando el asalto a Navarra como dice Ayuso\u00bb. Ponce criticaba as\u00ed las palabras de la presidenta de la Comunidad de Madrid del pasado fin de semana en el que apuntaba a que la banda terrorista estaba planeando \u00abasaltar\u00bb los Gobiernos de Navarra y el Pa\u00eds Vasco.<\/p>\n<p class=\"v-p\">Pero Ponce no se detuvo ah\u00ed. \u00abPor qu\u00e9 quedarnos ah\u00ed, si ya puede ser lo que uno quiera (&#8230;) ETA est\u00e1 preparando el asalto a Navarra con monos con paraguas. Aprovechando el viento del Golfo de Bizkaia, monos etarras con paraguas&#8230;\u00bb, describi\u00f3 el humorista, que mostr\u00f3 despu\u00e9s otro clip creado por la IA en el que aparec\u00eda un macaco vistiendo una txapela y que robaba un paraguas con los colores de la ikurri\u00f1a y se lanzaba planeando. \u00abGora Euskal Herria&#8230;\u00bb, se escuchaba de fondo en el v\u00eddeo.<\/p>\n<p class=\"v-p\">El humorista de &#8216;La Revuelta&#8217; trat\u00f3 hacer as\u00ed una cr\u00edtica en la que advert\u00eda tanto de la manipulaci\u00f3n de las im\u00e1genes como de la verosimilitud que algunos le dan a esas fotos retocadas o a esas realidades paralelas o falsas que quieren lanzar para reforzar determinados mensajes.<\/p>\n<p>Reporta un error<\/p>\n","protected":false},"excerpt":{"rendered":"Mi\u00e9rcoles, 3 de diciembre 2025, 16:03 Jorge Ponce hizo en el programa de este martes una potente cr\u00edtica&hellip;\n","protected":false},"author":2,"featured_media":269247,"comment_status":"","ping_status":"","sticky":false,"template":"","format":"standard","meta":{"footnotes":""},"categories":[171],"tags":[9029,146,147,25,24,2152,136,3515,49768,29956,708,518,23,807,214],"class_list":{"0":"post-269246","1":"post","2":"type-post","3":"status-publish","4":"format-standard","5":"has-post-thumbnail","7":"category-tv","8":"tag-david-broncano","9":"tag-entertainment","10":"tag-entretenimiento","11":"tag-es","12":"tag-espana","13":"tag-eta","14":"tag-inteligencia-artificial","15":"tag-isabel-diaz-ayuso","16":"tag-jorge-ponce","17":"tag-la-revuelta","18":"tag-navarra","19":"tag-rtve","20":"tag-spain","21":"tag-television","22":"tag-tv"},"share_on_mastodon":{"url":"https:\/\/pubeurope.com\/@es\/115656488803689794","error":""},"_links":{"self":[{"href":"https:\/\/www.europesays.com\/es\/wp-json\/wp\/v2\/posts\/269246","targetHints":{"allow":["GET"]}}],"collection":[{"href":"https:\/\/www.europesays.com\/es\/wp-json\/wp\/v2\/posts"}],"about":[{"href":"https:\/\/www.europesays.com\/es\/wp-json\/wp\/v2\/types\/post"}],"author":[{"embeddable":true,"href":"https:\/\/www.europesays.com\/es\/wp-json\/wp\/v2\/users\/2"}],"replies":[{"embeddable":true,"href":"https:\/\/www.europesays.com\/es\/wp-json\/wp\/v2\/comments?post=269246"}],"version-history":[{"count":0,"href":"https:\/\/www.europesays.com\/es\/wp-json\/wp\/v2\/posts\/269246\/revisions"}],"wp:featuredmedia":[{"embeddable":true,"href":"https:\/\/www.europesays.com\/es\/wp-json\/wp\/v2\/media\/269247"}],"wp:attachment":[{"href":"https:\/\/www.europesays.com\/es\/wp-json\/wp\/v2\/media?parent=269246"}],"wp:term":[{"taxonomy":"category","embeddable":true,"href":"https:\/\/www.europesays.com\/es\/wp-json\/wp\/v2\/categories?post=269246"},{"taxonomy":"post_tag","embeddable":true,"href":"https:\/\/www.europesays.com\/es\/wp-json\/wp\/v2\/tags?post=269246"}],"curies":[{"name":"wp","href":"https:\/\/api.w.org\/{rel}","templated":true}]}}