{"id":269275,"date":"2025-12-03T16:28:14","date_gmt":"2025-12-03T16:28:14","guid":{"rendered":"https:\/\/www.europesays.com\/es\/269275\/"},"modified":"2025-12-03T16:28:14","modified_gmt":"2025-12-03T16:28:14","slug":"las-portadas-de-las-revistas-del-corazon-el-bautizo-del-hijo-de-fran-rivera-gabriela-guillen-fabiola-y-ana-rosa","status":"publish","type":"post","link":"https:\/\/www.europesays.com\/es\/269275\/","title":{"rendered":"Las portadas de las revistas del coraz\u00f3n: el bautizo del hijo de Fran Rivera, Gabriela Guill\u00e9n, Fabiola y Ana Rosa"},"content":{"rendered":"<p>Esta semana, en las revistas del coraz\u00f3n podemos ver el <strong>bautizo del hijo de\u00a0Francisco Rivera<\/strong> y Lourdes Montes, Nicol\u00e1s, <strong>el ultim\u00e1tum<\/strong> que le ha dado <strong>Gabriela Guill\u00e9n a Bert\u00edn Osborne<\/strong>,<strong> a Ana Rosa Quintana<\/strong> y las confesiones de<strong> Fabiola Mart\u00ednez<\/strong>.\u00a0Adem\u00e1s, <strong><a href=\"https:\/\/www.vozpopuli.com\/dolcevita\/lydia-lozando-desolada-gran-preocupacion-por-el-estado-de-salud-de-su-marido-charly.html\" rel=\"nofollow noopener\" target=\"_blank\">Lydia Lozano<\/a> est\u00e1 desolada<\/strong>, hay una <strong>gran preocupaci\u00f3n <\/strong>por el estado de salud de <strong>su marido Charly<\/strong> y tambi\u00e9n podemos ver a <strong>Isabel Pantoja<\/strong>,\u00a0que est\u00e1 a punto de ingresar una gran suma de dinero.<\/p>\n<p>Como cada mi\u00e9rcoles, <strong>en Vozp\u00f3puli <\/strong>te contamos las noticias m\u00e1s\u00a0relevantes de las revistas del coraz\u00f3n. Estas son <strong>las portadas de hoy, 3 de diciembre de 2025.<\/strong><\/p>\n<p>El bautizo del hijo de Fran Rivera, en la portada de\u00a0&#8216;Hola&#8217;\u00a0<\/p>\n<p>La revista &#8216;\u00a1Hola!&#8217; publica <strong>im\u00e1genes in\u00e9ditas del bautizo de Nicol\u00e1s<\/strong>, el tercer hijo en com\u00fan de Fran Rivera y Lourdes Montes. El matrimonio celebr\u00f3 este sacramento junto a sus amigos y familiares\u00a0en la Iglesia de Santa Ana, en el barrio de Triana, en Sevilla. Fran Rivera, de 51 a\u00f1os, y Lourdes, de 41, <strong>eligieron como padrinos <\/strong>al empresario <strong>Jos\u00e9 Luis L\u00f3pez, conocido como &#8216;El Turronero&#8217;<\/strong>, y a Paloma Rojas-Marcos, amiga de Lourdes Montes. Despu\u00e9s, se trasladaron a la <strong>Hacienda Santa Eufemia <\/strong>para seguir con la celebraci\u00f3n familiar.<\/p>\n<p>Tambi\u00e9n podemos ver en la portada de &#8216;\u00a1Hola!&#8217;\u00a0<strong>el tradicional baile de debutantes de Par\u00eds,<\/strong>\u00a0que se celebr\u00f3 el\u00a0s\u00e1bado 29 de noviembre, y re\u00fane a\u00a0las j\u00f3venes de familias destacadas de todo el mundo. Entre ellas se encontraban <strong>dos ahijadas del rey Juan Carlos I,<\/strong>\u00a0Eulalia de Orl\u00e9ans-Borb\u00f3n y Almudena Dailly de Orl\u00e9ans; y <strong>la nieta de Carolina Herrera,\u00a0Carolina Lansing.<\/strong><\/p>\n<p><img decoding=\"async\" alt=\"Portada Hola\" src=\"https:\/\/www.europesays.com\/es\/wp-content\/uploads\/2025\/12\/articulos-2576022.jpg\" style=\"width:20%\"\/>\u00a0Portada Hola\u00a0<\/p>\n<p>El ultim\u00e1tum de Gabriela Guill\u00e9n a Bert\u00edn Osborne en &#8216;Diez Minutos&#8217;\u00a0\u00a0\u00a0<\/p>\n<p><strong>Gabriela Guill\u00e9n, de 37 a\u00f1os, es la protagonista<\/strong> de la portada de &#8216;Diez Minutos&#8217; que le da un ultim\u00e1tum a su ex, Bert\u00edn Osborne, padre de su hijo. La guerra entre ellos contin\u00faa. <strong>Harta de la situaci\u00f3n y de que Bert\u00edn no se haga cargo del ni\u00f1o<\/strong>, ni le ve ni le ayuda econ\u00f3micamente, ha puesto \u201ccontra las cuerdas\u201d al presentador y cantante. <strong>Gabriela amenaz\u00f3 a Osborne con demandarle<\/strong> en\u00a0el programa &#8216;\u00a1De Viernes!&#8217;. Tras ello, esta misma semana <strong>han firmado un convenio regulador.<\/strong>\u00a0<\/p>\n<p>Adem\u00e1s, vemos fotos del <strong>bautizo del tercer hijo<\/strong> de\u00a0Francisco Rivera y Lourdes Montes, que se celebr\u00f3 en Sevilla. Tambi\u00e9n se hace eco de los <strong>detalles que ha dado Susanna Griso de su boda<\/strong> con Luis Enr\u00edquez Nistal. La presentadora de &#8216;Espejo P\u00fablico&#8217; ha revelado que <strong>los padrinos ser\u00e1n sus respectivos hijos<\/strong>. Adem\u00e1s, <strong>Alejandro Sanz desmiente<\/strong> <strong>los rumores de ruptura <\/strong>con su novia Candela M\u00e1rquez tras posar\u00a0con ella en un evento.\u00a0\u00a0<\/p>\n<p><img decoding=\"async\" alt=\"Portada Diez Minutos\" src=\"https:\/\/www.europesays.com\/es\/wp-content\/uploads\/2025\/12\/articulos-2576021.jpg\" style=\"width:20%\"\/>\u00a0Portada Diez Minutos<\/p>\n<p>Ana Rosa Quintana,\u00a0en la portada de la revista &#8216;Lecturas&#8217;\u00a0<\/p>\n<p><strong>Ana Rosa Quintana, de 69 a\u00f1os<\/strong>,\u00a0acapara la portada\u00a0de la revista &#8216;Lecturas&#8217;, ya que <strong>fue espectacular a la celebraci\u00f3n de<\/strong>\u00a0<strong>la fiesta de Navidad <\/strong>de su productora. La publicaci\u00f3n destaca que su fiesta es <strong>uno de los eventos m\u00e1s exclusivos<\/strong> de la temporada.\u00a0\u00a0<\/p>\n<p>Tambi\u00e9n publica que<strong> Isabel Pantoja va a cobrar\u00a0dos millones de euros <\/strong>por su gira americana, una elevada cantidad de dinero que le servir\u00e1 para <strong>solventar los problemas econ\u00f3micos<\/strong> que arrastra desde hace a\u00f1os\u00a0y se hace eco de\u00a0las <strong>memorias de <a href=\"https:\/\/www.vozpopuli.com\/dolcevita\/romina-power-publica-sus-memorias-lanza-reproches-a-albano-y-dice-que-si-su-hija-ylenia-estuviera-muerta-lo-habria.html\" rel=\"nofollow noopener\" target=\"_blank\">Romina\u00a0Power<\/a>,<\/strong> quien todav\u00eda afirma que su hija\u00a0Ylenia\u00a0est\u00e1 viva.\u00a0<\/p>\n<p>Adem\u00e1s, la periodista <strong>Pilar Eyre habla de la reina Victoria Eugenia<\/strong> y la define como\u00a0\u00abuna gran estratega\u00bb. Eyre es\u00a0autora del libro que<strong> inspir\u00f3 la serie de la reina Ena<\/strong>, de la que ahora se acaba de <strong>inaugurar una\u00a0exposici\u00f3n a la que acudieron los reyes Felipe y Letizia<\/strong> este martes. <strong>La <a href=\"https:\/\/www.vozpopuli.com\/dolcevita\/la-relevancia-de-la-tiara-de-cartier-que-ha-lucido-la-reina-letizia-y-sus-8-historicas-joyas-de-pasar.html\" rel=\"nofollow noopener\" target=\"_blank\">reina Letizia ha cedido la tiara Flor de Lis<\/a><\/strong> que forma parte del joyero de la reina Victoria Eugenia\u00a0de Battenberg, <strong>mujer del rey\u00a0Alfonso XIII.<\/strong><\/p>\n<p><img decoding=\"async\" alt=\"Portada Lecturas\" src=\"https:\/\/www.europesays.com\/es\/wp-content\/uploads\/2025\/12\/articulos-2576023.jpg\" style=\"width:20%\"\/>\u00a0Portada Lecturas<\/p>\n<p>Fabiola Mart\u00ednez, en la portada de la revista &#8216;Semana&#8217;\u00a0<\/p>\n<p>La portada de &#8216;Semana&#8217; la acapara\u00a0<strong>Fabiola Mart\u00ednez, que expresa su deseo de enamorarse<\/strong>\u00a0de nuevo tras su separaci\u00f3n de Bert\u00edn Osborne, padre de sus dos hijos. La empresaria venezolana confiesa que quiere volver a tener pareja a pesar de las complicaciones de conciliaci\u00f3n que tiene actualmente en su vida.<\/p>\n<p>Tambi\u00e9n vemos que <strong>Lydia Lozano est\u00e1 \u00abpreocupada\u00bb <\/strong>por el estado de salud de su marido Charly\u00a0que lleva dos meses ingresado en el hospital por complicaciones tras una operaci\u00f3n de espalda. Despu\u00e9s de pasar por quir\u00f3fano, el marido de Lydia tuvo\u00a0una infecci\u00f3n por una bacteria que deriv\u00f3 en una operaci\u00f3n de coraz\u00f3n. La periodista coment\u00f3 que est\u00e1 siendo un proceso \u00abmuy largo\u00bb y que el mundo de la bacteria es \u00abmuy complicado\u00bb.<\/p>\n<p>&#8216;Semana&#8217; tambi\u00e9n\u00a0hace un resumen de <strong>la relaci\u00f3n entre el rey Felipe VI y su padre, Juan Carlos I<\/strong>, protagonista de titulares esta semana por la salida a la venta de sus memorias &#8216;Reconciliaci\u00f3n&#8217; y la grabaci\u00f3n de un v\u00eddeo donde ha promocionado su libro.\u00a0Adem\u00e1s, la revista publica <strong>im\u00e1genes y los detalles del bautizo de Nicol\u00e1s,<\/strong> hijo de Fran Rivera y Lourdes Montes.\u00a0\u00a0<\/p>\n<p><img decoding=\"async\" alt=\"Portada Semana\" src=\"https:\/\/www.europesays.com\/es\/wp-content\/uploads\/2025\/12\/articulos-2576024.jpg\" style=\"width:20%\"\/>\u00a0Portada Semana<\/p>\n<p>\u00a0<\/p>\n<p>\u00a0<\/p>\n","protected":false},"excerpt":{"rendered":"Esta semana, en las revistas del coraz\u00f3n podemos ver el bautizo del hijo de\u00a0Francisco Rivera y Lourdes Montes,&hellip;\n","protected":false},"author":2,"featured_media":269276,"comment_status":"","ping_status":"","sticky":false,"template":"","format":"standard","meta":{"footnotes":""},"categories":[174],"tags":[255,146,147,25,24,256,23],"class_list":{"0":"post-269275","1":"post","2":"type-post","3":"status-publish","4":"format-standard","5":"has-post-thumbnail","7":"category-famosos","8":"tag-celebrities","9":"tag-entertainment","10":"tag-entretenimiento","11":"tag-es","12":"tag-espana","13":"tag-famosos","14":"tag-spain"},"share_on_mastodon":{"url":"https:\/\/pubeurope.com\/@es\/115656584463511105","error":""},"_links":{"self":[{"href":"https:\/\/www.europesays.com\/es\/wp-json\/wp\/v2\/posts\/269275","targetHints":{"allow":["GET"]}}],"collection":[{"href":"https:\/\/www.europesays.com\/es\/wp-json\/wp\/v2\/posts"}],"about":[{"href":"https:\/\/www.europesays.com\/es\/wp-json\/wp\/v2\/types\/post"}],"author":[{"embeddable":true,"href":"https:\/\/www.europesays.com\/es\/wp-json\/wp\/v2\/users\/2"}],"replies":[{"embeddable":true,"href":"https:\/\/www.europesays.com\/es\/wp-json\/wp\/v2\/comments?post=269275"}],"version-history":[{"count":0,"href":"https:\/\/www.europesays.com\/es\/wp-json\/wp\/v2\/posts\/269275\/revisions"}],"wp:featuredmedia":[{"embeddable":true,"href":"https:\/\/www.europesays.com\/es\/wp-json\/wp\/v2\/media\/269276"}],"wp:attachment":[{"href":"https:\/\/www.europesays.com\/es\/wp-json\/wp\/v2\/media?parent=269275"}],"wp:term":[{"taxonomy":"category","embeddable":true,"href":"https:\/\/www.europesays.com\/es\/wp-json\/wp\/v2\/categories?post=269275"},{"taxonomy":"post_tag","embeddable":true,"href":"https:\/\/www.europesays.com\/es\/wp-json\/wp\/v2\/tags?post=269275"}],"curies":[{"name":"wp","href":"https:\/\/api.w.org\/{rel}","templated":true}]}}