{"id":269287,"date":"2025-12-03T16:35:09","date_gmt":"2025-12-03T16:35:09","guid":{"rendered":"https:\/\/www.europesays.com\/es\/269287\/"},"modified":"2025-12-03T16:35:09","modified_gmt":"2025-12-03T16:35:09","slug":"un-equipo-del-cnic-lidera-desde-espana-el-primer-mapa-del-ejercito-de-neutrofilos-de-nuestro-sistema-inmune-ciencia-y-tecnologia","status":"publish","type":"post","link":"https:\/\/www.europesays.com\/es\/269287\/","title":{"rendered":"Un equipo del CNIC lidera desde Espa\u00f1a el primer mapa \u00abdel ej\u00e9rcito de neutr\u00f3filos\u00bb de nuestro sistema inmune | Ciencia y tecnolog\u00eda"},"content":{"rendered":"<p class=\"loc\">Madrid<\/p>\n<p>Los neutr\u00f3filos, las c\u00e9lulas defensivas m\u00e1s numerosas de nuestro sistema inmunitario \u00abson las primeras en acudir a un foco de infecci\u00f3n o da\u00f1o\u00bb, explica a la SER, Iv\u00e1n Ballesteros, profesor del Departamento de Neurociencia y Ciencias Biom\u00e9dicas y de la Facultad de Ciencia de la Salud de la UC3M e investigador del Centro nacional de investigaciones cardiovasculares. Sin embargo, sigue, \u00abse mantienen como un peque\u00f1o gran enigma para los cient\u00edficos\u00bb. <\/p>\n<p>La realidad es que a pesar de su papel esencial \u2014son capaces de salvarnos la vida ante una infecci\u00f3n\u2014, su comportamiento real en cada tejido, su diversidad, era todav\u00eda muy poco conocida. De hecho, \u00absabemos que cuando funcionan mal contribuyen a enfermedades cardiovasculares, inflamatorias o, incluso, al c\u00e1ncer\u00bb, dice el cient\u00edfico, \u00abpero todav\u00eda no comprendemos c\u00f3mo y por qu\u00e9\u00bb. <\/p>\n<p>Por eso el \u00abatlas\u00bb que lidera el CNIC, dependiente del Ministerio de Ciencia de nuestro pa\u00eds, es tan importante. En \u00e9l han participado cient\u00edficos de centros de investigaci\u00f3n de todo el mundo, por ejemplo, la Universidad de Yale o la Westlake de China, pero Espa\u00f1a lo encabeza. \u00abEs un orgullo ser los l\u00edderes de una investigaci\u00f3n\u00bb, explica Ballesteros. Y adem\u00e1s la entregan en c\u00f3digo abierto para que todos los cient\u00edficos del mundo la puedan usar gratis: se llama NeuMap, y es \u00abel primer atlas que organiza y describe de forma integral c\u00f3mo se comportan los neutr\u00f3filos en cada tejido humano, en las distintas etapas de la vida y c\u00f3mo reaccionan ante m\u00faltiples enfermedades\u00bb.<\/p>\n<p>El estudio, publicado en la revista Nature, ha analizado m\u00e1s de un mill\u00f3n de c\u00e9lulas mediante tecnolog\u00edas avanzadas de secuenciaci\u00f3n . Esto ha permitido al equipo \u00abobservar patrones biol\u00f3gicos imposibles de detectar en estudios aislados\u00bb. <\/p>\n<p>Explica Iv\u00e1n Ballesteros que \u00ablos neutr\u00f3filos son como un ej\u00e9rcito inmenso que trabaja en nuestra defensa pero podemos aprovecharlos mejor\u00bb. Y a\u00f1ade: \u00abahora tienen un mapa con el que podemos dirigirles, darles instrucciones y y encontrar nuevas v\u00edas para curar enfermedades\u00bb. <\/p>\n<p>Con NeuMap, la ciencia inmunol\u00f3gica puede entrar en una nueva fase: por primera vez, las c\u00e9lulas de nuestro sistema inmunitario -y los cient\u00edfiucos- tienen un mapa fiable para su batalla contra las infecciones y enfermedades. <\/p>\n","protected":false},"excerpt":{"rendered":"Madrid Los neutr\u00f3filos, las c\u00e9lulas defensivas m\u00e1s numerosas de nuestro sistema inmunitario \u00abson las primeras en acudir a&hellip;\n","protected":false},"author":2,"featured_media":269288,"comment_status":"","ping_status":"","sticky":false,"template":"","format":"standard","meta":{"footnotes":""},"categories":[92],"tags":[25,24,165,166,23],"class_list":{"0":"post-269287","1":"post","2":"type-post","3":"status-publish","4":"format-standard","5":"has-post-thumbnail","7":"category-salud","8":"tag-es","9":"tag-espana","10":"tag-health","11":"tag-salud","12":"tag-spain"},"share_on_mastodon":{"url":"https:\/\/pubeurope.com\/@es\/115656610710781806","error":""},"_links":{"self":[{"href":"https:\/\/www.europesays.com\/es\/wp-json\/wp\/v2\/posts\/269287","targetHints":{"allow":["GET"]}}],"collection":[{"href":"https:\/\/www.europesays.com\/es\/wp-json\/wp\/v2\/posts"}],"about":[{"href":"https:\/\/www.europesays.com\/es\/wp-json\/wp\/v2\/types\/post"}],"author":[{"embeddable":true,"href":"https:\/\/www.europesays.com\/es\/wp-json\/wp\/v2\/users\/2"}],"replies":[{"embeddable":true,"href":"https:\/\/www.europesays.com\/es\/wp-json\/wp\/v2\/comments?post=269287"}],"version-history":[{"count":0,"href":"https:\/\/www.europesays.com\/es\/wp-json\/wp\/v2\/posts\/269287\/revisions"}],"wp:featuredmedia":[{"embeddable":true,"href":"https:\/\/www.europesays.com\/es\/wp-json\/wp\/v2\/media\/269288"}],"wp:attachment":[{"href":"https:\/\/www.europesays.com\/es\/wp-json\/wp\/v2\/media?parent=269287"}],"wp:term":[{"taxonomy":"category","embeddable":true,"href":"https:\/\/www.europesays.com\/es\/wp-json\/wp\/v2\/categories?post=269287"},{"taxonomy":"post_tag","embeddable":true,"href":"https:\/\/www.europesays.com\/es\/wp-json\/wp\/v2\/tags?post=269287"}],"curies":[{"name":"wp","href":"https:\/\/api.w.org\/{rel}","templated":true}]}}