{"id":269297,"date":"2025-12-03T16:40:18","date_gmt":"2025-12-03T16:40:18","guid":{"rendered":"https:\/\/www.europesays.com\/es\/269297\/"},"modified":"2025-12-03T16:40:18","modified_gmt":"2025-12-03T16:40:18","slug":"agencia-espanola-de-seguridad-alimentaria-y-nutricion-12","status":"publish","type":"post","link":"https:\/\/www.europesays.com\/es\/269297\/","title":{"rendered":"Agencia Espa\u00f1ola de Seguridad Alimentaria y Nutrici\u00f3n"},"content":{"rendered":"<p align=\"right\">Fecha y hora: 03\/12\/2025 \u00a014:00<\/p>\n<tr>\n<td style=\" background-color: #D8D8D8; width: 100%;\">\n<p>\n                                        <b>La Agencia Espa\u00f1ola de Seguridad Alimentaria y Nutrici\u00f3n (AESAN) ampl\u00eda la informaci\u00f3n relativa a la alerta por presencia de Pseudomonas aeruginosa en agua mineral natural procedente de Espa\u00f1a (Ref. ES2025\/683)<\/b>\n                                    <\/p>\n<p>\n                                        <b>Las autoridades de Castilla la Mancha han comunicado la detecci\u00f3n de Pseudomonas aeruginosa en dos nuevos formatos de 5 L (lote 5290425) y 8 L (lote L 8050525), adem\u00e1s del inicialmente comunicado.<\/b>\n                                    <\/p>\n<p>\n                                        <b>Estos productos est\u00e1n siendo retirados de los canales de comercializaci\u00f3n.<\/b>\n                                    <\/p>\n<p>\n                                        <b>Se recomienda a las personas que tengan en su domicilio productos incluidos en esta alerta se abstengan de consumirlos.<\/b>\n                                    <\/p>\n<\/td>\n<\/tr>\n<p>Como ampliaci\u00f3n de la informaci\u00f3n transmitida el pasado 27\/11\/2025, la comunidad aut\u00f3noma de Castilla la Mancha ha informado a la Agencia Espa\u00f1ola de Seguridad Alimentaria y Nutrici\u00f3n, a trav\u00e9s del Sistema Coordinado de Intercambio R\u00e1pido de Informaci\u00f3n (SCIRI), de la detecci\u00f3n de Pseudomonas aeruginosa en dos nuevos formatos de 5 L (lote 5290425) y 8 L (lote L 8050525), adem\u00e1s del inicialmente comunicado.<\/p>\n<p>Los datos actualizados del producto implicado son:<\/p>\n<ul>\n<li>Nombre del producto: Agua mineral natural<\/li>\n<li>Nombre de marca: Fuente Madre<\/li>\n<li>Aspecto del producto: Envasado en botellas de 1,5 L, 5 L y 8 L<\/li>\n<li>Volumen de unidad y (n\u00famero de lote): 1,5 L (1 040725), 5 L (5290425) y 8 L (L 8050525)<\/li>\n<li>Fecha de caducidad: 31\/12\/2027<\/li>\n<li>Temperatura: Ambiente<\/li>\n<\/ul>\n<p>Se adjuntan im\u00e1genes disponibles.<\/p>\n<p>\n                        <img decoding=\"async\" alt=\"Producto alertado\" src=\"https:\/\/www.europesays.com\/es\/wp-content\/uploads\/2025\/11\/Agua_pseudomonas.jpg\"\/><\/p>\n<p>\n                        <img decoding=\"async\" alt=\"Producto alertado\" src=\"https:\/\/www.europesays.com\/es\/wp-content\/uploads\/2025\/11\/Agua_pseudomonas_1.jpg\"\/><\/p>\n<p>Seg\u00fan la informaci\u00f3n disponible, la distribuci\u00f3n ha sido a las Comunidades Aut\u00f3nomas de Andaluc\u00eda, Castilla la Mancha y Extremadura, si bien no es descartable que puedan existir redistribuciones a otras comunidades aut\u00f3nomas.<\/p>\n<p>Esta informaci\u00f3n ha sido trasladada a las autoridades competentes de las comunidades aut\u00f3nomas a trav\u00e9s del Sistema Coordinado de Intercambio R\u00e1pido de Informaci\u00f3n (SCIRI), con el objeto de que se verifique la retirada de los productos afectados de los canales de comercializaci\u00f3n.<\/p>\n<p>Se recomienda a las personas que tengan en su domicilio los productos afectados por dicha alerta, se abstengan de consumirlos.<\/p>\n<p class=\"all\">\n                        <a href=\"https:\/\/www.aesan.gob.es\/AECOSAN\/web\/seguridad_alimentaria\/alertas_alimentarias\/listado\/aecosan_listado_alertas_alimentarias.htm\" rel=\"nofollow noopener\" target=\"_blank\"> Ver todas las Alertas Alimentarias de Al\u00e9rgenos<\/a>\n                    <\/p>\n","protected":false},"excerpt":{"rendered":"Fecha y hora: 03\/12\/2025 \u00a014:00 La Agencia Espa\u00f1ola de Seguridad Alimentaria y Nutrici\u00f3n (AESAN) ampl\u00eda la informaci\u00f3n relativa&hellip;\n","protected":false},"author":2,"featured_media":259010,"comment_status":"","ping_status":"","sticky":false,"template":"","format":"standard","meta":{"footnotes":""},"categories":[8],"tags":[17,18,25,24,13,14,11,19,20,9,10,15,16,23,12,21,22],"class_list":{"0":"post-269297","1":"post","2":"type-post","3":"status-publish","4":"format-standard","5":"has-post-thumbnail","7":"category-espana","8":"tag-breaking-news","9":"tag-breakingnews","10":"tag-es","11":"tag-espana","12":"tag-featured-news","13":"tag-featurednews","14":"tag-headlines","15":"tag-latest-news","16":"tag-latestnews","17":"tag-news","18":"tag-noticias","19":"tag-noticias-destacadas","20":"tag-noticiasdestacadas","21":"tag-spain","22":"tag-titulares","23":"tag-ultimas-noticias","24":"tag-ultimasnoticias"},"share_on_mastodon":{"url":"https:\/\/pubeurope.com\/@es\/115656630604364452","error":""},"_links":{"self":[{"href":"https:\/\/www.europesays.com\/es\/wp-json\/wp\/v2\/posts\/269297","targetHints":{"allow":["GET"]}}],"collection":[{"href":"https:\/\/www.europesays.com\/es\/wp-json\/wp\/v2\/posts"}],"about":[{"href":"https:\/\/www.europesays.com\/es\/wp-json\/wp\/v2\/types\/post"}],"author":[{"embeddable":true,"href":"https:\/\/www.europesays.com\/es\/wp-json\/wp\/v2\/users\/2"}],"replies":[{"embeddable":true,"href":"https:\/\/www.europesays.com\/es\/wp-json\/wp\/v2\/comments?post=269297"}],"version-history":[{"count":0,"href":"https:\/\/www.europesays.com\/es\/wp-json\/wp\/v2\/posts\/269297\/revisions"}],"wp:featuredmedia":[{"embeddable":true,"href":"https:\/\/www.europesays.com\/es\/wp-json\/wp\/v2\/media\/259010"}],"wp:attachment":[{"href":"https:\/\/www.europesays.com\/es\/wp-json\/wp\/v2\/media?parent=269297"}],"wp:term":[{"taxonomy":"category","embeddable":true,"href":"https:\/\/www.europesays.com\/es\/wp-json\/wp\/v2\/categories?post=269297"},{"taxonomy":"post_tag","embeddable":true,"href":"https:\/\/www.europesays.com\/es\/wp-json\/wp\/v2\/tags?post=269297"}],"curies":[{"name":"wp","href":"https:\/\/api.w.org\/{rel}","templated":true}]}}