{"id":269310,"date":"2025-12-03T16:52:14","date_gmt":"2025-12-03T16:52:14","guid":{"rendered":"https:\/\/www.europesays.com\/es\/269310\/"},"modified":"2025-12-03T16:52:14","modified_gmt":"2025-12-03T16:52:14","slug":"snohetta-revela-nuevas-imagenes-del-diseno-ganador-de-la-opera-de-dusseldorf","status":"publish","type":"post","link":"https:\/\/www.europesays.com\/es\/269310\/","title":{"rendered":"Sn\u00f8hetta revela nuevas im\u00e1genes del dise\u00f1o ganador de la \u00d3pera de D\u00fcsseldorf"},"content":{"rendered":"<p><a class=\"js-image-size__link \" href=\"https:\/\/www.archdaily.cl\/cl\/1036234\/snohetta-revela-nuevas-imagenes-del-diseno-ganador-de-la-pera-de-dusseldorf\/691d9edd35d752125cbc272f-snohetta-reveals-new-images-of-winning-dusseldorf-opera-house-design-photo\" rel=\"attachment nofollow noopener\" style=\"width: 100%; height: 100%;\" target=\"_blank\"><img decoding=\"async\" alt=\"Sn\u00f8hetta revela nuevas im\u00e1genes del dise\u00f1o ganador de la \u00d3pera de D\u00fcsseldorf - Imagen 1 de 10\" data-nr-picture-id=\"691d9edd35d752125cbc272f\" fetchpriority=\"high\" height=\"360\" itemprop=\"image\" loading=\"eager\" longdesc=\"https:\/\/www.archdaily.cl\/cl\/1036234\/snohetta-revela-nuevas-imagenes-del-diseno-ganador-de-la-pera-de-dusseldorf\/691d9edd35d752125cbc272f-snohetta-reveals-new-images-of-winning-dusseldorf-opera-house-design-photo\" src=\"https:\/\/www.europesays.com\/es\/wp-content\/uploads\/2025\/12\/snohetta-reveals-new-images-of-winning-dusseldorf-opera-house-design_1.jpg\" style=\"min-height: var(--featured-height, auto); aspect-ratio: auto 640 \/ 360\" width=\"640\"\/><\/a>D\u00fcsseldorf Opera House por Sn\u00f8hetta. Imagen \u00a9 MIR\/Sn\u00f8hetta<\/p>\n<p>    Compartir<\/p>\n<p>Compartir<\/p>\n<ul class=\"afd-share__networks clearfix\">\n<li class=\"afd-share__social\"><a aria-label=\"Facebook\" class=\"afd-share__button\" data-insights-category=\"share\" data-insights-label=\"facebook_sharing_options\" data-insights-value=\"1036234\" data-social=\"facebook\" href=\"https:\/\/www.facebook.com\/sharer\/sharer.php?u=https:\/\/www.archdaily.cl\/cl\/1036234\/snohetta-revela-nuevas-imagenes-del-diseno-ganador-de-la-pera-de-dusseldorf\" rel=\"nofollow noopener\" target=\"_blank\"><\/a>\n<p>Facebook<\/p>\n<\/li>\n<li class=\"afd-share__social\"><a aria-label=\"Twitter\" class=\"afd-share__button\" data-insights-category=\"share\" data-insights-label=\"twitter_sharing_options\" data-insights-value=\"1036234\" data-social=\"twitter\" href=\"https:\/\/twitter.com\/intent\/tweet?text=Sn%C3%B8hetta%20revela%20nuevas%20im%C3%A1genes%20del%20dise%C3%B1o%20ganador%20de%20la%20%C3%93pera%20de%20D%C3%BCsseldorf&amp;url=https:\/\/www.archdaily.cl\/cl\/1036234\/snohetta-revela-nuevas-imagenes-del-diseno-ganador-de-la-pera-de-dusseldorf&amp;via=parq\" rel=\"nofollow noopener\" target=\"_blank\"><\/a>\n<p>Twitter<\/p>\n<\/li>\n<li class=\"afd-share__social\"><a class=\"afd-share__button\" data-insights-category=\"share\" data-insights-label=\"email_sharing_options\" data-insights-value=\"1036234\" data-social=\"email\" href=\"mailto:?subject=Sn\u00f8hetta revela nuevas im\u00e1genes del dise\u00f1o ganador de la \u00d3pera de D\u00fcsseldorf&amp;body=https:\/\/www.archdaily.cl\/cl\/1036234\/snohetta-revela-nuevas-imagenes-del-diseno-ganador-de-la-pera-de-dusseldorf\"><\/a>\n<p>Mail<\/p>\n<\/li>\n<li class=\"afd-share__social\"><a aria-label=\"Pinterest\" class=\"afd-share__button\" data-insights-category=\"share\" data-insights-label=\"pinterest_sharing_options\" data-insights-value=\"1036234\" data-social=\"pinterest\" href=\"https:\/\/pinterest.com\/pin\/create\/button\/?url=https%3A%2F%2Fwww.archdaily.cl%2Fcl%2F1036234%2Fsnohetta-revela-nuevas-imagenes-del-diseno-ganador-de-la-pera-de-dusseldorf&amp;media=https%3A%2F%2Fimages.adsttc.com%2Fmedia%2Fimages%2F691d%2F9edd%2F35d7%2F5212%2F5cbc%2F272f%2Flarge_jpg%2Fsnohetta-reveals-new-images-of-winning-dusseldorf-opera-house-design_1.jpg%3F1763548919&amp;description=Sn%C3%B8hetta%20revela%20nuevas%20im%C3%A1genes%20del%20dise%C3%B1o%20ganador%20de%20la%20%C3%93pera%20de%20D%C3%BCsseldorf\" rel=\"nofollow noopener\" target=\"_blank\"><\/a>\n<p>Pinterest<\/p>\n<\/li>\n<li class=\"afd-share__social\"><a aria-label=\"Whatsapp\" class=\"afd-share__button\" data-action=\"share\/whatsapp\/share\" data-insights-category=\"share\" data-insights-label=\"whatsapp_sharing_options\" data-insights-value=\"1036234\" data-social=\"whatsapp\" href=\"whatsapp:\/\/send?text=Sn%C3%B8hetta+revela+nuevas+im%C3%A1genes+del+dise%C3%B1o+ganador+de+la+%C3%93pera+de+D%C3%BCsseldorf+%7C+https%3A%2F%2Fwww.archdaily.cl%2Fcl%2F1036234%2Fsnohetta-revela-nuevas-imagenes-del-diseno-ganador-de-la-pera-de-dusseldorf%3Futm_source%3DWhatsapp%26utm_medium%3DIM%26utm_campaign%3Dshare-button\" rel=\"nofollow\"><\/a>\n<p>Whatsapp<\/p>\n<\/li>\n<\/ul>\n<p>O<\/p>\n<p>https:\/\/www.archdaily.cl\/cl\/1036234\/snohetta-revela-nuevas-imagenes-del-diseno-ganador-de-la-pera-de-dusseldorf<\/p>\n<p>  Portapapeles<\/p>\n<p>              \u00abCOPY\u00bb<\/p>\n<p>Copiar<\/p>\n<p><a href=\"https:\/\/www.archdaily.cl\/cl\/office\/snohetta\" target=\"_blank\" rel=\"noopener nofollow\">Sn\u00f8hetta<\/a> ha revelado nuevas im\u00e1genes de su dise\u00f1o ganador para <a href=\"https:\/\/www.archdaily.cl\/cl\/969654\/snohetta-disena-la-nueva-opera-de-dusseldorf-alemania\" target=\"_blank\" rel=\"noopener nofollow\">la nueva \u00d3pera de D\u00fcsseldorf<\/a>. Lanzado por primera vez en 2017, <a href=\"https:\/\/www.archdaily.com\/997882\/finalists-announced-for-opera-house-of-the-future-competition-in-dusseldorf-including-snohetta-henning-larsen-and-hpp-architects?ad_source=search&amp;ad_medium=projects_tab&amp;ad_source=search&amp;ad_medium=search_result_all\" rel=\"nofollow noopener\" target=\"_blank\">el concurso \u00abOpera House of the Future\u00bb<\/a> experiment\u00f3 varias interrupciones a lo largo de los a\u00f1os debido a cambios en el sitio de construcci\u00f3n planificado, extendiendo el proceso de toma de decisiones para este importante <a href=\"https:\/\/www.archdaily.cl\/cl\/tag\/cultural\" target=\"_blank\" rel=\"noopener nofollow\">proyecto cultural<\/a>. El nuevo edificio est\u00e1 dise\u00f1ado para albergar la Deutsche Oper am Rhein junto con la Biblioteca de M\u00fasica de la Ciudad de <a href=\"https:\/\/www.archdaily.cl\/cl\/tag\/dusseldorf\" target=\"_blank\" rel=\"noopener nofollow\">D\u00fcsseldorf<\/a> y la Escuela de M\u00fasica Clara Schumann, formando un <a href=\"https:\/\/www.archdaily.cl\/cl\/tag\/cultural\" target=\"_blank\" rel=\"noopener nofollow\">espacio cultural<\/a> consolidado. La propuesta busca establecer un <a href=\"https:\/\/www.archdaily.cl\/cl\/tag\/opera\" target=\"_blank\" rel=\"noopener nofollow\">teatro de \u00f3pera<\/a> <a href=\"https:\/\/www.archdaily.cl\/cl\/tag\/contemporanea\" target=\"_blank\" rel=\"noopener nofollow\">contempor\u00e1neo<\/a> que fortalezca la <a href=\"https:\/\/www.archdaily.cl\/cl\/tag\/infraestructura\" target=\"_blank\" rel=\"noopener nofollow\">infraestructura<\/a> cultural y la <a href=\"https:\/\/www.archdaily.cl\/cl\/tag\/public\" target=\"_blank\" rel=\"noopener nofollow\">vida p\u00fablica<\/a> de la ciudad.<\/p>\n<p class=\"thumbs afd-desktop-e clearfix\"><a class=\"thumbs__link\" data-nr-picture-id=\"691d9ef2bd4b8007066670bf\" href=\"https:\/\/www.archdaily.cl\/cl\/1036234\/snohetta-revela-nuevas-imagenes-del-diseno-ganador-de-la-pera-de-dusseldorf\/691d9ef2bd4b8007066670bf-snohetta-reveals-new-images-of-winning-dusseldorf-opera-house-design-photo\" rel=\"attachment nofollow noopener\" target=\"_blank\"><img loading=\"lazy\" decoding=\"async\" alt=\"Sn\u00f8hetta revela nuevas im\u00e1genes del dise\u00f1o ganador de la \u00d3pera de D\u00fcsseldorf - Imagen 2 de 10\" class=\"thumbs__img b-lazy\" data-nr-picture-id=\"691d9ef2bd4b8007066670bf\" data-pin-nopin=\"true\" src=\"https:\/\/www.europesays.com\/es\/wp-content\/uploads\/2025\/12\/snohetta-reveals-new-images-of-winning-dusseldorf-opera-house-design_8.jpg\" height=\"125\" longdesc=\"https:\/\/www.archdaily.cl\/cl\/1036234\/snohetta-revela-nuevas-imagenes-del-diseno-ganador-de-la-pera-de-dusseldorf\/691d9ef2bd4b8007066670bf-snohetta-reveals-new-images-of-winning-dusseldorf-opera-house-design-photo\" title=\"D\u00fcsseldorf Opera House por Sn\u00f8hetta. Imagen \u00a9 MIR\/Sn\u00f8hetta\" width=\"125\"\/><\/a><a class=\"thumbs__link\" data-nr-picture-id=\"691d9ee935d752125cbc2730\" href=\"https:\/\/www.archdaily.cl\/cl\/1036234\/snohetta-revela-nuevas-imagenes-del-diseno-ganador-de-la-pera-de-dusseldorf\/691d9ee935d752125cbc2730-snohetta-reveals-new-images-of-winning-dusseldorf-opera-house-design-photo\" rel=\"attachment nofollow noopener\" target=\"_blank\"><img loading=\"lazy\" decoding=\"async\" alt=\"Sn\u00f8hetta revela nuevas im\u00e1genes del dise\u00f1o ganador de la \u00d3pera de D\u00fcsseldorf - Imagen 3 de 10\" class=\"thumbs__img b-lazy\" data-nr-picture-id=\"691d9ee935d752125cbc2730\" data-pin-nopin=\"true\" src=\"https:\/\/www.europesays.com\/es\/wp-content\/uploads\/2025\/12\/snohetta-reveals-new-images-of-winning-dusseldorf-opera-house-design_3.jpg\" height=\"125\" longdesc=\"https:\/\/www.archdaily.cl\/cl\/1036234\/snohetta-revela-nuevas-imagenes-del-diseno-ganador-de-la-pera-de-dusseldorf\/691d9ee935d752125cbc2730-snohetta-reveals-new-images-of-winning-dusseldorf-opera-house-design-photo\" title=\"D\u00fcsseldorf Opera House por Sn\u00f8hetta. Imagen \u00a9 MIR\/Sn\u00f8hetta\" width=\"125\"\/><\/a><a class=\"thumbs__link\" data-nr-picture-id=\"691d9ee86c6751017f96cc73\" href=\"https:\/\/www.archdaily.cl\/cl\/1036234\/snohetta-revela-nuevas-imagenes-del-diseno-ganador-de-la-pera-de-dusseldorf\/691d9ee86c6751017f96cc73-snohetta-reveals-new-images-of-winning-dusseldorf-opera-house-design-photo\" rel=\"attachment nofollow noopener\" target=\"_blank\"><img loading=\"lazy\" decoding=\"async\" alt=\"Sn\u00f8hetta revela nuevas im\u00e1genes del dise\u00f1o ganador de la \u00d3pera de D\u00fcsseldorf - Imagen 4 de 10\" class=\"thumbs__img b-lazy\" data-nr-picture-id=\"691d9ee86c6751017f96cc73\" data-pin-nopin=\"true\" src=\"https:\/\/www.europesays.com\/es\/wp-content\/uploads\/2025\/12\/snohetta-reveals-new-images-of-winning-dusseldorf-opera-house-design_4.jpg\" height=\"125\" longdesc=\"https:\/\/www.archdaily.cl\/cl\/1036234\/snohetta-revela-nuevas-imagenes-del-diseno-ganador-de-la-pera-de-dusseldorf\/691d9ee86c6751017f96cc73-snohetta-reveals-new-images-of-winning-dusseldorf-opera-house-design-photo\" title=\"D\u00fcsseldorf Opera House por Sn\u00f8hetta. Imagen \u00a9 MIR\/Sn\u00f8hetta\" width=\"125\"\/><\/a><a class=\"thumbs__link\" data-nr-picture-id=\"691d9f9235d752125cbc2731\" href=\"https:\/\/www.archdaily.cl\/cl\/1036234\/snohetta-revela-nuevas-imagenes-del-diseno-ganador-de-la-pera-de-dusseldorf\/691d9f9235d752125cbc2731-snohetta-reveals-new-images-of-winning-dusseldorf-opera-house-design-photo\" rel=\"attachment nofollow noopener\" target=\"_blank\"><img loading=\"lazy\" decoding=\"async\" alt=\"Sn\u00f8hetta revela nuevas im\u00e1genes del dise\u00f1o ganador de la \u00d3pera de D\u00fcsseldorf - Imagen 5 de 10\" class=\"thumbs__img b-lazy\" data-nr-picture-id=\"691d9f9235d752125cbc2731\" data-pin-nopin=\"true\" src=\"https:\/\/www.europesays.com\/es\/wp-content\/uploads\/2025\/12\/snohetta-reveals-new-images-of-winning-dusseldorf-opera-house-design_10.jpg\" height=\"125\" longdesc=\"https:\/\/www.archdaily.cl\/cl\/1036234\/snohetta-revela-nuevas-imagenes-del-diseno-ganador-de-la-pera-de-dusseldorf\/691d9f9235d752125cbc2731-snohetta-reveals-new-images-of-winning-dusseldorf-opera-house-design-photo\" title=\"Modelo D\u00fcsseldorf Opera House. Imagen \u00a9 Hans-Joachim Wutheonow\" width=\"125\"\/><\/a><a class=\"gallery-link afd-desktop-e\" href=\"https:\/\/www.archdaily.cl\/cl\/1036234\/snohetta-revela-nuevas-imagenes-del-diseno-ganador-de-la-pera-de-dusseldorf\/691d9edd35d752125cbc272f-snohetta-reveals-new-images-of-winning-dusseldorf-opera-house-design-photo\" rel=\"nofollow noopener\" target=\"_blank\"><img decoding=\"async\" alt=\"Sn\u00f8hetta revela nuevas im\u00e1genes del dise\u00f1o ganador de la \u00d3pera de D\u00fcsseldorf - M\u00e1s Im\u00e1genes\" class=\"thumbs__img b-lazy\" src=\"https:\/\/www.europesays.com\/es\/wp-content\/uploads\/2025\/12\/snohetta-reveals-new-images-of-winning-dusseldorf-opera-house-design_1.jpg\" itemprop=\"image\" bad-src=\"data:image\/gif;base64,R0lGODlhAQABAIAAAAUEBAAAACwAAAAAAQABAAACAkQBADs=\"\/>+ 5<\/a><\/p>\n<p><a class=\"js-image-size__link lazy-anchor\" href=\"https:\/\/www.archdaily.cl\/cl\/1036234\/snohetta-revela-nuevas-imagenes-del-diseno-ganador-de-la-pera-de-dusseldorf\/691d9ef2bd4b8007066670bf-snohetta-reveals-new-images-of-winning-dusseldorf-opera-house-design-photo\" rel=\"nofollow noopener\" target=\"_blank\"><img decoding=\"async\" alt=\"Sn\u00f8hetta revela nuevas im\u00e1genes del dise\u00f1o ganador de la \u00d3pera de D\u00fcsseldorf - Imagen 2 de 10\" data-nr-picture-id=\"691d9ef2bd4b8007066670bf\" height=\"427\" itemprop=\"image\" loading=\"lazy\" longdesc=\"https:\/\/www.archdaily.cl\/cl\/1036234\/snohetta-revela-nuevas-imagenes-del-diseno-ganador-de-la-pera-de-dusseldorf\/691d9ef2bd4b8007066670bf-snohetta-reveals-new-images-of-winning-dusseldorf-opera-house-design-photo\" src=\"https:\/\/www.europesays.com\/es\/wp-content\/uploads\/2025\/12\/1764780733_678_snohetta-reveals-new-images-of-winning-dusseldorf-opera-house-design_8.jpg\" width=\"640\"\/>D\u00fcsseldorf Opera House por Sn\u00f8hetta. Imagen \u00a9 MIR\/Sn\u00f8hetta<\/a><\/p>\n<p>La propuesta, elegida un\u00e1nimemente por un jurado de 25 miembros, est\u00e1 concebida como un <a href=\"https:\/\/www.archdaily.cl\/cl\/tag\/cultural\" target=\"_blank\" rel=\"noopener nofollow\">espacio cultural<\/a> abierto y accesible en el centro de la <a href=\"https:\/\/www.archdaily.cl\/cl\/tag\/ciudad\" rel=\"nofollow noopener\" target=\"_blank\">ciudad<\/a>. El dise\u00f1o de <a href=\"https:\/\/www.archdaily.cl\/cl\/tag\/snohetta\" target=\"_blank\" rel=\"noopener nofollow\">Sn\u00f8hetta<\/a> introduce una planta baja con forma de cueva inspirada en el camino serpenteante del <a href=\"https:\/\/www.archdaily.com\/tag\/rhine\/page\/1\" rel=\"nofollow noopener\" target=\"_blank\">Rin<\/a>, imaginando una interfaz urbana porosa que fomenta el movimiento y la participaci\u00f3n<a href=\"https:\/\/www.archdaily.cl\/cl\/tag\/public\" target=\"_blank\" rel=\"noopener nofollow\"> p\u00fablica<\/a>. Al dividir la masa total en tres vol\u00famenes trapezoidales asim\u00e9tricos e integrar pasajes a nivel del suelo, el esquema permite que la luz del d\u00eda penetre en el sitio y mejora la circulaci\u00f3n en un terreno compacto.<\/p>\n<p><a class=\"js-image-size__link lazy-anchor\" href=\"https:\/\/www.archdaily.cl\/cl\/1036234\/snohetta-revela-nuevas-imagenes-del-diseno-ganador-de-la-pera-de-dusseldorf\/691d9ee935d752125cbc2730-snohetta-reveals-new-images-of-winning-dusseldorf-opera-house-design-photo\" rel=\"nofollow noopener\" target=\"_blank\"><img decoding=\"async\" alt=\"Sn\u00f8hetta revela nuevas im\u00e1genes del dise\u00f1o ganador de la \u00d3pera de D\u00fcsseldorf - Imagen 3 de 10\" data-nr-picture-id=\"691d9ee935d752125cbc2730\" height=\"427\" itemprop=\"image\" loading=\"lazy\" longdesc=\"https:\/\/www.archdaily.cl\/cl\/1036234\/snohetta-revela-nuevas-imagenes-del-diseno-ganador-de-la-pera-de-dusseldorf\/691d9ee935d752125cbc2730-snohetta-reveals-new-images-of-winning-dusseldorf-opera-house-design-photo\" src=\"https:\/\/www.europesays.com\/es\/wp-content\/uploads\/2025\/12\/1764780733_828_snohetta-reveals-new-images-of-winning-dusseldorf-opera-house-design_3.jpg\" width=\"640\"\/>D\u00fcsseldorf Opera House por Sn\u00f8hetta. Imagen \u00a9 MIR\/Sn\u00f8hetta<\/a><\/p>\n<p>La forma tripartita tambi\u00e9n simboliza la unidad de las tres instituciones que alberga. Cada techo se inclina en una direcci\u00f3n diferente, bajando donde se encuentra con las estructuras vecinas y elev\u00e1ndose para se\u00f1alar la presencia <a href=\"https:\/\/www.archdaily.cl\/cl\/tag\/civico\" target=\"_blank\" rel=\"noopener nofollow\">c\u00edvica<\/a> del edificio. La planta baja tallada se abre hacia todos los lados del sitio, estableciendo conexiones visuales y f\u00edsicas generosas con el \u00e1mbito p\u00fablico circundante. Este enfoque posiciona la base del edificio como un espacio cultural activo integrado en la vida diaria de la <a href=\"https:\/\/www.archdaily.cl\/cl\/tag\/ciudad\" target=\"_blank\" rel=\"noopener nofollow\">ciudad<\/a>.<\/p>\n<p>  Art\u00edculo relacionado <a class=\"rel-article__link\" data-insights-category=\"related-article\" data-insights-label=\"3\" data-insights-value=\"1036234\" href=\"https:\/\/www.archdaily.com\/1035808\/snohetta-selected-to-design-the-new-qiantang-bay-art-museum-in-hangzhou-china?ad_medium=widget&amp;ad_name=related-article&amp;ad_content=1036234\" rel=\"nofollow noopener\" target=\"_blank\">Sn\u00f8hetta dise\u00f1ar\u00e1 el nuevo Museo de Arte de la Bah\u00eda de Qiantang en Hangzhou, China<\/a>  <\/p>\n<p>El exterior se define por una fachada de piedra natural de color claro y ventilada por la parte trasera que se alinea con la paleta de materiales de <a href=\"https:\/\/www.archdaily.cl\/cl\/tag\/dusseldorf\" target=\"_blank\" rel=\"noopener nofollow\">D\u00fcsseldorf<\/a> mientras ayuda a moderar la ganancia de calor durante los meses de verano. Los m\u00f3dulos de piedra var\u00edan en tama\u00f1o y acabado superficial, desde rugosos hasta finamente molidos, dispuestos en bandas en forma de ola que hacen referencia a las capas de sedimento geol\u00f3gico y extienden el motivo de erosi\u00f3n desde la planta baja hasta la fachada. Grandes aberturas enmarcan \u00e1reas p\u00fablicas clave, incluyendo el foyer y los espacios de ensayo, mientras que las ventanas de filtro m\u00e1s peque\u00f1as proporcionan sombra controlada y <a href=\"https:\/\/www.archdaily.cl\/cl\/tag\/ventilacion\" target=\"_blank\" rel=\"noopener nofollow\">ventilaci\u00f3n<\/a>.<\/p>\n<p><a class=\"js-image-size__link lazy-anchor\" href=\"https:\/\/www.archdaily.cl\/cl\/1036234\/snohetta-revela-nuevas-imagenes-del-diseno-ganador-de-la-pera-de-dusseldorf\/691d9ee86c6751017f96cc73-snohetta-reveals-new-images-of-winning-dusseldorf-opera-house-design-photo\" rel=\"nofollow noopener\" target=\"_blank\"><img decoding=\"async\" alt=\"Sn\u00f8hetta revela nuevas im\u00e1genes del dise\u00f1o ganador de la \u00d3pera de D\u00fcsseldorf - Imagen 4 de 10\" data-nr-picture-id=\"691d9ee86c6751017f96cc73\" height=\"427\" itemprop=\"image\" loading=\"lazy\" longdesc=\"https:\/\/www.archdaily.cl\/cl\/1036234\/snohetta-revela-nuevas-imagenes-del-diseno-ganador-de-la-pera-de-dusseldorf\/691d9ee86c6751017f96cc73-snohetta-reveals-new-images-of-winning-dusseldorf-opera-house-design-photo\" src=\"https:\/\/www.europesays.com\/es\/wp-content\/uploads\/2025\/12\/1764780734_637_snohetta-reveals-new-images-of-winning-dusseldorf-opera-house-design_4.jpg\" width=\"640\"\/>D\u00fcsseldorf Opera House por Sn\u00f8hetta. Imagen \u00a9 MIR\/Sn\u00f8hetta<\/a><\/p>\n<p>En el interior, la estrategia de materiales contin\u00faa el tema geol\u00f3gico a trav\u00e9s de superficies minerales con sutiles variaciones de tonos. El <a href=\"https:\/\/www.archdaily.cl\/cl\/tag\/auditorio\" target=\"_blank\" rel=\"noopener nofollow\">auditorio<\/a> principal de 1,300 asientos cuenta con paneles de roble ahumado y asientos rojos, recordando elementos del teatro de \u00f3pera existente, que est\u00e1 previsto para demolici\u00f3n. Un techo biosolar integra <a href=\"https:\/\/www.archdaily.cl\/cl\/tag\/paneles-fotovoltaicos\" target=\"_blank\" rel=\"noopener nofollow\">paneles fotovoltaicos<\/a>, <a href=\"https:\/\/www.archdaily.cl\/cl\/tag\/tragaluces\" target=\"_blank\" rel=\"noopener nofollow\">tragaluces<\/a> y equipos t\u00e9cnicos, intercalados con plantaciones en terrazas que presentan especies nativas de las llanuras aluviales del Bajo Rin. Juntos, la silueta del edificio, las aberturas y las terrazas ajardinadas establecen una instituci\u00f3n cultural que est\u00e1 tanto enraizada en el contexto como visualmente expresiva.<\/p>\n<p><a class=\"js-image-size__link lazy-anchor\" href=\"https:\/\/www.archdaily.cl\/cl\/1036234\/snohetta-revela-nuevas-imagenes-del-diseno-ganador-de-la-pera-de-dusseldorf\/691d9ef06c6751017f96cc74-snohetta-reveals-new-images-of-winning-dusseldorf-opera-house-design-photo\" rel=\"nofollow noopener\" target=\"_blank\"><img decoding=\"async\" alt=\"Sn\u00f8hetta revela nuevas im\u00e1genes del dise\u00f1o ganador de la \u00d3pera de D\u00fcsseldorf - Imagen 7 de 10\" data-nr-picture-id=\"691d9ef06c6751017f96cc74\" height=\"427\" itemprop=\"image\" loading=\"lazy\" longdesc=\"https:\/\/www.archdaily.cl\/cl\/1036234\/snohetta-revela-nuevas-imagenes-del-diseno-ganador-de-la-pera-de-dusseldorf\/691d9ef06c6751017f96cc74-snohetta-reveals-new-images-of-winning-dusseldorf-opera-house-design-photo\" src=\"https:\/\/www.europesays.com\/es\/wp-content\/uploads\/2025\/12\/snohetta-reveals-new-images-of-winning-dusseldorf-opera-house-design_7.jpg\" width=\"640\"\/>D\u00fcsseldorf Opera House por Sn\u00f8hetta. Imagen \u00a9 MIR\/Sn\u00f8hetta<\/a><\/p>\n<p>Reflejando el amplio alcance geogr\u00e1fico de los proyectos en curso de <a href=\"https:\/\/www.archdaily.cl\/cl\/tag\/snohetta\" target=\"_blank\" rel=\"noopener nofollow\">Sn\u00f8hetta<\/a>, el estudio ha sido recientemente <a href=\"https:\/\/www.archdaily.com\/1035808\/snohetta-selected-to-design-the-new-qiantang-bay-art-museum-in-hangzhou-china?ad_campaign=normal-tag\" rel=\"nofollow noopener\" target=\"_blank\">seleccionado para dise\u00f1ar el Museo de Arte de la Bah\u00eda de Qiantang, un nuevo espacio cultural dentro del distrito de la sede futura de la Bah\u00eda de Qiantang en Hangzhou, China<\/a>. <a href=\"https:\/\/www.archdaily.cl\/cl\/1033644\/snohetta-presenta-el-plan-maestro-de-jesselton-docklands-en-kota-kinabalu-malasia\" target=\"_blank\" rel=\"noopener nofollow\">La oficina tambi\u00e9n ha presentado planes para Jesselton Docklands, un plan maestro de frente tropical en Kota Kinabalu, Malasia<\/a>. Mientras tanto, en los <a href=\"https:\/\/www.archdaily.cl\/cl\/tag\/the-netherlands\" target=\"_blank\" rel=\"noopener nofollow\">Pa\u00edses Bajos<\/a>, <a href=\"https:\/\/www.archdaily.com\/1032086\/benthem-crouwel-and-snohetta-unveil-design-for-the-house-of-culture-and-administration-in-delfzijl-netherlands?ad_campaign=normal-tag\" rel=\"nofollow noopener\" target=\"_blank\">la construcci\u00f3n contin\u00faa en la Casa de Cultura y Administraci\u00f3n en Delfzijl<\/a>, un complejo c\u00edvico dise\u00f1ado por <a href=\"https:\/\/www.archdaily.cl\/cl\/office\/benthem-crouwel-architects\" target=\"_blank\" rel=\"noopener nofollow\">Benthem Crouwel Architects<\/a> en colaboraci\u00f3n con <a href=\"https:\/\/www.archdaily.cl\/cl\/tag\/snohetta\" target=\"_blank\" rel=\"noopener nofollow\">Sn\u00f8hetta<\/a>.<\/p>\n<p><script async src=\"https:\/\/platform.twitter.com\/widgets.js\" charset=\"utf-8\"><\/script><\/p>\n","protected":false},"excerpt":{"rendered":"D\u00fcsseldorf Opera House por Sn\u00f8hetta. Imagen \u00a9 MIR\/Sn\u00f8hetta Compartir Compartir Facebook Twitter Mail Pinterest Whatsapp O https:\/\/www.archdaily.cl\/cl\/1036234\/snohetta-revela-nuevas-imagenes-del-diseno-ganador-de-la-pera-de-dusseldorf Portapapeles&hellip;\n","protected":false},"author":2,"featured_media":269311,"comment_status":"","ping_status":"","sticky":false,"template":"","format":"standard","meta":{"footnotes":""},"categories":[173],"tags":[1660,801,54564,229,233,231,230,54567,777,232,234,14468,15026,146,147,25,24,7452,66282,66281,23],"class_list":{"0":"post-269310","1":"post","2":"type-post","3":"status-publish","4":"format-standard","5":"has-post-thumbnail","7":"category-arte-y-diseno","8":"tag-alemania","9":"tag-arquitectura","10":"tag-arquitectura-contemporanea","11":"tag-arte","12":"tag-arte-y-diseno","13":"tag-arts","14":"tag-arts-and-design","15":"tag-centro-cultural","16":"tag-ciudad","17":"tag-design","18":"tag-diseno","19":"tag-dusseldorf","20":"tag-edificios-publicos","21":"tag-entertainment","22":"tag-entretenimiento","23":"tag-es","24":"tag-espana","25":"tag-opera","26":"tag-rhine","27":"tag-snohetta","28":"tag-spain"},"share_on_mastodon":{"url":"https:\/\/pubeurope.com\/@es\/115656677681794848","error":""},"_links":{"self":[{"href":"https:\/\/www.europesays.com\/es\/wp-json\/wp\/v2\/posts\/269310","targetHints":{"allow":["GET"]}}],"collection":[{"href":"https:\/\/www.europesays.com\/es\/wp-json\/wp\/v2\/posts"}],"about":[{"href":"https:\/\/www.europesays.com\/es\/wp-json\/wp\/v2\/types\/post"}],"author":[{"embeddable":true,"href":"https:\/\/www.europesays.com\/es\/wp-json\/wp\/v2\/users\/2"}],"replies":[{"embeddable":true,"href":"https:\/\/www.europesays.com\/es\/wp-json\/wp\/v2\/comments?post=269310"}],"version-history":[{"count":0,"href":"https:\/\/www.europesays.com\/es\/wp-json\/wp\/v2\/posts\/269310\/revisions"}],"wp:featuredmedia":[{"embeddable":true,"href":"https:\/\/www.europesays.com\/es\/wp-json\/wp\/v2\/media\/269311"}],"wp:attachment":[{"href":"https:\/\/www.europesays.com\/es\/wp-json\/wp\/v2\/media?parent=269310"}],"wp:term":[{"taxonomy":"category","embeddable":true,"href":"https:\/\/www.europesays.com\/es\/wp-json\/wp\/v2\/categories?post=269310"},{"taxonomy":"post_tag","embeddable":true,"href":"https:\/\/www.europesays.com\/es\/wp-json\/wp\/v2\/tags?post=269310"}],"curies":[{"name":"wp","href":"https:\/\/api.w.org\/{rel}","templated":true}]}}