{"id":269312,"date":"2025-12-03T16:54:07","date_gmt":"2025-12-03T16:54:07","guid":{"rendered":"https:\/\/www.europesays.com\/es\/269312\/"},"modified":"2025-12-03T16:54:07","modified_gmt":"2025-12-03T16:54:07","slug":"capitulo-450-de-suenos-de-libertad-3-de-diciembre-damian-dolido-por-la-traicion-de-su-sobrino-gabriel-antena-3","status":"publish","type":"post","link":"https:\/\/www.europesays.com\/es\/269312\/","title":{"rendered":"Cap\u00edtulo 450 de Sue\u00f1os de libertad; 3 de diciembre: Dami\u00e1n, dolido por la traici\u00f3n de su sobrino Gabriel &#8211; Antena 3"},"content":{"rendered":"<ol>\n<li><a href=\"https:\/\/news.google.com\/rss\/articles\/CBMi-wFBVV95cUxPX1NGM3ZMWnA3Z01PTU9lSHQ3THRuWjhlQ0ZiUjBFN0NJcjdDemhxY1c3d0pKWm1xMlc4dWwyS1JHNXJ5b1hXZUpuQ3FUYkdidEpJbDlIa180TklFT0RzTHdYbXRnQXI0QV96Z2VOSnc1Zkx5dl9WbjZsZGtvdkpRSy1rcTNwWE9xX0pDVGVqM3FBaU1VOTJuWk03cjNRLWNNOXkwTEFlYUkzdjNzY2hvVEFfS25NY291NnREOC1CX2dacGgyaDdEYXEzRWRDbmh1aUh4TnBTUHdKbEZ5NzJjVjlpVWllNl9TdGtkT2cxUWx4SFJ6VkJIazNWMNIB-wFBVV95cUxPVzJqSmNPYlptcTFId05QQ2hxZUc5WG15WVFweFl4ZjBjTDZLTklDN1pMTlpCbk5FVzJDVXB1ejBwNU1KQUhSMlpRUzU3VHFTNkRKRjhTb1dKUTkwNzBBdkltUGtjQzBfalltYWd2OWFXWHdEX1d2SmNKbTFmQU1oTFlEZWRrRVhFUjRVZFhCMjJIU280dUZTNGcwVndkNjZmNzN5b3otd2FwWEVXeEZSRmtyWW9aNW13eV94dnhtampodk96cVEwMV9ITzFRcVFiV3lCc2dzQXhsVkFTbTlfV005bFVnSFhiQTBISnpQenpCNlotbndXcDNIdw?oc=5\" target=\"_blank\" rel=\"nofollow noopener\">Cap\u00edtulo 450 de Sue\u00f1os de libertad; 3 de diciembre: Dami\u00e1n, dolido por la traici\u00f3n de su sobrino Gabriel<\/a>&nbsp;&nbsp;Antena 3<\/li>\n<li><a href=\"https:\/\/news.google.com\/rss\/articles\/CBMiywFBVV95cUxOZy1OZzY5ZHBwYi1JaGl5dzhjNnNLQkdXeHFqMDRQdUhWRnBKUDczUjRjNmZEbExlakR2eVhTY1BzMDNwTVo3TWNaYWpKNnFiNlJZZ3d3MzBvREdtUGpQX2tLUmlNOE1GMThNRUFXejlLVFVKV3M0UW5CMVJJT1IxWTdmc0ZrOExqeVBsRVIzSlNWbHFuaUQ3MkJHNTVtZmlUN1lWQVB2U3dmTzdZQkxXRFpBSDVtT2Q2Z0FLTGVRWTFjZXRXUDBBZmNNNNIBywFBVV95cUxNLUFfWENKSTNOXzVrTHZfRjdFR25Na1NqbEtvTG91dklzUGR3S1V0eW5QVEdiTkdETjJpVVA5bFlBeFh2eTRLSE9CeDRmQ1ItRm1DR2wwdURKZGpwT2FXVkJyQzZHbHRGWDJ4ZWl2TXRSUUZIeE0tTmRpZHNrVXphR1o2UlFobDFxOUxLUGU5WHo4VE9wVjRnVl9NLU00Tnd5Y29oSHdWU1RoQ3NhcDNFN0lGZzF0UENYVWxTQlZ0Y0pqRTg5bm84VlUtRQ?oc=5\" target=\"_blank\" rel=\"nofollow noopener\">Cap\u00edtulo de hoy de Sue\u00f1os de libertad; 2 de diciembre: Gabriel, en un apuro tras la llegada de Delia<\/a>&nbsp;&nbsp;Antena 3<\/li>\n<li><a href=\"https:\/\/news.google.com\/rss\/articles\/CBMiyAFBVV95cUxNSVczWUd6TkhYcjhsdXdoaWJmSU1LbldmV1NNT3NxVGZQNFJlVmdXbjE5eUZJSk55UEdkcm9ERXN3YU5uRExGX1h2TU1VMERySXFHai12Q1VRWmpaWFNDbE1KNkNQMTFWTlZHbkVZMXZ2UXZWMXNObVNiZ2prT0VteEUwSnhiOUlWNFVDZmN1X0I3WXpKQ09TakNfNkFZS3hFeVdGMmlHQ3c3M2JSSUJaZDd0cVVkVDlJMktrcy1jMUc5Q1VMQTRBSNIBzgFBVV95cUxPaFVfcE1TdnVvbEdqVDlobkE4dFVtUjRSdV9JTHhMQlV4SkJvVHFVSDNzLWhQREY1ejl3MzZxVE53X0xMa1ZITVpkbUNEaF9ROG90TE1kRjE5b2tNaHlITExhWUlyZGg0bjJsVXJNRFVkanBqakYwelhnUkdibGxLYmZXRmh1ZXNMRVd6ZkNpaXQ0YlR1blVESXE0R3Y4Q0prWlJUdlZmWmc5azl5Z2ZqMWFsQTMwcFhjeVBWX1BrQjV2ekNsSVBudjNld2p5Zw?oc=5\" target=\"_blank\" rel=\"nofollow noopener\">Avance del cap\u00edtulo de &#8216;Sue\u00f1os de libertad&#8217; del jueves, 4 de diciembre: Luz alerta a Joaqu\u00edn sobre el estado de Gema<\/a>&nbsp;&nbsp;El Confidencial<\/li>\n<li><a href=\"https:\/\/news.google.com\/rss\/articles\/CBMitwFBVV95cUxQZ1RkLUVGYjdiSTFaSlhhMzBtblV0R2VZWUVnUFZPTkp0MHZjaklSdWZodDZaMjExQWpjNVpIdXN3bFRSNHN6VjRNRWlvbGlUYWZWV3V0X0ViNWg5WkZwMXdLYW5FcW0xTDlTTnQ5UmlqcFUzNko2RERSTC1qcW1Qd29qYkhQa0YyOTRuZmU2WnB5dGMwMzlzQnZEVFZBcUM0NXgtWWg5cE9CQW9QbmppS3hBbGtjcVnSAbwBQVVfeXFMTjFLVVg0ekhZdEg5SXlCRkVzamFVdk5hM2FzbVZESDQ0RXFld05WaXRGbElvRWRNc2FoMGVUVzZ3UlprbVdESGVMaHF2RWs0aUk5OUlscHVabXh3NU93czNnZHBWZF9vWmxfM3h3Njk0UUJScnpMVVBZYzZnRkxHUUw1Nm9fcG5LN3hVTWFGb1J4eXZfMTZkMmdabGFTV0lBcldUR2VyRnI1S3pFSkNiMG9xcnNQZTFENUZRMjY?oc=5\" target=\"_blank\" rel=\"nofollow noopener\">Avance del cap\u00edtulo de \u2018Sue\u00f1os de libertad\u2019 de hoy: la familia De la Reina recibe una inesperada visita<\/a>&nbsp;&nbsp;OkDiario<\/li>\n<li><a href=\"https:\/\/news.google.com\/rss\/articles\/CBMilAJBVV95cUxOVUhPMkJsME93TW9GN0lLV1h5UlhaUUthVWE4U3RLWWstbjg3Qzc3ZzVtQ190NzUzZ01keHI3V1RQbW4wTGhEYU9oSWtFaVZoY2E5d0MzR1NjUTc0OXJMS2h1dFBuWmQzcWRqM3lnUDktWGtVdjZzUy1aZGFud2g5ODBmb0RGeFE4MnF5R2tCUFd3VGNSY0xzLVZGY3RjM2dRRHduc2ZvZEJPdXJ3dUJZRGhCODhzbFlrVGE3OWo0SmFNYWpxWE1NYnBKd0o5QjIxc2ZnZmtnd1NBbU05dzR0a3BTZjcydWZmZGwwR3BpWXlVaXZQVWFiU0lnMEMya1YxYk5McU12RjRORkhhQnB4d2NPR0zSAaICQVVfeXFMTk9ycnctSmpIRm9QbzI1MWJmMEMwUjZTcWhTRmh0YkZmNTI2dXBHdHlyVm8yWmRrSm1maWxKanVvaEs5Q21tZWQ0allQLU8zV2xiX0czXzI3OXJjZHJ1MFRfdURzWUxSZm1meDRpSzhkZGJ0ZFFFSjRfbVZCMm1nN3JBUm4yZDU5bFpJYkZjZjFoaFktamV1X2RoZy1jcUdVSEFYakExRGpJbFBrZEQ3TEdCUFVjUmRVUlEycVczUGhEbThhdlEwS1lETXJhMU92WWpZdTNfdTZfNVVyTmtXX0V2TDdVaVV1c2ZZQXF0V2VZTHcwY3JROU1MWU51MExJZXJ0NmxlMm5QTmE1SWVXLUpPdGtyd2lnU3RTWlJKa1BETmc?oc=5\" target=\"_blank\" rel=\"nofollow noopener\">Avance del cap\u00edtulo 451 de &#8216;Sue\u00f1os de libertad&#8217; que se puede ver este jueves en Antena 3: una conexi\u00f3n inesperada comienza a tomar forma en la Casa de la Reina<\/a>&nbsp;&nbsp;Mundo Deportivo<\/li>\n<\/ol>\n","protected":false},"excerpt":{"rendered":"Cap\u00edtulo 450 de Sue\u00f1os de libertad; 3 de diciembre: Dami\u00e1n, dolido por la traici\u00f3n de su sobrino Gabriel&nbsp;&nbsp;Antena&hellip;\n","protected":false},"author":2,"featured_media":248356,"comment_status":"","ping_status":"","sticky":false,"template":"","format":"standard","meta":{"footnotes":""},"categories":[171],"tags":[146,147,25,24,23,214],"class_list":{"0":"post-269312","1":"post","2":"type-post","3":"status-publish","4":"format-standard","5":"has-post-thumbnail","7":"category-tv","8":"tag-entertainment","9":"tag-entretenimiento","10":"tag-es","11":"tag-espana","12":"tag-spain","13":"tag-tv"},"share_on_mastodon":{"url":"","error":""},"_links":{"self":[{"href":"https:\/\/www.europesays.com\/es\/wp-json\/wp\/v2\/posts\/269312","targetHints":{"allow":["GET"]}}],"collection":[{"href":"https:\/\/www.europesays.com\/es\/wp-json\/wp\/v2\/posts"}],"about":[{"href":"https:\/\/www.europesays.com\/es\/wp-json\/wp\/v2\/types\/post"}],"author":[{"embeddable":true,"href":"https:\/\/www.europesays.com\/es\/wp-json\/wp\/v2\/users\/2"}],"replies":[{"embeddable":true,"href":"https:\/\/www.europesays.com\/es\/wp-json\/wp\/v2\/comments?post=269312"}],"version-history":[{"count":0,"href":"https:\/\/www.europesays.com\/es\/wp-json\/wp\/v2\/posts\/269312\/revisions"}],"wp:featuredmedia":[{"embeddable":true,"href":"https:\/\/www.europesays.com\/es\/wp-json\/wp\/v2\/media\/248356"}],"wp:attachment":[{"href":"https:\/\/www.europesays.com\/es\/wp-json\/wp\/v2\/media?parent=269312"}],"wp:term":[{"taxonomy":"category","embeddable":true,"href":"https:\/\/www.europesays.com\/es\/wp-json\/wp\/v2\/categories?post=269312"},{"taxonomy":"post_tag","embeddable":true,"href":"https:\/\/www.europesays.com\/es\/wp-json\/wp\/v2\/tags?post=269312"}],"curies":[{"name":"wp","href":"https:\/\/api.w.org\/{rel}","templated":true}]}}