{"id":269319,"date":"2025-12-03T16:58:08","date_gmt":"2025-12-03T16:58:08","guid":{"rendered":"https:\/\/www.europesays.com\/es\/269319\/"},"modified":"2025-12-03T16:58:08","modified_gmt":"2025-12-03T16:58:08","slug":"la-cobertura-de-vacunacion-antigripal-en-mayores-de-65-supera-el-56-y-en-el-grupo-de-60-a-64-el-247","status":"publish","type":"post","link":"https:\/\/www.europesays.com\/es\/269319\/","title":{"rendered":"La cobertura de vacunaci\u00f3n antigripal en mayores de 65 supera el 56% y en el grupo de 60 a 64, el 24,7%"},"content":{"rendered":"<p>En Espa\u00f1a, el porcentaje de personas mayores de 65 a\u00f1os que han sido vacunadas contra la gripe este a\u00f1o alcanza el 56,1%, mientras que para el grupo de entre 60 y 64 a\u00f1os, la cifra es de 24,7%. Estas estad\u00edsticas son comparables a las registradas el a\u00f1o pasado en las mismas fechas, que se situaban en el 56,3% y el 25,3%, respectivamente, seg\u00fan el Grip\u00f3metro 2025-2026 de Sanofi.<\/p>\n<p>Seg\u00fan los datos recientes del Instituto de Salud Carlos III (ISCIII), la gripe ha superado el umbral epid\u00e9mico con 40,1 casos por cada 100.000 habitantes. Desde Sanofi indican que \u201cAunque no hay evidencias de mayor gravedad intr\u00ednseca, su r\u00e1pida circulaci\u00f3n puede traducirse en m\u00e1s casos totales y presi\u00f3n asistencial. El Centro Europeo para el Control de Enfermedades (ECDC) ha instado a acelerar la vacunaci\u00f3n y reforzar la preparaci\u00f3n de los servicios sanitarios\u201d.<\/p>\n<p>La cobertura por comunidades aut\u00f3nomas muestra que Galicia lidera en la vacunaci\u00f3n de mayores de 65 a\u00f1os con un 65,2%, seguido de cerca por Castilla y Le\u00f3n con un 63,4% y el Pa\u00eds Vasco con un 61,8%. En el grupo de 60 a 64 a\u00f1os, Castilla y Le\u00f3n presenta la mayor tasa con un 30,9%, seguido de Extremadura y Navarra. Sin embargo, algunas regiones como Cantabria y la Comunidad Valenciana muestran un ligero descenso en comparaci\u00f3n con el a\u00f1o anterior.<\/p>\n<p>Sanofi recalca que la decisi\u00f3n de vacunarse es generalmente un acto de elecci\u00f3n personal y no tanto de recomendaci\u00f3n m\u00e9dica. La mayor\u00eda de las personas se vacunan por costumbre y solo un peque\u00f1o porcentaje lo hace por consejo de profesionales sanitarios. Adem\u00e1s, se subraya la importancia de la vacunaci\u00f3n no solo para prevenir la enfermedad directa, sino tambi\u00e9n para combatir el envejecimiento del sistema inmune y proteger a la comunidad.<\/p>\n","protected":false},"excerpt":{"rendered":"En Espa\u00f1a, el porcentaje de personas mayores de 65 a\u00f1os que han sido vacunadas contra la gripe este&hellip;\n","protected":false},"author":2,"featured_media":135832,"comment_status":"","ping_status":"","sticky":false,"template":"","format":"standard","meta":{"footnotes":""},"categories":[92],"tags":[25,24,165,166,23],"class_list":{"0":"post-269319","1":"post","2":"type-post","3":"status-publish","4":"format-standard","5":"has-post-thumbnail","7":"category-salud","8":"tag-es","9":"tag-espana","10":"tag-health","11":"tag-salud","12":"tag-spain"},"share_on_mastodon":{"url":"https:\/\/pubeurope.com\/@es\/115656701131074406","error":""},"_links":{"self":[{"href":"https:\/\/www.europesays.com\/es\/wp-json\/wp\/v2\/posts\/269319","targetHints":{"allow":["GET"]}}],"collection":[{"href":"https:\/\/www.europesays.com\/es\/wp-json\/wp\/v2\/posts"}],"about":[{"href":"https:\/\/www.europesays.com\/es\/wp-json\/wp\/v2\/types\/post"}],"author":[{"embeddable":true,"href":"https:\/\/www.europesays.com\/es\/wp-json\/wp\/v2\/users\/2"}],"replies":[{"embeddable":true,"href":"https:\/\/www.europesays.com\/es\/wp-json\/wp\/v2\/comments?post=269319"}],"version-history":[{"count":0,"href":"https:\/\/www.europesays.com\/es\/wp-json\/wp\/v2\/posts\/269319\/revisions"}],"wp:featuredmedia":[{"embeddable":true,"href":"https:\/\/www.europesays.com\/es\/wp-json\/wp\/v2\/media\/135832"}],"wp:attachment":[{"href":"https:\/\/www.europesays.com\/es\/wp-json\/wp\/v2\/media?parent=269319"}],"wp:term":[{"taxonomy":"category","embeddable":true,"href":"https:\/\/www.europesays.com\/es\/wp-json\/wp\/v2\/categories?post=269319"},{"taxonomy":"post_tag","embeddable":true,"href":"https:\/\/www.europesays.com\/es\/wp-json\/wp\/v2\/tags?post=269319"}],"curies":[{"name":"wp","href":"https:\/\/api.w.org\/{rel}","templated":true}]}}