{"id":269325,"date":"2025-12-03T17:02:10","date_gmt":"2025-12-03T17:02:10","guid":{"rendered":"https:\/\/www.europesays.com\/es\/269325\/"},"modified":"2025-12-03T17:02:10","modified_gmt":"2025-12-03T17:02:10","slug":"la-otan-evita-responder-a-putin-sobre-entrar-en-guerra-con-europa-y-espera-mas-pasos-en-negociaciones","status":"publish","type":"post","link":"https:\/\/www.europesays.com\/es\/269325\/","title":{"rendered":"La OTAN evita responder a Putin sobre entrar en guerra con Europa y espera \u00abm\u00e1s pasos\u00bb en negociaciones"},"content":{"rendered":"<p><img fetchpriority=\"high\" decoding=\"async\" id=\"fotoPrincipalNoticia\" style=\"view-transition-name: fechor_20251203102448;\" title=\"OTAN evita responder a amenazas de Putin de entrar en guerra con Europa y espera &quot;m\u00e1s pasos&quot; en negociaciones\" src=\"https:\/\/www.europesays.com\/es\/wp-content\/uploads\/2025\/12\/fotonoticia_20251203102448_690.jpg\" alt=\"El secretario general de la OTAN, Mark Rutte, en declaraciones antes de la reuni\u00f3n de ministros de Exteriores aliados.\" width=\"690\" height=\"460\" border=\"0\" loading=\"eager\"\/><\/p>\n<p>El secretario general de la OTAN, Mark Rutte, en declaraciones antes de la reuni\u00f3n de ministros de Exteriores aliados.- NATO<\/p>\n<p>\u00a0 \u00a0BRUSELAS, 3 (EUROPA PRESS)<\/p>\n<p>\u00a0 \u00a0El secretario general de la OTAN, Mark Rutte, ha evitado este mi\u00e9rcoles responder a las amenazas del presidente ruso, Vladimir Putin, de entrar en guerra con Europa, ironizando con que el mandatario ruso se viste con uniforme militar pero no viaja al frente de guerra, al tiempo que espera que haya m\u00e1s pasos en las conversaciones que mantiene Estados Unidos.<\/p>\n<p>\u00a0 \u00a0\u00abNo voy a reaccionar a todo lo que dice Putin. Lo hemos visto con ropa militar, vestido como un soldado en el frente, pero no en el frente. Estaba bastante lejos del frente\u00bb, ha se\u00f1alado el jefe pol\u00edtico de la OTAN en declaraciones antes de la reuni\u00f3n de ministros de Exteriores aliados en Bruselas.<\/p>\n<p>\u00a0 \u00a0Antes de reunirse ayer en Mosc\u00fa con el enviado especial de Estados Unidos, Steve Witkoff, el presidente ruso carg\u00f3 contra Europa por, seg\u00fan \u00e9l, torpedear las negociaciones de paz y afirm\u00f3 que si bien Rusia no quiere entrar en guerra con Europa, est\u00e1 lista para hacerlo.<\/p>\n<p>\u00a0 \u00a0Sobre la cita entre Putin y la delegaci\u00f3n estadounidense, Rutte ha indicado que el encuentro result\u00f3 \u00abimportante\u00bb pero ha indicado que cabe esperar ahora \u00abm\u00e1s pasos\u00bb sin que haya entrado en los detalles de la negociaci\u00f3n que lidera el presidente norteamericano, Donald Trump.<\/p>\n<p>\u00a0 \u00a0\u00abCoordinamos de cerca con los estadounidenses lo que est\u00e1 ocurriendo, pero no comentamos cada paso\u00bb, ha dicho, reivindicando que Trump ha logrado poner en marcha un proceso de paz pese a las reticencias de Rusia. \u00abSolo Estados Unidos, bajo el liderazgo de Trump, pod\u00eda hacer esto\u00bb, ha resumido.<\/p>\n<p>\u00a0 \u00a0Aunque ha reconocido que no est\u00e1 claro cuando acabar\u00e1n las negociaciones y c\u00f3mo ser\u00e1 el acuerdo para el fin de la invasi\u00f3n en Ucrania, el secretario general aliado ha incidido en que Kiev debe estar en \u00abla posici\u00f3n m\u00e1s s\u00f3lida posible\u00bb para cuando \u00ablleguen a un punto en el que se sienten a la mesa\u00bb.<\/p>\n<p>ALIADOS CRITICAN QUE PUTIN NO TIENE VOLUNTAD DE PAZ<\/p>\n<p>\u00a0 \u00a0A su llegada a la cita, varios ministros de Exteriores aliados se han pronunciado sobre las amenazas rusas, caso del titular neerland\u00e9s David van Weel, quien ha tachado de \u00abhorribles\u00bb. \u00abEsperemos que no se materialicen, pero demuestran que las inversiones en defensa no son un espect\u00e1culo y que debemos tomarlas muy en serio\u00bb, ha indicado, insistiendo que las amenazas del presidente ruso evidencian que cualquier acuerdo de paz cuente con garant\u00edas de seguridad de Estados Unidos y Europa.<\/p>\n<p>\u00a0 \u00a0Para la ministra de Exteriores brit\u00e1nica, Yvette Cooper, mientras Estados Unidos y Ucrania buscan una paz \u00abjusta y duradera\u00bb Putin solo est\u00e1 intentando \u00abescalar la guerra\u00bb en el pa\u00eds vecino. Por ello ha reclamado a Mosc\u00fa que pare la \u00abmatanza\u00bb y se siente a negociar la paz en Ucrania.<\/p>\n<p>\u00a0 \u00a0\u00abVladimir Putin nos est\u00e1 amenazando a nosotros, los europeos, desde Mosc\u00fa y lamentablemente, no se trata solo de palabras\u00bb, ha asegurado por su lado el titular de Exteriores polaco, Radoslaw Sikorski, quien ha achacado a la guerra h\u00edbrida rusa los sabotajes registrados en la red de transporte ferroviario en Polonia.<\/p>\n<p>\u00a0 \u00a0Mientras, el ministro de Asuntos Exteriores, Jos\u00e9 Manuel Albares, ha insistido en la unidad de la OTAN ante las amenazas rusas, asegurando que se viven \u00abunos momentos absolutamente cruciales para el futuro de Ucrania\u00bb y \u00abpara la seguridad europea y la seguridad euroatl\u00e1ntica\u00bb. En este sentido ha reiterado que un alto el fuego ser\u00eda el primer paso para lanzar negociaciones para una paz \u00abjusta y duradera\u00bb, reiterando que no se puede premiar la agresi\u00f3n rusa.<\/p>\n<p>\u00a0 \u00a0Margus Tsahkna, de Estonia, ha asegurado que no hay que tomarse en serio las palabras de Putin, que ha achacado a un intento de jugar con el miedo de los aliados europeos. A su juicio, la respuesta es seguir elevando la presi\u00f3n sobre el Kremlin y proceder con medidas como el uso de los activos rusos congelados para un pr\u00e9stamo de apoyo a Kiev.<\/p>\n<p>\u00a0 \u00a0En la misma l\u00ednea se ha expresado la ministra sueca de Exteriores, Maria Stenergard. \u00abHasta que no vea nada diferente, seguir\u00e9 llegando a la conclusi\u00f3n de que Rusia no quiere la paz\u00bb, ha expuesto, abogando por aumentar el apoyo a Ucrania e incrementar la presi\u00f3n sobre Rusia.<\/p>\n","protected":false},"excerpt":{"rendered":"El secretario general de la OTAN, Mark Rutte, en declaraciones antes de la reuni\u00f3n de ministros de Exteriores&hellip;\n","protected":false},"author":2,"featured_media":269326,"comment_status":"","ping_status":"","sticky":false,"template":"","format":"standard","meta":{"footnotes":""},"categories":[42],"tags":[17,18,13,14,11,61,62,63,64,19,20,9,10,15,16,12,21,22,65,66,67],"class_list":{"0":"post-269325","1":"post","2":"type-post","3":"status-publish","4":"format-standard","5":"has-post-thumbnail","7":"category-internacional","8":"tag-breaking-news","9":"tag-breakingnews","10":"tag-featured-news","11":"tag-featurednews","12":"tag-headlines","13":"tag-internacional","14":"tag-international","15":"tag-international-news","16":"tag-internationalnews","17":"tag-latest-news","18":"tag-latestnews","19":"tag-news","20":"tag-noticias","21":"tag-noticias-destacadas","22":"tag-noticiasdestacadas","23":"tag-titulares","24":"tag-ultimas-noticias","25":"tag-ultimasnoticias","26":"tag-world","27":"tag-world-news","28":"tag-worldnews"},"share_on_mastodon":{"url":"https:\/\/pubeurope.com\/@es\/115656717155589724","error":""},"_links":{"self":[{"href":"https:\/\/www.europesays.com\/es\/wp-json\/wp\/v2\/posts\/269325","targetHints":{"allow":["GET"]}}],"collection":[{"href":"https:\/\/www.europesays.com\/es\/wp-json\/wp\/v2\/posts"}],"about":[{"href":"https:\/\/www.europesays.com\/es\/wp-json\/wp\/v2\/types\/post"}],"author":[{"embeddable":true,"href":"https:\/\/www.europesays.com\/es\/wp-json\/wp\/v2\/users\/2"}],"replies":[{"embeddable":true,"href":"https:\/\/www.europesays.com\/es\/wp-json\/wp\/v2\/comments?post=269325"}],"version-history":[{"count":0,"href":"https:\/\/www.europesays.com\/es\/wp-json\/wp\/v2\/posts\/269325\/revisions"}],"wp:featuredmedia":[{"embeddable":true,"href":"https:\/\/www.europesays.com\/es\/wp-json\/wp\/v2\/media\/269326"}],"wp:attachment":[{"href":"https:\/\/www.europesays.com\/es\/wp-json\/wp\/v2\/media?parent=269325"}],"wp:term":[{"taxonomy":"category","embeddable":true,"href":"https:\/\/www.europesays.com\/es\/wp-json\/wp\/v2\/categories?post=269325"},{"taxonomy":"post_tag","embeddable":true,"href":"https:\/\/www.europesays.com\/es\/wp-json\/wp\/v2\/tags?post=269325"}],"curies":[{"name":"wp","href":"https:\/\/api.w.org\/{rel}","templated":true}]}}