{"id":269328,"date":"2025-12-03T17:04:25","date_gmt":"2025-12-03T17:04:25","guid":{"rendered":"https:\/\/www.europesays.com\/es\/269328\/"},"modified":"2025-12-03T17:04:25","modified_gmt":"2025-12-03T17:04:25","slug":"el-psoe-contacta-ahora-con-las-mujeres-que-denunciaron-a-paco-salazar-para-iniciar-la-investigacion-interna","status":"publish","type":"post","link":"https:\/\/www.europesays.com\/es\/269328\/","title":{"rendered":"El PSOE contacta ahora con las mujeres que denunciaron a Paco Salazar para iniciar la investigaci\u00f3n interna"},"content":{"rendered":"<p class=\"article-text\">\n        El PSOE, al fin, mueve ficha. 48 horas despu\u00e9s de que elDiario.es<a href=\"https:\/\/www.eldiario.es\/politica\/psoe-cortocircuita-investigacion-francisco-salazar-desaparicion-denuncias-acoso-sexual_1_12804317.html\" target=\"_blank\" data-mrf-recirculation=\"links-noticia\" class=\"link\" rel=\"nofollow noopener\"> informase de la desaparici\u00f3n de dos denuncias<\/a> por acoso sexual contra Paco Salazar en el canal interno del partido y del carpetazo a la investigaci\u00f3n, las dos mujeres denunciantes han sido contactadas por Ferraz por ese canal interno para poner en marcha la tramitaci\u00f3n que estipula el protocolo antiacoso de los socialistas.\n    <\/p>\n<p class=\"article-text\">\n        Las dos denunciantes recibieron a lo largo del martes sendas notificaciones que certifican, ahora s\u00ed, que sus escritos han sido admitidos a tr\u00e1mite. Y que, por tanto, la investigaci\u00f3n echa a andar despu\u00e9s de casi medio a\u00f1o de no haber obtenido respuesta alguna. Tal y como adelant\u00f3 en exclusiva este peri\u00f3dico, las denuncias datan del 8 y del 28 de julio, respectivamente, y llegaron a desaparecer del sistema inform\u00e1tico del Partido Socialista durante varias semanas.\n    <\/p>\n<p class=\"article-text\">\n        Aunque Ferraz hab\u00eda intentado justificar con todo tipo de argumentos que la investigaci\u00f3n interna haya sido cortocircuitada desde que se interpusieron las denuncias, ahora la propia actuaci\u00f3n del partido desde que elDiario.es diera cuenta de este caso desautoriza ese enrevesado argumentario. Primero fue que no exist\u00edan denuncias, luego que el anonimato dificultaba mucho la investigaci\u00f3n, despu\u00e9s que el sistema inform\u00e1tico se hab\u00eda \u201cofuscado\u201d y, finalmente, que la baja de militancia de Salazar hac\u00eda in\u00fatil indagar m\u00e1s. Pero todo eso ha cambiado en tan solo dos d\u00edas.\n    <\/p>\n<p class=\"article-text\">\n        \u201cEstamos a tu disposici\u00f3n para todo aquello que necesites, quieras emprender o quieras consultar\u201d, reza la comunicaci\u00f3n recibida este martes por una de las denunciantes despu\u00e9s de que durante cinco meses nadie del Partido haya contactado con ella para instruir el caso. \u201cLa tramitaci\u00f3n de tu comunicaci\u00f3n contin\u00faa, y cuando se concluya emitiendo el correspondiente informe final, te ser\u00e1 comunicado\u201d, dice la notificaci\u00f3n recibida.\n    <\/p>\n<p class=\"article-text\">\n        Tambi\u00e9n a lo largo del martes fue contactada la denunciante que registr\u00f3 de manera formal su escrito en el canal interno del PSOE el 28 de julio. A ella, que denunciaba entre otras cosas que Salazar <a href=\"https:\/\/www.eldiario.es\/politica\/denuncias-paco-salazar-subia-bragueta-cara-escenificaba-felaciones-pedia-vernos-escote_1_12807016.html\" target=\"_blank\" data-mrf-recirculation=\"links-noticia\" class=\"link\" rel=\"nofollow noopener\">\u201cse sub\u00eda la bragueta en tu cara y escenificaba felaciones<\/a>\u201d, ni siquiera llegaron jam\u00e1s a darle acuse de recibo de su comunicaci\u00f3n. Y su denuncia tambi\u00e9n desapareci\u00f3 del sistema. Tan solo despu\u00e9s de hacer p\u00fablica su situaci\u00f3n a trav\u00e9s de este peri\u00f3dico, ha conseguido respuesta de su partido, al que en su escrito lleg\u00f3 a pedir ayuda por estar sometida a un ambiente laboral \u201cirrespirable\u201d.\n    <\/p>\n<p class=\"article-text\">\n        A esta segunda denunciante el partido le comunica que su escrito, registrado el 28 de julio, ahora s\u00ed fue recepcionado, una confirmaci\u00f3n para la que ha tenido que esperar cinco meses. Y al igual que en el caso de su compa\u00f1era, el PSOE se pone a su disposici\u00f3n para lo que necesite y le traslada que la mantendr\u00e1 informada del procedimiento.\n    <\/p>\n<p>    La indignaci\u00f3n interna<\/p>\n<p class=\"article-text\">\n        La indignaci\u00f3n por el esc\u00e1ndalo Salazar, pese a los intentos de la direcci\u00f3n federal por rebajar el asunto, recorre todas las federaciones socialistas. Muchos son los dirigentes que demandan explicaciones a los responsables del partido que deb\u00edan haber investigado las denuncias. \u201cEsto no se puede zanjar como si no hubiera pasado nada. Queremos que nos expliquen qu\u00e9 ha pasado, qu\u00e9 se hizo y hasta d\u00f3nde estamos dispuestos a llegar en este asunto que mancilla las siglas de un partido que lleva a gala la bandera del feminismo\u201d, se queja un alto cargo del PSOE de Andaluc\u00eda.\n    <\/p>\n<p class=\"article-text\">\n        En pleno esc\u00e1ndalo, y ante cada vez un mayor n\u00famero de voces cr\u00edticas, la secretaria de Igualdad del PSOE, Pilar Bernab\u00e9, ha convocado de urgencia a las responsables de esta cartera org\u00e1nica de las federaciones socialistas. La reuni\u00f3n se celebrar\u00e1 de manera telem\u00e1tica a las 21.30 horas de este mi\u00e9rcoles.\u00a0\n    <\/p>\n<p class=\"article-text\">\n        La dirigencia que no habita entre los muros de la calle Ferraz y La Moncloa, adem\u00e1s de interpelar a la responsable de Organizaci\u00f3n, Rebeca Torr\u00f3, apunta tambi\u00e9n a la vicepresidenta primera, vicesecretaria general del PSOE y l\u00edder de los socialistas andaluces, Mar\u00eda Jes\u00fas Montero en tanto en cuanto el ex asesor del presidente militaba en su agrupaci\u00f3n y trabaj\u00f3 durante a\u00f1os codo con codo con la tambi\u00e9n ministra de Hacienda. \u201cSalazar ha estado protegido todos estos meses por la direcci\u00f3n andaluza, con cuyos integrantes mantiene una relaci\u00f3n constante y fluida\u201d, lamenta otro dirigente.\n    <\/p>\n<p class=\"article-text\">\n        Precisamente Montero fue una de las personas que participaron en la caza de brujas desatada en el partido y en el Gobierno para localizar a las personas que contactaron con elDiario.es para relatar los comportamientos de Salazar. Este mi\u00e9rcoles afirm\u00f3 que las v\u00edctimas contar\u00e1n con todo su apoyo y el del PSOE, pero el pasado julio se dirigi\u00f3 a algunas mujeres de su propio partido para acusarlas de \u201cquerer destrozar la vida a los compa\u00f1eros\u201d y de \u201crespaldar a quienes quieren acabar con el PSOE\u201d, seg\u00fan han relatado algunas de las interpeladas. Tampoco es casualidad que en la direcci\u00f3n andaluza Montero tenga como secretario de Organizaci\u00f3n a Francisco Rodr\u00edguez, a quien se considera hijo pol\u00edtico de Salazar e \u00edntimo amigo del presunto acosador sexual.\n    <\/p>\n<p class=\"article-text\">\n        Desde La Moncloa, ahora s\u00ed lamentan que el partido no haya estado a la altura y sospechan que desde Ferraz \u201cse ha ocultado informaci\u00f3n al presidente del Gobierno\u201d. As\u00ed lo cree una de las personas m\u00e1s cercanas a Pedro S\u00e1nchez, quien asegura que cuando el secretario general del PSOE ley\u00f3 en elDiario.es los escritos de las denunciantes \u201cno tuvo ninguna duda de la trascendencia del asunto\u201d y demand\u00f3 a Torr\u00f3 las explicaciones por las que durante cinco meses no se hab\u00eda interesado.\n    <\/p>\n<p class=\"article-text\">\n        La sensaci\u00f3n en otros \u00e1mbitos del PSOE es que, conocido el alcance del esc\u00e1ndalo, Moncloa y PSOE tratan de responsabilizarse mutuamente de lo ocurrido, pero lo cierto es que pocas dudas hay de que quienes habitan en el complejo presidencial y quienes lo hacen en Ferraz son los mismos y que tienen complicado desdoblarse de sus funciones para sacudirse la responsabilidad de su m\u00e1s que evidente inacci\u00f3n.\n    <\/p>\n<p class=\"article-text\">\n        Tras haber dicho el pasado lunes que el partido actu\u00f3 con diligencia ante el caso, la ministra de Igualdad, Ana Redondo, tach\u00f3 este mi\u00e9rcoles de \u201casquerosos y deleznables\u201d los comentarios del exmilitante socialista y exasesor Francisco Salazar vertidos contra mujeres que trabajaban para \u00e9l y que denunciaron comportamientos inadecuados en los canales internos de Ferraz. Tambi\u00e9n pidi\u00f3 que su organizaci\u00f3n sea \u201cmucho m\u00e1s rigurosa\u201d en la selecci\u00f3n de cargos org\u00e1nicos.\n    <\/p>\n<p>    <a href=\"https:\/\/www.eldiario.es\/politica\/denuncias-paco-salazar-subia-bragueta-cara-escenificaba-felaciones-pedia-vernos-escote_1_12807016.html\" data-mrf-recirculation=\"saber-mas-abajo\" data-dl-event=\"saber-mas-abajo\" rel=\"nofollow noopener\" target=\"_blank\"><\/p>\n<p class=\"know-more__title\">Las denuncias contra Paco Salazar: \u201cSe sub\u00eda la bragueta en tu cara, escenificaba felaciones y ped\u00eda vernos el escote\u201d\n<\/p>\n<p>            <img decoding=\"async\" class=\"lazy\" loading=\"lazy\" data-src=\"https:\/\/static.eldiario.es\/clip\/6c6a9711-901b-4b70-ae0e-163be369f079_16-9-aspect-ratio_default_0_x2032y595.jpg\" src=\"data:image\/svg+xml,%3Csvg xmlns=\" http:=\"\" viewbox=\"0 0 880 495\" alt=\"Las denuncias contra Paco Salazar: \u201cSe sub\u00eda la bragueta en tu cara, escenificaba felaciones y ped\u00eda vernos el escote\u201d\"\/><\/p>\n<p>                        <\/a><\/p>\n<p class=\"article-text\">\n        Entre las mujeres feministas advierten a la organizaci\u00f3n que el PSOE no est\u00e1 midiendo el profundo malestar que recorre al partido con este asunto.\n    <\/p>\n","protected":false},"excerpt":{"rendered":"El PSOE, al fin, mueve ficha. 48 horas despu\u00e9s de que elDiario.es informase de la desaparici\u00f3n de dos&hellip;\n","protected":false},"author":2,"featured_media":269329,"comment_status":"","ping_status":"","sticky":false,"template":"","format":"standard","meta":{"footnotes":""},"categories":[5],"tags":[808,17,18,66284,66285,25,24,13,14,11,21861,27008,1294,19,20,4044,9,10,15,16,1047,1699,11827,23,12,21,22],"class_list":{"0":"post-269328","1":"post","2":"type-post","3":"status-publish","4":"format-standard","5":"has-post-thumbnail","7":"category-titulares","8":"tag-ahora","9":"tag-breaking-news","10":"tag-breakingnews","11":"tag-contacta","12":"tag-denunciaron","13":"tag-es","14":"tag-espana","15":"tag-featured-news","16":"tag-featurednews","17":"tag-headlines","18":"tag-iniciar","19":"tag-interna","20":"tag-investigacion","21":"tag-latest-news","22":"tag-latestnews","23":"tag-mujeres","24":"tag-news","25":"tag-noticias","26":"tag-noticias-destacadas","27":"tag-noticiasdestacadas","28":"tag-paco","29":"tag-psoe","30":"tag-salazar","31":"tag-spain","32":"tag-titulares","33":"tag-ultimas-noticias","34":"tag-ultimasnoticias"},"share_on_mastodon":{"url":"https:\/\/pubeurope.com\/@es\/115656724517202494","error":""},"_links":{"self":[{"href":"https:\/\/www.europesays.com\/es\/wp-json\/wp\/v2\/posts\/269328","targetHints":{"allow":["GET"]}}],"collection":[{"href":"https:\/\/www.europesays.com\/es\/wp-json\/wp\/v2\/posts"}],"about":[{"href":"https:\/\/www.europesays.com\/es\/wp-json\/wp\/v2\/types\/post"}],"author":[{"embeddable":true,"href":"https:\/\/www.europesays.com\/es\/wp-json\/wp\/v2\/users\/2"}],"replies":[{"embeddable":true,"href":"https:\/\/www.europesays.com\/es\/wp-json\/wp\/v2\/comments?post=269328"}],"version-history":[{"count":0,"href":"https:\/\/www.europesays.com\/es\/wp-json\/wp\/v2\/posts\/269328\/revisions"}],"wp:featuredmedia":[{"embeddable":true,"href":"https:\/\/www.europesays.com\/es\/wp-json\/wp\/v2\/media\/269329"}],"wp:attachment":[{"href":"https:\/\/www.europesays.com\/es\/wp-json\/wp\/v2\/media?parent=269328"}],"wp:term":[{"taxonomy":"category","embeddable":true,"href":"https:\/\/www.europesays.com\/es\/wp-json\/wp\/v2\/categories?post=269328"},{"taxonomy":"post_tag","embeddable":true,"href":"https:\/\/www.europesays.com\/es\/wp-json\/wp\/v2\/tags?post=269328"}],"curies":[{"name":"wp","href":"https:\/\/api.w.org\/{rel}","templated":true}]}}