{"id":269330,"date":"2025-12-03T17:08:16","date_gmt":"2025-12-03T17:08:16","guid":{"rendered":"https:\/\/www.europesays.com\/es\/269330\/"},"modified":"2025-12-03T17:08:16","modified_gmt":"2025-12-03T17:08:16","slug":"ballester-y-puig-avanzan-en-el-pga-de-australia","status":"publish","type":"post","link":"https:\/\/www.europesays.com\/es\/269330\/","title":{"rendered":"Ballester y Puig avanzan en el PGA de Australia"},"content":{"rendered":"<p data-mrf-recirculation=\"Links P\u00e1rrafos\" class=\"ue-c-article__paragraph paragraph ue-c-article--first-letter-highlighted\">E<strong>l golf ha iniciado su verano austral por Ocean\u00eda para acabar el a\u00f1o en las Islas Mauricio el 21 de diciembre.<\/strong> Es ya un nuevo curso en el DP World Tour, que incluye en su calendario torneos de otros circuitos para dar m\u00e1s oportunidades a sus afiliados. Pero el Australian PGA Championship, como el Open del pa\u00eds la semana que viene, no son un torneo m\u00e1s, sino de relieve.<\/p>\n<p data-mrf-recirculation=\"Links P\u00e1rrafos\" class=\"ue-c-article__paragraph paragraph\"><strong>Y ah\u00ed, en Brisbane, despu\u00e9s de ya ponerse al d\u00eda tras la interrupci\u00f3n por la ca\u00edda de un rayo el jueves <\/strong>cuando Sebastian Garc\u00eda era l\u00edder, David Puig y Josele Ballester se han unido al madrile\u00f1o. Pero mientras Sebas, que a\u00fan consigui\u00f3 en los tres hoyos que le quedaban un birdie m\u00e1s que le aup\u00f3 al liderato en solitario al comienzo del d\u00eda con un 63, fallaba en la segunda vuelta (72), los dos &#8216;fireballs&#8217; dejaban sendos 67 el viernes para ser novenos. Empatados todos en siete bajo par, son novenos a tres golpes del l\u00edder Kazuma Kobori, neozeland\u00e9s de origen japon\u00e9s, que ya ha ganado cuatro veces en el circuito de Australasia.<\/p>\n<p data-mrf-recirculation=\"Links P\u00e1rrafos\" class=\"ue-c-article__paragraph paragraph\"><strong>Toda la regularidad desplegada por Garc\u00eda el jueves se convirti\u00f3 en inconsistencia el viernes. <\/strong>Estuvo fall\u00f3n, especialmente en los pares 5 donde cosech\u00f3 un bogey y un doble bogey, demasiadas concesiones en un campo que estuvo asequible. Lo maquill\u00f3 con cuatro birdies, aunque tambi\u00e9n entraron en su tarjeta dos errores m\u00e1s.(<a href=\"https:\/\/www.europeantour.com\/dpworld-tour\/bmw-australian-pga-championship-2026\/leaderboard?round=2\" rel=\"nofollow noopener\" target=\"_blank\">Resultados)<\/a><\/p>\n<p data-mrf-recirculation=\"Links P\u00e1rrafos\" class=\"ue-c-article__paragraph paragraph\"><strong>Puig, por su parte, tambi\u00e9n pas\u00f3 un momento cr\u00edtico cuando enlaz\u00f3 dos bogeys en el 13 y en el 14. <\/strong>Ah\u00ed hab\u00eda llegado embalado con dos birdies y un eagle en los nueve primeros hoyos y a\u00fan recobr\u00f3 la concentraci\u00f3n para sacar otros dos aciertos m\u00e1s. Es encomiable la pelea del de La Garriga por convertirse en una estrella del juego. En los \u00faltimos 365 d\u00edas ha jugado 24 torneos, 11 fuera del LIV. Se ha convertido en miembro del DP World Tour porque quiere combinarlo, si le dejan, con la Liga que impulsa el Fondo P\u00fablico de Arabia Saud\u00ed y, hasta la fecha, no ha fallado un corte. Todo lo contrario que Cameron Smith, que no estar\u00e1 el fin de semana. Siete de siete. Pleno de desgracias este a\u00f1o para el ganador del Open Brit\u00e1nico de 2022.<\/p>\n<p data-mrf-recirculation=\"Links P\u00e1rrafos\" class=\"ue-c-article__paragraph paragraph\"><strong>Ballester juega con la tranquilidad de los ganadores. Tras su \u00e9xito en Riad el \u00faltimo domingo <\/strong>ahora enlazar\u00e1 dos semanas en Australia. El viernes lo despach\u00f3 con un bogey en el hoyo 2, seguido de cinco birdies. Fue brillante su reacci\u00f3n tras el error, con dos aciertos consecutivos. Quedaron a la altura de Marc Leishman y Marco Penge, y un golpe mejor que Adam Scott, entre los golfistas m\u00e1s destacados.<\/p>\n","protected":false},"excerpt":{"rendered":"El golf ha iniciado su verano austral por Ocean\u00eda para acabar el a\u00f1o en las Islas Mauricio el&hellip;\n","protected":false},"author":2,"featured_media":269331,"comment_status":"","ping_status":"","sticky":false,"template":"","format":"standard","meta":{"footnotes":""},"categories":[275],"tags":[168,25,24,329,23,167],"class_list":{"0":"post-269330","1":"post","2":"type-post","3":"status-publish","4":"format-standard","5":"has-post-thumbnail","7":"category-golf","8":"tag-deportes","9":"tag-es","10":"tag-espana","11":"tag-golf","12":"tag-spain","13":"tag-sports"},"share_on_mastodon":{"url":"https:\/\/pubeurope.com\/@es\/115656740591765413","error":""},"_links":{"self":[{"href":"https:\/\/www.europesays.com\/es\/wp-json\/wp\/v2\/posts\/269330","targetHints":{"allow":["GET"]}}],"collection":[{"href":"https:\/\/www.europesays.com\/es\/wp-json\/wp\/v2\/posts"}],"about":[{"href":"https:\/\/www.europesays.com\/es\/wp-json\/wp\/v2\/types\/post"}],"author":[{"embeddable":true,"href":"https:\/\/www.europesays.com\/es\/wp-json\/wp\/v2\/users\/2"}],"replies":[{"embeddable":true,"href":"https:\/\/www.europesays.com\/es\/wp-json\/wp\/v2\/comments?post=269330"}],"version-history":[{"count":0,"href":"https:\/\/www.europesays.com\/es\/wp-json\/wp\/v2\/posts\/269330\/revisions"}],"wp:featuredmedia":[{"embeddable":true,"href":"https:\/\/www.europesays.com\/es\/wp-json\/wp\/v2\/media\/269331"}],"wp:attachment":[{"href":"https:\/\/www.europesays.com\/es\/wp-json\/wp\/v2\/media?parent=269330"}],"wp:term":[{"taxonomy":"category","embeddable":true,"href":"https:\/\/www.europesays.com\/es\/wp-json\/wp\/v2\/categories?post=269330"},{"taxonomy":"post_tag","embeddable":true,"href":"https:\/\/www.europesays.com\/es\/wp-json\/wp\/v2\/tags?post=269330"}],"curies":[{"name":"wp","href":"https:\/\/api.w.org\/{rel}","templated":true}]}}