{"id":269344,"date":"2025-12-03T17:19:19","date_gmt":"2025-12-03T17:19:19","guid":{"rendered":"https:\/\/www.europesays.com\/es\/269344\/"},"modified":"2025-12-03T17:19:19","modified_gmt":"2025-12-03T17:19:19","slug":"nuevos-videos-en-directo-de-metallica-fechas-de-narcotic-wasteland-suspension-de-koba-live","status":"publish","type":"post","link":"https:\/\/www.europesays.com\/es\/269344\/","title":{"rendered":"Nuevos v\u00eddeos en directo de METALLICA. Fechas de NARCOTIC WASTELAND. Suspensi\u00f3n de Koba Live."},"content":{"rendered":"<p>\u00a0<\/p>\n<p style=\"text-align: center;\"><strong><a href=\"#METALLICA2\">Nuevos v\u00eddeos en directo de METALLICA<\/a> \u2013 <a href=\"#NARCOTIC_WASTELAND\">Fechas de NARCOTIC WASTELAND<\/a> \u2013 <a href=\"#Koba_Live\">Suspensi\u00f3n de Koba Live<\/a>.<\/strong><\/p>\n<p><a id=\"_Hlk214799894\" name=\"_Hlk214799894\"\/>A continuaci\u00f3n ten\u00e9is cuatro nuevos v\u00eddeos en directo de <a href=\"https:\/\/www.metallica.com\/\" target=\"_blank\" rel=\"noopener nofollow\"><strong>METALLICA<\/strong><\/a> para los temas \u201cLux \u00c6terna\u201d y \u201cWherever I May Roam\u201d el 12 de noviembre en el estadio Suncorp de Brisbane, Australia, y \u201cCyanide\u201d y \u201cNothing Else Matters\u201d el 15 de noviembre en el Accor Stadium de S\u00eddney, Australia.<\/p>\n<p><img fetchpriority=\"high\" decoding=\"async\" src=\"https:\/\/www.europesays.com\/es\/wp-content\/uploads\/2025\/11\/2025-11nov01_Perth-Australia_Brett-Murray_011.jpg\" alt=\"METALLICA\" width=\"500\" height=\"333\"\/><\/p>\n<p><a href=\"https:\/\/www.metallica.com\/\" target=\"_blank\" rel=\"noopener nofollow\"><strong>METALLICA<\/strong><\/a> reeditaron el 13 de junio su disco \u201cLoad\u00bb remasterizado.<\/p>\n<p>Todos los detalles en esta <a href=\"https:\/\/www.rafabasa.com\/2025\/04\/29\/metallica-haemorrhage-sankt-velten\/#METALLICA\" rel=\"nofollow noopener\" target=\"_blank\">noticia <\/a>.<\/p>\n<p>Ten\u00e9is nuestras cr\u00f3nicas de sus \u00faltimos conciertos\u00a0en Madrid en este <a href=\"https:\/\/www.rafabasa.com\/2024\/07\/16\/cronica-y-fotos-de-metallica-del-domingo-14-de-julio-de-2024-five-finger-death-punch-ice-nine-kills-en-madrid\/\" target=\"_blank\" rel=\"noopener nofollow\">enlace <\/a> y en <a href=\"https:\/\/www.rafabasa.com\/2024\/07\/15\/cronica-y-fotos-de-metallica-viernes-de-12-de-julio-de-2024-architects-mammoth-wvh-en-madrid\/\" target=\"_blank\" rel=\"noopener nofollow\">este <\/a>.<\/p>\n<p>Sus \u00faltimas reediciones en este <a href=\"https:\/\/www.rafabasa.com\/2024\/03\/07\/metallica-barbarian-swords-party-san-open-air\/#METALLICA\" target=\"_blank\" rel=\"noopener nofollow\">enlace <\/a>.<\/p>\n<p>\u00a0<\/p>\n<p>\u00a0<\/p>\n<p>La banda del guitarrista de NILE Dallas Wade Trade, <strong>NARCOTIC WASTELAND<\/strong> ha anunciado las siguientes fechas en nuestro pa\u00eds:<\/p>\n<ul>\n<li>D\u00eda 14 de diciembre \u2013 Sala D8 Sorkuntza Factoria \u2013 BILBAO + RADITY<\/li>\n<li>D\u00eda 15 de diciembre \u2013 Sala Wurlitzer Ballroom \u2013 MADRID + RADITY<\/li>\n<li>D\u00eda 16 de diciembre \u2013 Sala La Deskomunal \u2013 BARCELONA + RADITY + ARCHETYPE X<\/li>\n<\/ul>\n<p><img loading=\"lazy\" decoding=\"async\" src=\"https:\/\/www.europesays.com\/es\/wp-content\/uploads\/2025\/12\/cartel_bc.jpg\" alt=\"NARCOTIC\" width=\"400\" height=\"564\"\/><\/p>\n<p>La banda ha sacado dos discos, \u201cNarcotic Wasteland\u201d en 2014 y \u201cDelirium Tremens\u201d de 2017, el pasado 2024 publicaron su \u00faltimo single \u201cBarbarian\u201d.<\/p>\n<p>M\u00e1s sobre el grupo en su <a title=\"Go to: Facebook\" href=\"https:\/\/www.facebook.com\/narcoticwasteland\" target=\"_blank\" rel=\"noopener nofollow\">Facebook<\/a>.<\/p>\n<p>\u00a0<\/p>\n<p>La organizaci\u00f3n del <strong>Koba Live<\/strong> ha publicado el siguiente comunicado:<\/p>\n<p>\u201cLa asociaci\u00f3n sin \u00e1nimo de lucro Sugaar Musika Elkartea, organizadora durante los \u00faltimos cuatro a\u00f1os del festival de m\u00fasica Koba Live en Abadi\u00f1o, lamenta comunicar que debido a los recortes econ\u00f3micos sufridos en las ayudas recibidas por parte de la diputaci\u00f3n foral de Vizcaya y de cara al a\u00f1o que viene, por parte del ayuntamiento de la Anteiglesia de Abadi\u00f1o, ha decidido no organizar el festival Koba Live en el 2026.<\/p>\n<p>A pesar de ser la edici\u00f3n del 2025 la primera sin detrimento econ\u00f3mico, la reducci\u00f3n del presupuesto nos impide organizar un festival con los est\u00e1ndares de calidad y seguridad que la asociaci\u00f3n cree necesarios para desarrollar este tipo de eventos y hemos preferido hacernos a un lado.<\/p>\n<p>Nuestra idea no era dejarlo de este modo, pero no nos ha quedado otro remedio. Esto puede significar un adi\u00f3s definitivo o un hasta pronto ya que la asociaci\u00f3n no desecha la idea de volver a organizar el Koba Live en un futuro.<\/p>\n<p>Queremos agradecer el apoyo recibido y mandar un saludo a todos los que en alg\u00fan momento confiaron en nosotros y nos ayudaron a echar a andar este proyecto y como no, a los Kobazales y al equipo, sin los cuales el Koba Live nunca hubiera sido posible.\u201d<\/p>\n<p>M\u00e1s detalles en este <a href=\"https:\/\/koba-live.com\/\" rel=\"nofollow noopener\" target=\"_blank\">enlace<\/a>.<\/p>\n<p><img loading=\"lazy\" decoding=\"async\" src=\"https:\/\/www.europesays.com\/es\/wp-content\/uploads\/2025\/09\/Sugaar-Musika-Elkartea-10.2023_01-1024x768.jpg\" alt=\"KOBA\" width=\"500\" height=\"375\"\/><\/p>\n<p>\u00a0<\/p>\n<p align=\"center\"><strong>Sigue el\u00a0<a href=\"https:\/\/whatsapp.com\/channel\/0029VaCprxVBA1f555USvT2O\" target=\"_blank\" rel=\"nofollow noopener\">Canal de RAFABASA.COM en WhatsApp<\/a>, donde encontrar\u00e1s todas nuestras novedades al instante<\/strong><\/p>\n<p>\u00a0<\/p>\n","protected":false},"excerpt":{"rendered":"\u00a0 Nuevos v\u00eddeos en directo de METALLICA \u2013 Fechas de NARCOTIC WASTELAND \u2013 Suspensi\u00f3n de Koba Live. A&hellip;\n","protected":false},"author":2,"featured_media":269345,"comment_status":"","ping_status":"","sticky":false,"template":"","format":"standard","meta":{"footnotes":""},"categories":[170],"tags":[146,147,25,24,38752,479,184,185,66305,23],"class_list":{"0":"post-269344","1":"post","2":"type-post","3":"status-publish","4":"format-standard","5":"has-post-thumbnail","7":"category-musica","8":"tag-entertainment","9":"tag-entretenimiento","10":"tag-es","11":"tag-espana","12":"tag-koba-live","13":"tag-metallica","14":"tag-music","15":"tag-musica","16":"tag-narcotic-wasteland","17":"tag-spain"},"share_on_mastodon":{"url":"https:\/\/pubeurope.com\/@es\/115656784032679077","error":""},"_links":{"self":[{"href":"https:\/\/www.europesays.com\/es\/wp-json\/wp\/v2\/posts\/269344","targetHints":{"allow":["GET"]}}],"collection":[{"href":"https:\/\/www.europesays.com\/es\/wp-json\/wp\/v2\/posts"}],"about":[{"href":"https:\/\/www.europesays.com\/es\/wp-json\/wp\/v2\/types\/post"}],"author":[{"embeddable":true,"href":"https:\/\/www.europesays.com\/es\/wp-json\/wp\/v2\/users\/2"}],"replies":[{"embeddable":true,"href":"https:\/\/www.europesays.com\/es\/wp-json\/wp\/v2\/comments?post=269344"}],"version-history":[{"count":0,"href":"https:\/\/www.europesays.com\/es\/wp-json\/wp\/v2\/posts\/269344\/revisions"}],"wp:featuredmedia":[{"embeddable":true,"href":"https:\/\/www.europesays.com\/es\/wp-json\/wp\/v2\/media\/269345"}],"wp:attachment":[{"href":"https:\/\/www.europesays.com\/es\/wp-json\/wp\/v2\/media?parent=269344"}],"wp:term":[{"taxonomy":"category","embeddable":true,"href":"https:\/\/www.europesays.com\/es\/wp-json\/wp\/v2\/categories?post=269344"},{"taxonomy":"post_tag","embeddable":true,"href":"https:\/\/www.europesays.com\/es\/wp-json\/wp\/v2\/tags?post=269344"}],"curies":[{"name":"wp","href":"https:\/\/api.w.org\/{rel}","templated":true}]}}