{"id":269350,"date":"2025-12-03T17:22:10","date_gmt":"2025-12-03T17:22:10","guid":{"rendered":"https:\/\/www.europesays.com\/es\/269350\/"},"modified":"2025-12-03T17:22:10","modified_gmt":"2025-12-03T17:22:10","slug":"identifican-la-nueva-variante-de-norovirus-responsable-del-aumento-de-brotes-de-gastroenteritis-en-todo-el-mundo","status":"publish","type":"post","link":"https:\/\/www.europesays.com\/es\/269350\/","title":{"rendered":"Identifican la nueva variante de norovirus responsable del aumento de brotes de gastroenteritis en todo el mundo"},"content":{"rendered":"<p>Un equipo internacional de investigadores, liderados por la Administraci\u00f3n de Alimentos y Medicamentos de Estados Unidos (FDA) y el Instituto Robert Koch (Alemania), ha logrado identificar la<b> nueva variante de norovirus<\/b> responsable del incremento de brotes de gastroenteritis que se ha registrado en todo el mundo durante los \u00faltimos dos a\u00f1os.<\/p>\n<p>Los resultados del estudio, publicados en la revista Nature Communitations, han revelado que detr\u00e1s del \u00absignificativo aumento\u00bb de casos se encuentra el <b>genotipo GII.17 del virus<\/b>, que hist\u00f3ricamente no se inclu\u00eda entre los diez genotipos predominantes, pero que entre 2013 y 2016 comenz\u00f3 a expandirse partiendo de distintos pa\u00edses de Asia.<\/p>\n<p>De esta expansi\u00f3n asi\u00e1tica surgieron las dos nuevas variantes C y D, tras lo que los casos de gastroenteritis por GII.17 disminuyeron y el genotipo GII.4 volvi\u00f3 a ser el m\u00e1s frecuente a nivel mundial. Sin embargo, entre 2023 y 2025, numerosos pa\u00edses de Europa y Am\u00e9rica han registrado un nuevo incremento de infecciones por norovirus GII.17.<\/p>\n<p>\u00abEl estudio muestra que la nueva variante del norovirus GII.17 ha seguido un proceso evolutivo din\u00e1mico, adapt\u00e1ndose para infectar con mayor eficacia a los seres humanos\u00bb, ha afirmado la responsable de Gastroenteritis V\u00edricas en el Centro Nacional de Microbiolog\u00eda (CNM) del ISCIII y parte del \u00c1rea de Epidemiolog\u00eda y Salud P\u00fablica del Centro de Investigaci\u00f3n Biom\u00e9dica en Red (CIBER-ISCIII), Mar\u00eda Dolores Fern\u00e1ndez-Garc\u00eda, que tambi\u00e9n ha participado en el trabajo.<\/p>\n<p>Esta nueva variante presenta un conjunto propio de<b> cambios que afectan especialmente a la prote\u00edna VP1<\/b> de la c\u00e1psida del virus, y que le confieren una identidad gen\u00e9tica distinta, adem\u00e1s de reflejar un proceso evolutivo continuo para su transmisi\u00f3n eficiente entre humanos.<\/p>\n<p>Unas mutaciones que mejoran la capacidad de infecci\u00f3n<\/p>\n<p>Dichas mutaciones han mejorado la capacidad del virus para unirse a mol\u00e9culas de az\u00facares que funcionan como factores de adherencia para facilitar la infecci\u00f3n viral, y han modificado las propiedades antig\u00e9nicas del virus, lo que le permite escapar al reconocimiento del sistema inmunitario y facilitar el desarrollo de la infecci\u00f3n.<\/p>\n<p>Todo ello muestra que la nueva variante del GII.17 del virus presenta una mayor capacidad y versatilidad de uni\u00f3n celular, en comparaci\u00f3n con las variantes anteriores C y D que circularon en Asia, una adaptaci\u00f3n que habr\u00eda ampliado el rango de personas susceptibles y contribuido a la r\u00e1pida expansi\u00f3n de la nueva variante en Europa y Am\u00e9rica.<\/p>\n<p>Adem\u00e1s, el an\u00e1lisis en personas infectadas de la evoluci\u00f3n del virus revela que algunas de las mutaciones adaptativas m\u00e1s importantes ya se estaban seleccionando a nivel intraindividual, antes de extenderse a la poblaci\u00f3n.<\/p>\n<p>\u00abLa historia de la variante GII.17 es un ejemplo de c\u00f3mo los virus evolucionan para encontrar nuevas oportunidades de infecci\u00f3n; solo entendiendo estos mecanismos podremos anticiparnos y evitar que se conviertan en grandes epidemias\u00bb, ha expresado la investigadora.<\/p>\n<p>Fern\u00e1ndez-Garc\u00eda ha subrayado que este trabajo demuestra la importancia de la colaboraci\u00f3n internacional y de la vigilancia gen\u00f3mica para entender c\u00f3mo los virus emergen y se adaptan, algo fundamental para proteger la salud p\u00fablica.<\/p>\n<p>Asimismo, ha explicado la relevancia de conocer c\u00f3mo peque\u00f1as mutaciones en VP1 afectan la capacidad del virus para unirse a las c\u00e9lulas y evadir la inmunidad natural, pues puede ayudar a dise\u00f1ar vacunas m\u00e1s efectivas y a anticipar futuras variantes.<\/p>\n<p>Durante la investigaci\u00f3n se han analizado m\u00e1s de 1.400 genomas de este virus, tanto recientes como almacenados en bases de datos internacionales, y se han incluido genomas completos de norovirus GII.17 obtenidos en Espa\u00f1a gracias a la caracterizaci\u00f3n molecular de brotes de gastroenteritis v\u00edricas coordinada por el Centro Nacional de Microbiolog\u00eda.<\/p>\n<p>Se han analizado los patrones de diversificaci\u00f3n global de este virus a nivel de todo el genoma, as\u00ed como los patrones mutacionales en profundidad dentro de 511 virus detectados durante una encuesta nacional de diez a\u00f1os en Alemania y la diversidad viral intrahu\u00e9sped y los procesos de adaptaci\u00f3n que conducen al predominio del virus GII.17.<\/p>\n<p>El equipo del ISCIII ha participado en el an\u00e1lisis e interpretaci\u00f3n de estos datos, y ha aportado financiaci\u00f3n a trav\u00e9s de la Acci\u00f3n Estrat\u00e9gica de Salud Intramural.<\/p>\n<p>   <img decoding=\"async\" title=\"Superluna de Castor\" alt=\"Superluna de Castor\" width=\"480\" height=\"270\" src=\"https:\/\/www.europesays.com\/es\/wp-content\/uploads\/2025\/12\/superluna-castor_70.jpg\" loading=\"lazy\" class=\"lazy\"\/><\/p>\n","protected":false},"excerpt":{"rendered":"Un equipo internacional de investigadores, liderados por la Administraci\u00f3n de Alimentos y Medicamentos de Estados Unidos (FDA) y&hellip;\n","protected":false},"author":2,"featured_media":269351,"comment_status":"","ping_status":"","sticky":false,"template":"","format":"standard","meta":{"footnotes":""},"categories":[92],"tags":[25,24,165,166,23],"class_list":{"0":"post-269350","1":"post","2":"type-post","3":"status-publish","4":"format-standard","5":"has-post-thumbnail","7":"category-salud","8":"tag-es","9":"tag-espana","10":"tag-health","11":"tag-salud","12":"tag-spain"},"share_on_mastodon":{"url":"https:\/\/pubeurope.com\/@es\/115656795764736185","error":""},"_links":{"self":[{"href":"https:\/\/www.europesays.com\/es\/wp-json\/wp\/v2\/posts\/269350","targetHints":{"allow":["GET"]}}],"collection":[{"href":"https:\/\/www.europesays.com\/es\/wp-json\/wp\/v2\/posts"}],"about":[{"href":"https:\/\/www.europesays.com\/es\/wp-json\/wp\/v2\/types\/post"}],"author":[{"embeddable":true,"href":"https:\/\/www.europesays.com\/es\/wp-json\/wp\/v2\/users\/2"}],"replies":[{"embeddable":true,"href":"https:\/\/www.europesays.com\/es\/wp-json\/wp\/v2\/comments?post=269350"}],"version-history":[{"count":0,"href":"https:\/\/www.europesays.com\/es\/wp-json\/wp\/v2\/posts\/269350\/revisions"}],"wp:featuredmedia":[{"embeddable":true,"href":"https:\/\/www.europesays.com\/es\/wp-json\/wp\/v2\/media\/269351"}],"wp:attachment":[{"href":"https:\/\/www.europesays.com\/es\/wp-json\/wp\/v2\/media?parent=269350"}],"wp:term":[{"taxonomy":"category","embeddable":true,"href":"https:\/\/www.europesays.com\/es\/wp-json\/wp\/v2\/categories?post=269350"},{"taxonomy":"post_tag","embeddable":true,"href":"https:\/\/www.europesays.com\/es\/wp-json\/wp\/v2\/tags?post=269350"}],"curies":[{"name":"wp","href":"https:\/\/api.w.org\/{rel}","templated":true}]}}