{"id":269360,"date":"2025-12-03T17:27:14","date_gmt":"2025-12-03T17:27:14","guid":{"rendered":"https:\/\/www.europesays.com\/es\/269360\/"},"modified":"2025-12-03T17:27:14","modified_gmt":"2025-12-03T17:27:14","slug":"la-audiencia-de-badajoz-aplaza-el-juicio-al-hermano-de-pedro-sanchez-a-finales-de-mayo","status":"publish","type":"post","link":"https:\/\/www.europesays.com\/es\/269360\/","title":{"rendered":"La Audiencia de Badajoz aplaza el juicio al hermano de Pedro S\u00e1nchez a finales de mayo"},"content":{"rendered":"<p style=\"\">La Secci\u00f3n Primera de la Audiencia Provincial de Badajoz ha acordado suspender el inicio del juicio contra David S\u00e1nchez, hermano del <a href=\"https:\/\/www.abc.es\/noticias\/pedro-sanchez\/\" title=\"www.abc.es\" data-voc-vtm-id=\"in-text-traffic\" data-mrf-link=\"www.abc.es\" rel=\"nofollow noopener\" target=\"_blank\">presidente del Gobierno<\/a>, y que estaba programado para el 9 de febrero. En una diligencia de ordenaci\u00f3n fija nuevas fechas y lleva la  &#8230; vista oral a <strong>finales de mayo de 2026, <\/strong>concretamente a los d\u00edas 28 y 29 de mayo, y 1, 2, 3, y 4 de junio. <\/p>\n<p class=\"voc-p\" style=\"\">La resoluci\u00f3n, a la que ha tenido acceso ABC, indica que se adopta esta decisi\u00f3n dado que <strong>diferentes letrados personados en la causa subrayaron la imposibilidad de asistir <\/strong>a la primera fecha propuesta por tener se\u00f1alamientos anteriores a los que atender. Cabe recordar que en esta vista se juzgar\u00e1 a David S\u00e1nchez y al secretario general del PSOE en Extremadura, Miguel \u00c1ngel Gallardo, por los delitos de prevaricaci\u00f3n y tr\u00e1fico de influencias.<\/p>\n<p>\nImpacto en la campa\u00f1a\n<\/p>\n<p class=\"voc-p\" style=\"\">La noticia llega a poco m\u00e1s de 24 horas del arranque oficial de la campa\u00f1a electoral en Extremadura, con el secretario general del PSOE de Extremadura, Miguel \u00c1ngel Gallardo, como candidato de los socialistas el 21-D. Su situaci\u00f3n judicial, que ya de por s\u00ed est\u00e1 marcando la precampa\u00f1a, estar\u00e1 otra vez encima de la mesa. Es el gran argumento que PP y Vox est\u00e1n utilizando contra su candidatura, su imputaci\u00f3n y su intento a la desesperada de aforarse para blindarse judicialmente.<\/p>\n<p class=\"voc-p\" style=\"\">Este jueves, est\u00e1 previsto que el propio presidente del Gobierno, Pedro S\u00e1nchez, acuda a Plasencia, donde volver\u00e1 a arropar a Gallardo, apenas unas horas antes de la pegada de carteles en la medianoche del 4 al 5 de diciembre. <\/p>\n<p class=\"voc-p\" style=\"\">La delicada situaci\u00f3n del candidato socialista, no solo por su imputaci\u00f3n, sino tambi\u00e9n por la crisis interna que vive su partido, con buena parte del aparato de C\u00e1ceres en contra, dejan al PSOE en la posici\u00f3n de mayor fragilidad de su historia en una comunidad aut\u00f3noma que, hasta hace no mucho, era uno de sus grandes bastiones. Los sondeos apuntan al peor resultado de la democracia para los socialistas en tierras extreme\u00f1as. El CIS de Tezanos le otorga una horquilla de 19-22 diputados. En el peor de los casos, Gallardo perder\u00eda nueve esca\u00f1os. En cualquiera de los supuestos, la debacle ser\u00eda absoluta.<\/p>\n","protected":false},"excerpt":{"rendered":"La Secci\u00f3n Primera de la Audiencia Provincial de Badajoz ha acordado suspender el inicio del juicio contra David&hellip;\n","protected":false},"author":2,"featured_media":269361,"comment_status":"","ping_status":"","sticky":false,"template":"","format":"standard","meta":{"footnotes":""},"categories":[8],"tags":[35394,4294,7235,17,18,25,24,13,14,6686,11,37,5541,19,20,10695,9,10,15,16,1822,199,23,12,21,22],"class_list":{"0":"post-269360","1":"post","2":"type-post","3":"status-publish","4":"format-standard","5":"has-post-thumbnail","7":"category-espana","8":"tag-aplaza","9":"tag-audiencia","10":"tag-badajoz","11":"tag-breaking-news","12":"tag-breakingnews","13":"tag-es","14":"tag-espana","15":"tag-featured-news","16":"tag-featurednews","17":"tag-finales","18":"tag-headlines","19":"tag-hermano","20":"tag-juicio","21":"tag-latest-news","22":"tag-latestnews","23":"tag-mayo","24":"tag-news","25":"tag-noticias","26":"tag-noticias-destacadas","27":"tag-noticiasdestacadas","28":"tag-pedro","29":"tag-sanchez","30":"tag-spain","31":"tag-titulares","32":"tag-ultimas-noticias","33":"tag-ultimasnoticias"},"share_on_mastodon":{"url":"https:\/\/pubeurope.com\/@es\/115656815239211549","error":""},"_links":{"self":[{"href":"https:\/\/www.europesays.com\/es\/wp-json\/wp\/v2\/posts\/269360","targetHints":{"allow":["GET"]}}],"collection":[{"href":"https:\/\/www.europesays.com\/es\/wp-json\/wp\/v2\/posts"}],"about":[{"href":"https:\/\/www.europesays.com\/es\/wp-json\/wp\/v2\/types\/post"}],"author":[{"embeddable":true,"href":"https:\/\/www.europesays.com\/es\/wp-json\/wp\/v2\/users\/2"}],"replies":[{"embeddable":true,"href":"https:\/\/www.europesays.com\/es\/wp-json\/wp\/v2\/comments?post=269360"}],"version-history":[{"count":0,"href":"https:\/\/www.europesays.com\/es\/wp-json\/wp\/v2\/posts\/269360\/revisions"}],"wp:featuredmedia":[{"embeddable":true,"href":"https:\/\/www.europesays.com\/es\/wp-json\/wp\/v2\/media\/269361"}],"wp:attachment":[{"href":"https:\/\/www.europesays.com\/es\/wp-json\/wp\/v2\/media?parent=269360"}],"wp:term":[{"taxonomy":"category","embeddable":true,"href":"https:\/\/www.europesays.com\/es\/wp-json\/wp\/v2\/categories?post=269360"},{"taxonomy":"post_tag","embeddable":true,"href":"https:\/\/www.europesays.com\/es\/wp-json\/wp\/v2\/tags?post=269360"}],"curies":[{"name":"wp","href":"https:\/\/api.w.org\/{rel}","templated":true}]}}