{"id":269370,"date":"2025-12-03T17:38:09","date_gmt":"2025-12-03T17:38:09","guid":{"rendered":"https:\/\/www.europesays.com\/es\/269370\/"},"modified":"2025-12-03T17:38:09","modified_gmt":"2025-12-03T17:38:09","slug":"sydney-sweeney-y-amanda-seyfried-en-su-video-mas-viral-mamma-mia-en-pareja","status":"publish","type":"post","link":"https:\/\/www.europesays.com\/es\/269370\/","title":{"rendered":"Sydney Sweeney y Amanda Seyfried, en su v\u00eddeo m\u00e1s viral: &#8216;Mamma Mia!&#8217; en pareja"},"content":{"rendered":"<p class=\"c-paragraph\">Para bien o para mal, la actriz <b><a href=\"https:\/\/www.20minutos.es\/cinemania\/noticias\/sydney-sweeney-fracaso-carrera-cine-christy_6880881_0.html\" rel=\"nofollow noopener\" target=\"_blank\">Sydney Sweeney<\/a> <\/b>no para de acaparar titulares, pero si tambi\u00e9n incluimos a <b><a href=\"https:\/\/www.20minutos.es\/cinemania\/noticias\/amanda-seyfried-adora-chicas-malas-quiere-que-citen-su-tumba-5693357\/\" rel=\"nofollow noopener\" target=\"_blank\">Amanda Seyfried<\/a><\/b> la historia es otra. Ambas estrellas se encuentran promocionando su \u00faltima pel\u00edcula,<a href=\"https:\/\/www.20minutos.es\/cinemania\/noticias\/sydney-sweeney-amanda-seyfried-adaptacion-asistenta-5681294\/\" rel=\"nofollow noopener\" target=\"_blank\"> <b>La asistenta<\/b><\/a>, que se basa\u00a0en el bestseller de Freida McFadden y se espera que sea todo un \u00e9xito cuando llegue a cines <b>el pr\u00f3ximo 1 de enero.<\/b><\/p>\n<p class=\"c-paragraph\">Las dos actrices interpretan a las protagonistas<b> Millie Calloway<\/b> (Sweeney) y <b>Nina Winchester<\/b> (Seyfried), y m\u00e1s all\u00e1 de ser simples compa\u00f1eras de trabajo parece que han desarrollado una gran relaci\u00f3n de amistad durante el rodaje. Como no pod\u00eda ser de otra manera, <b>nos han dado el primer momento ic\u00f3nico juntas<\/b> haciendo referencia a una de las pel\u00edculas m\u00e1s memorables de Seyfried. Y no, no se trata ni de\u00a0Chicas malas (2004) ni de\u00a0Jennifer&#8217;s Body (2009).<\/p>\n<p class=\"c-paragraph\">Sweeney visit\u00f3 anoche el programa de entrevistas <b>The Tonight Show<\/b>, presentado por Jimmy Fallon,\u00a0para hablar sobre su \u00faltimo papel. Despu\u00e9s de mencionar a Seyfried, la actriz <b>decidi\u00f3 mostrar un Tik Tok <\/b>que hab\u00eda grabado junto a su compa\u00f1era. Lo que nadie se esperaba es que en el v\u00eddeo recreasen una de las escenas m\u00e1s conocidas de la secuela de la pel\u00edcula musical Mamma Mia! (2008), <b>Mamma Mia! Here We Go Again!<\/b> (2018), que Seyfried protagoniz\u00f3 junto a <a href=\"https:\/\/www.20minutos.es\/cinemania\/noticias\/meryl-streep-inolvidable-beso-robert-redford-enamorada_6236914_0.html\" rel=\"nofollow noopener\" target=\"_blank\">Meryl Streep<\/a> y Lily James.<\/p>\n<p class=\"c-paragraph\">En el v\u00eddeo, que se volvi\u00f3 viral de inmediato, las dos actrices aparecen con chaquetas negras y gafas de sol <b>mientras hacen playback<\/b> de la canci\u00f3n del grupo ABBA <b>Angel Eyes<\/b>, interpretada en la pel\u00edcula por los personajes de Tanya (<b>Christine Baranski<\/b>) y Rosie (<b>Julie Walters<\/b>). Es la parte de la pel\u00edcula en la que<b> intentan apoyar a Sophie <\/b>(Seyfried) con la reapertura del hotel de Grecia despu\u00e9s de que (spoiler) su madre Donna (Streep) falleciese y se revele que Rosie y Bill (Stellan Skarsg\u00e5rd) se han separado. La escena<b> ya hab\u00eda sido imitada en varias ocasiones <\/b>en la red social al convertirse en un trend, pero la actriz del musical nunca lo hab\u00eda hecho hasta ahora.<\/p>\n<p class=\"c-paragraph\"><b>\u00abTodos mis sue\u00f1os se cumplieron\u00bb<\/b>, confes\u00f3 Sweeney en el programa de Fallon, quien admira a Seyfried desde hace mucho tiempo. \u00abRecuerdo que estaba en un viaje por \u00c1frica con mis amigas y siempre est\u00e1bamos con canciones de Mamma Mia! y <b>le mand\u00e9 un v\u00eddeo a Amanda dici\u00e9ndole: &#8216;Siempre ser\u00e1s mi \u00eddola&#8217;<\/b>\u00ab, record\u00f3. Por lo tanto, cuando la australiana se vio trabajando con ella, no lo dud\u00f3 ni un instante y aprovech\u00f3 la oportunidad de revolucionar Internet una vez m\u00e1s.<\/p>\n<p class=\"c-paragraph\">Pero su experiencia con Mamma Mia!\u00a0<b>tiene posibilidades de extenderse.<\/b> Sweeney, adem\u00e1s de ser fan de Seyfried y de los dos musicales\u00a0en general, podr\u00eda incluso unirse a la tercera entrega. Y es que la actriz de Sophie, seg\u00fan\u00a0<a href=\"https:\/\/variety.com\/2025\/film\/news\/amanda-seyfried-sydney-sweeney-join-mamma-mia-3-1236585452\/\" rel=\"nofollow noreferrer noopener\" target=\"_blank\">Variety<\/a>, afirm\u00f3 a Entertainment Tonight en los Governors Awards que<b> <a href=\"https:\/\/www.20minutos.es\/cinemania\/noticias\/mamma-mia-3-cantante-internacional-sabrina-carpenter-5716978\/\" rel=\"nofollow noopener\" target=\"_blank\">Mamma Mia! 3 <\/a>es pr\u00e1cticamente una realidad<\/b> y que le encantar\u00eda que su compa\u00f1era de La asistenta formase parte del casting junto a la cantante de moda\u00a0<b>Sabrina Carpenter<\/b>. \u00bfLlegaremos a viajar de nuevo a las Islas Griegas al ritmo de ABBA?\u00a0<\/p>\n","protected":false},"excerpt":{"rendered":"Para bien o para mal, la actriz Sydney Sweeney no para de acaparar titulares, pero si tambi\u00e9n incluimos&hellip;\n","protected":false},"author":2,"featured_media":269371,"comment_status":"","ping_status":"","sticky":false,"template":"","format":"standard","meta":{"footnotes":""},"categories":[174],"tags":[66308,255,146,147,25,24,256,66310,23,14277,66309],"class_list":{"0":"post-269370","1":"post","2":"type-post","3":"status-publish","4":"format-standard","5":"has-post-thumbnail","7":"category-famosos","8":"tag-amanda-seyfried","9":"tag-celebrities","10":"tag-entertainment","11":"tag-entretenimiento","12":"tag-es","13":"tag-espana","14":"tag-famosos","15":"tag-mamma-mia","16":"tag-spain","17":"tag-sydney-sweeney","18":"tag-video-viral"},"share_on_mastodon":{"url":"https:\/\/pubeurope.com\/@es\/115656858195771350","error":""},"_links":{"self":[{"href":"https:\/\/www.europesays.com\/es\/wp-json\/wp\/v2\/posts\/269370","targetHints":{"allow":["GET"]}}],"collection":[{"href":"https:\/\/www.europesays.com\/es\/wp-json\/wp\/v2\/posts"}],"about":[{"href":"https:\/\/www.europesays.com\/es\/wp-json\/wp\/v2\/types\/post"}],"author":[{"embeddable":true,"href":"https:\/\/www.europesays.com\/es\/wp-json\/wp\/v2\/users\/2"}],"replies":[{"embeddable":true,"href":"https:\/\/www.europesays.com\/es\/wp-json\/wp\/v2\/comments?post=269370"}],"version-history":[{"count":0,"href":"https:\/\/www.europesays.com\/es\/wp-json\/wp\/v2\/posts\/269370\/revisions"}],"wp:featuredmedia":[{"embeddable":true,"href":"https:\/\/www.europesays.com\/es\/wp-json\/wp\/v2\/media\/269371"}],"wp:attachment":[{"href":"https:\/\/www.europesays.com\/es\/wp-json\/wp\/v2\/media?parent=269370"}],"wp:term":[{"taxonomy":"category","embeddable":true,"href":"https:\/\/www.europesays.com\/es\/wp-json\/wp\/v2\/categories?post=269370"},{"taxonomy":"post_tag","embeddable":true,"href":"https:\/\/www.europesays.com\/es\/wp-json\/wp\/v2\/tags?post=269370"}],"curies":[{"name":"wp","href":"https:\/\/api.w.org\/{rel}","templated":true}]}}