{"id":269373,"date":"2025-12-03T17:42:10","date_gmt":"2025-12-03T17:42:10","guid":{"rendered":"https:\/\/www.europesays.com\/es\/269373\/"},"modified":"2025-12-03T17:42:10","modified_gmt":"2025-12-03T17:42:10","slug":"mas-de-uno-alcala-03-12-2025","status":"publish","type":"post","link":"https:\/\/www.europesays.com\/es\/269373\/","title":{"rendered":"M\u00e1s de uno Alcal\u00e1 03\/12\/2025"},"content":{"rendered":"<p class=\"articleParagraph\">Esta ma\u00f1ana preguntamos a <b>Javier Doncel<\/b>, alcalde de Anchuelo, por la constituci\u00f3n de la Comisi\u00f3n de Seguridad del municipio. Conversamos con la alcaldesa complutense, <b>Judith Piquet<\/b>, durante su visita a las obras que se est\u00e1n ejecutando en la Avenida de Guadalajara, en la zona pr\u00f3xima a Cuatro Ca\u00f1os. Inmersos en la Semana de la Diversidad de Alcal\u00e1 de Henares y a las puertas de la conmemoraci\u00f3n del D\u00eda Internacional de los Voluntarios, recibimos en nuestros estudios a <b>Esther de Andr\u00e9s<\/b>, concejala de Participaci\u00f3n Ciudadana, <b>Fabio Etcheverr\u00eda<\/b>, presidente de ALHENA, y a una de las voluntarias de la asociaci\u00f3n, <b>Laura Ortiz<\/b>. En los minutos previos a la entrega de becas y t\u00edtulos a los nuevos miembros de honor del Claustro Universitario de las Artes en el Paraninfo de la Universidad de Alcal\u00e1 hablamos con <b>Luis Cobos<\/b>, presidente de la Sociedad de Artistas Int\u00e9rpretes o Ejecutantes de Espa\u00f1a (AIE) y la cantautora <b>Alba March<\/b> se incorpora este mi\u00e9rcoles a nuestra lista de \u00ab<b>Quijotes An\u00f3nimos<\/b>\u00ab<\/p>\n","protected":false},"excerpt":{"rendered":"Esta ma\u00f1ana preguntamos a Javier Doncel, alcalde de Anchuelo, por la constituci\u00f3n de la Comisi\u00f3n de Seguridad del&hellip;\n","protected":false},"author":2,"featured_media":269374,"comment_status":"","ping_status":"","sticky":false,"template":"","format":"standard","meta":{"footnotes":""},"categories":[170],"tags":[146,147,25,24,184,185,23],"class_list":{"0":"post-269373","1":"post","2":"type-post","3":"status-publish","4":"format-standard","5":"has-post-thumbnail","7":"category-musica","8":"tag-entertainment","9":"tag-entretenimiento","10":"tag-es","11":"tag-espana","12":"tag-music","13":"tag-musica","14":"tag-spain"},"share_on_mastodon":{"url":"https:\/\/pubeurope.com\/@es\/115656874216515881","error":""},"_links":{"self":[{"href":"https:\/\/www.europesays.com\/es\/wp-json\/wp\/v2\/posts\/269373","targetHints":{"allow":["GET"]}}],"collection":[{"href":"https:\/\/www.europesays.com\/es\/wp-json\/wp\/v2\/posts"}],"about":[{"href":"https:\/\/www.europesays.com\/es\/wp-json\/wp\/v2\/types\/post"}],"author":[{"embeddable":true,"href":"https:\/\/www.europesays.com\/es\/wp-json\/wp\/v2\/users\/2"}],"replies":[{"embeddable":true,"href":"https:\/\/www.europesays.com\/es\/wp-json\/wp\/v2\/comments?post=269373"}],"version-history":[{"count":0,"href":"https:\/\/www.europesays.com\/es\/wp-json\/wp\/v2\/posts\/269373\/revisions"}],"wp:featuredmedia":[{"embeddable":true,"href":"https:\/\/www.europesays.com\/es\/wp-json\/wp\/v2\/media\/269374"}],"wp:attachment":[{"href":"https:\/\/www.europesays.com\/es\/wp-json\/wp\/v2\/media?parent=269373"}],"wp:term":[{"taxonomy":"category","embeddable":true,"href":"https:\/\/www.europesays.com\/es\/wp-json\/wp\/v2\/categories?post=269373"},{"taxonomy":"post_tag","embeddable":true,"href":"https:\/\/www.europesays.com\/es\/wp-json\/wp\/v2\/tags?post=269373"}],"curies":[{"name":"wp","href":"https:\/\/api.w.org\/{rel}","templated":true}]}}