{"id":269375,"date":"2025-12-03T17:43:08","date_gmt":"2025-12-03T17:43:08","guid":{"rendered":"https:\/\/www.europesays.com\/es\/269375\/"},"modified":"2025-12-03T17:43:08","modified_gmt":"2025-12-03T17:43:08","slug":"gaua-la-nueva-pelicula-de-terror-ambientada-en-el-pais-vasco-del-siglo-xvii-es-una-gran-sorpresa-y-apunta-al-goya","status":"publish","type":"post","link":"https:\/\/www.europesays.com\/es\/269375\/","title":{"rendered":"\u2018Gaua\u2019, la nueva pel\u00edcula de terror ambientada en el Pa\u00eds Vasco del siglo XVII, es una gran sorpresa y apunta al Goya"},"content":{"rendered":"<p class=\"\">Si pensabas que tras \u2018<a href=\"https:\/\/as.com\/meristation\/cine\/weapons-la-mejor-pelicula-de-terror-del-ano-r\/\" rel=\"nofollow noopener\" target=\"_blank\">Weapons<\/a>\u2019, \u2018<a href=\"https:\/\/as.com\/meristation\/noticias\/devuelvemela-la-nueva-pelicula-que-todo-fan-del-terror-deberia-correr-a-ver-hoy-mismo-n\/\" rel=\"nofollow noopener\" target=\"_blank\">Devu\u00e9lvemel<\/a>a\u2019, \u2018<a href=\"https:\/\/as.com\/meristation\/noticias\/together-un-agobiante-body-horror-que-pone-en-duda-el-significado-del-amor-eterno-f202511-n\/\" rel=\"nofollow noopener\" target=\"_blank\">Together<\/a>\u2019 y \u2018<a href=\"https:\/\/as.com\/meristation\/cine\/keeper-es-la-ultima-gran-pelicula-de-terror-del-ano-y-su-trailer-enamora-a-todos-guillermo-del-toro-james-wan-fede-alvarez-f202511-n\/\" rel=\"nofollow noopener\" target=\"_blank\">Keeper<\/a>\u2019 estaba todo dicho en este 2025 que llega a su fin en cuesti\u00f3n de d\u00edas, estabas equivocado, ya que la \u00faltima gran pel\u00edcula de terror se estren\u00f3 hace unos d\u00edas y es obra de <b>Paul Urkijo Alijo<\/b>, autor de \u2018Errementari\u2019. Se llama \u2018<b>Gaua<\/b>\u2019, lleg\u00f3 a los cines hace dos semanas y est\u00e1 <b>ambientada en el Pa\u00eds Vasco del siglo XVII<\/b>. Una cinta que, a tenor de las cr\u00edticas, parece una clara candidata a tener un fuerte protagonismo en los premios Goya.<\/p>\n<p class=\"\">Autodefinida como un folk horror (terror folcl\u00f3rico), \u2018Gaua\u2019 usa elementos del folclore vasco, ya que <b>la historia se traslada a la caza de brujas del siglo XVII<\/b>. La protagonista es una mujer joven llamada <b>Kattalin, interpretada por Yune Nogueiras<\/b>, quien decide huir de su marido a trav\u00e9s de las monta\u00f1as vascas en mitad de la noche. Durante su camino, <b>se encuentra con tres mujeres que parecen pasarlo bien contando historias de terror<\/b> y charlando sobre leyendas urbanas del lugar. Las cr\u00edticas de \u2018Gaua\u2019 hablan muy bien de ella y destacan la figura de una temible criatura, la fotograf\u00eda y la atm\u00f3sfera en la que sumerge al espectador.<\/p>\n<p><b>Las mejores pel\u00edculas de terror espa\u00f1olas<\/b><\/p>\n<p class=\"\">Probablemente, la primera opci\u00f3n que se viene a la cabeza de mucha gente nada m\u00e1s preguntar por las mejores pel\u00edculas de terror espa\u00f1olas sea \u2018<b>Los otros<\/b>\u2019. Por eso mismo, la cinta de Alejandro Amen\u00e1bar protagonizada por Nicole Kidman es la primera que aparece en la selecci\u00f3n de MeriStation. Pero hay muchas m\u00e1s que merece la pena ver: <b>\u2018REC\u2019, \u2018La comunidad\u2019, \u2018El d\u00eda de la bestia\u2019, \u2018El orfanato\u2019, \u2018Fr\u00e1giles\u2019<\/b>\u2026 <a href=\"https:\/\/as.com\/meristation\/cine\/las-mejores-peliculas-de-terror-espanolas-que-debes-ver-si-te-gusta-pasar-miedo-r\/\" rel=\"nofollow noopener\" target=\"_blank\">En este art\u00edculo las tienes todas<\/a>.<\/p>\n<p>Noticias relacionadas<\/p>\n<p class=\"\">Suscr\u00edbete al <a href=\"https:\/\/www.youtube.com\/@meristation\" target=\"_self\" rel=\"nofollow noopener\" title=\"https:\/\/www.youtube.com\/@meristation\">canal de MeriStation en YouTube<\/a>, tu web de videojuegos y entretenimiento para conocer todas las noticias y novedades sobre el mundo del videojuego, cine, series, manga y anime. An\u00e1lisis, entrevistas, tr\u00e1ileres, gameplays, p\u00f3dcast y mucho m\u00e1s. Tambi\u00e9n te animamos a seguir <a href=\"https:\/\/www.tiktok.com\/@meristation\" rel=\"nofollow noopener\" title=\"https:\/\/www.tiktok.com\/@meristation\" target=\"_blank\">nuestra cuenta de TikTok<\/a>. <\/p>\n<p class=\"\">\u00a1S\u00edguenos en ambas y, si est\u00e1s interesado en licenciar este contenido, pincha <a href=\"https:\/\/profesional.elpais.com\/soluciones-sindicacion?utm_medium=interno&amp;utm_source=crosslinking&amp;utm_campaign=sindicacion_as_pie_articulos\" target=\"_blank\" rel=\"nofollow noopener\" title=\"https:\/\/profesional.elpais.com\/soluciones-sindicacion?utm_medium=interno&amp;utm_source=crosslinking&amp;utm_campaign=sindicacion_as_pie_articulos\">aqu\u00ed<\/a>!<\/p>\n<p><script async src=\"\/\/www.tiktok.com\/embed.js\"><\/script><\/p>\n","protected":false},"excerpt":{"rendered":"Si pensabas que tras \u2018Weapons\u2019, \u2018Devu\u00e9lvemela\u2019, \u2018Together\u2019 y \u2018Keeper\u2019 estaba todo dicho en este 2025 que llega a&hellip;\n","protected":false},"author":2,"featured_media":269376,"comment_status":"","ping_status":"","sticky":false,"template":"","format":"standard","meta":{"footnotes":""},"categories":[169],"tags":[177,146,147,25,24,176,175,23],"class_list":{"0":"post-269375","1":"post","2":"type-post","3":"status-publish","4":"format-standard","5":"has-post-thumbnail","7":"category-cine","8":"tag-cine","9":"tag-entertainment","10":"tag-entretenimiento","11":"tag-es","12":"tag-espana","13":"tag-film","14":"tag-movies","15":"tag-spain"},"share_on_mastodon":{"url":"https:\/\/pubeurope.com\/@es\/115656878040780056","error":""},"_links":{"self":[{"href":"https:\/\/www.europesays.com\/es\/wp-json\/wp\/v2\/posts\/269375","targetHints":{"allow":["GET"]}}],"collection":[{"href":"https:\/\/www.europesays.com\/es\/wp-json\/wp\/v2\/posts"}],"about":[{"href":"https:\/\/www.europesays.com\/es\/wp-json\/wp\/v2\/types\/post"}],"author":[{"embeddable":true,"href":"https:\/\/www.europesays.com\/es\/wp-json\/wp\/v2\/users\/2"}],"replies":[{"embeddable":true,"href":"https:\/\/www.europesays.com\/es\/wp-json\/wp\/v2\/comments?post=269375"}],"version-history":[{"count":0,"href":"https:\/\/www.europesays.com\/es\/wp-json\/wp\/v2\/posts\/269375\/revisions"}],"wp:featuredmedia":[{"embeddable":true,"href":"https:\/\/www.europesays.com\/es\/wp-json\/wp\/v2\/media\/269376"}],"wp:attachment":[{"href":"https:\/\/www.europesays.com\/es\/wp-json\/wp\/v2\/media?parent=269375"}],"wp:term":[{"taxonomy":"category","embeddable":true,"href":"https:\/\/www.europesays.com\/es\/wp-json\/wp\/v2\/categories?post=269375"},{"taxonomy":"post_tag","embeddable":true,"href":"https:\/\/www.europesays.com\/es\/wp-json\/wp\/v2\/tags?post=269375"}],"curies":[{"name":"wp","href":"https:\/\/api.w.org\/{rel}","templated":true}]}}