{"id":269395,"date":"2025-12-03T18:01:11","date_gmt":"2025-12-03T18:01:11","guid":{"rendered":"https:\/\/www.europesays.com\/es\/269395\/"},"modified":"2025-12-03T18:01:11","modified_gmt":"2025-12-03T18:01:11","slug":"los-dos-homenajes-de-kate-middleton-a-lady-di-para-recibir-al-presidente-de-alemania-y-su-esposa","status":"publish","type":"post","link":"https:\/\/www.europesays.com\/es\/269395\/","title":{"rendered":"los dos homenajes de Kate Middleton a Lady Di para recibir al presidente de Alemania y su esposa"},"content":{"rendered":"\n<p> Hace justo una semana, nos familiariz\u00e1bamos con dos apellidos tan dif\u00edciles de pronunciar como <a href=\"https:\/\/www.vanitatis.elconfidencial.com\/celebrities\/2025-11-26\/elke-primera-dama-alemania-dejo-ser-jueza_4254948\/\" target=\"_self\" rel=\"nofollow noopener\">Stenmeier y B\u00fcdenbender, el presidente y alem\u00e1n y su esposa<\/a>, al efectuar una visita de Estado a nuestro pa\u00eds. Ahora, la pareja ha viajado a Reino Unido para compartir con la familia real brit\u00e1nica dos d\u00edas de intensa agenda. Un programa que ha empezado con el <strong>recibimiento del pr\u00edncipe Guillermo y Kate Middleton<\/strong>, quien no ha hecho, a trav\u00e9s de los zafiros y los diamantes, dos homenajes a Lady Di a trav\u00e9s de su look.  <\/p>\n<p> La pareja se ha desplazado hasta el conocido aeropuerto de Heathrow para ser los primeros en saludar a la pareja presidencial alemana, antes de ser trasladados a Windsor para la <strong>bienvenida oficial ofrecida por los reyes Carlos y Camila<\/strong>. Y all\u00ed, punto clave a los viajes a la capital londinense, Kate Middleton nos ha dejado uno de sus caracter\u00edsticos looks, con <a href=\"https:\/\/www.vanitatis.elconfidencial.com\/casas-reales\/2025-03-10\/kate-middleton-look-rojo-abrigo-lazada-tocado-perlas_4082835\/\" target=\"_self\" rel=\"nofollow noopener\">abrigo y tocado como grandes protagonistas<\/a>.  <\/p>\n<p> El dise\u00f1o principal est\u00e1 firmado por Alexander McQueen y ha sido uno de los m\u00e1s recordados, puesto que la princesa de Gales lo estren\u00f3 para la <strong>tradicional misa de Navidad en Sandringham en 2023<\/strong>. Querr\u00eda el destino que poco despu\u00e9s fuera operada de urgencia, con la consiguiente baja durante meses, por lo que esas fotos del 25 de diciembre ser\u00edan reproducidas <a href=\"https:\/\/www.vanitatis.elconfidencial.com\/casas-reales\/2024-01-17\/kate-middleton-london-clinic-hospital-operacion_3812934\/\" target=\"_self\" rel=\"nofollow noopener\">una y otra vez al hablar de sus problemas de salud<\/a>.  <\/p>\n<p>                Kate Middleton junto a Elke B\u00fcdenbender en Heathrow. (Reuters)            <\/p>\n<p> Kate Middleton ha querido rescatarlo casi dos a\u00f1os despu\u00e9s, combin\u00e1ndolo con un tocado que tambi\u00e9n hab\u00edamos visto. La responsable del dise\u00f1o es <strong>Juliette Millinery<\/strong>, que no tuvo dudas en a\u00f1adir a este complemento dos flechas cruzadas, haciendo que sea uno de los m\u00e1s originales del vestidor de la princesa de Gales. <strong>Botas altas en tono navy y clutch en el mismo color<\/strong> completaban un estilismo que ha tenido como grandes protagonistas las joyas.  <\/p>\n<p> Porque la esposa del pr\u00edncipe Guillermo ha incorporado a su look algunas de las joyas m\u00e1s emblem\u00e1ticas de la princesa Diana, algunas de propiedad privada y otras que pertenecen a la Corona, aunque ella les dio uso de forma frecuente. Adem\u00e1s, por supuesto, <a href=\"https:\/\/www.vanitatis.elconfidencial.com\/casas-reales\/2024-11-11\/kate-middleton-recupera-anillo-compromiso-meses_4001244\/\" target=\"_self\" rel=\"nofollow noopener\">no faltaba su anillo de compromiso<\/a>, el mismo con el que se prometi\u00f3 Lady Di.  <\/p>\n<p> Por un lado, hemos visto c\u00f3mo Kate Middleton ha querido <strong>potenciar el azul cobalto del abrigo a trav\u00e9s de los zafiros<\/strong>, presentes tanto en ese anillo de pedida como en los pendientes, quiz\u00e1 las piezas que m\u00e1s frecuentemente vimos en las apariciones p\u00fablicas de la princesa Diana, tanto antes como despu\u00e9s de su separaci\u00f3n del entonces pr\u00edncipe Carlos, ya que <a href=\"https:\/\/www.vanitatis.elconfidencial.com\/casas-reales\/2024-11-11\/joyas-lady-di-kate-middleton-meghan-markle_3999878\/\" target=\"_self\" rel=\"nofollow noopener\">pertenecieron a su colecci\u00f3n personal<\/a>. <\/p>\n<p>                Los reyes y los pr\u00edncipes de Gales, junto al presidente alem\u00e1n y su esposa en Windsor. (Reuters)            <\/p>\n<p> Estas piezas fueron un <strong>regalo de la familia real saud\u00ed<\/strong> con motivo de su boda con el hijo mayor de la reina Isabel II. Presentan dos \u00f3valos con un zafiro central en cada uno de ellos y rodeado de peque\u00f1os diamantes. Un dise\u00f1o creado expresamente para que combinara con su anillo de compromiso, que ya se hab\u00eda hecho famoso en todo el mundo.   <\/p>\n<p> Y la princesa de Gales no ha dudado en prender un <strong>broche que tambi\u00e9n la madre de su marido luci\u00f3 en incontables ocasiones<\/strong>, aunque es de esas piezas que <a href=\"https:\/\/www.vanitatis.elconfidencial.com\/casas-reales\/2025-09-21\/kate-middleton-eterna-tiara-favorita-veto-camila_4212394\/\" target=\"_self\" rel=\"nofollow noopener\">pertenecen a la colecci\u00f3n real<\/a>. De hecho, despu\u00e9s ha sido la reina Camila quien la ha lucido, pero cuando era duquesa de Cornualles, debido a una particularidad de la joya.  <\/p>\n<p> Creado en 1863 para la reina Alexandra, <strong>el broche ha ido pasando de generaci\u00f3n en generaci\u00f3n como parte de un collar<\/strong>. Y m\u00e1s all\u00e1 de las piedras preciosas que lo componen, lo interesante es que tiene un gran simbolismo, ya que en su centro hay representadas <strong>tres plumas de avestruz, que es el emblema del Pr\u00edncipe de Gales<\/strong>. Por eso lo luci\u00f3 Diana en su momento -aunque formando parte del antiguo collar- y despu\u00e9s Camila, que fue la primera que lo llev\u00f3 siendo solo broche.  <\/p>\n<p> Ahora, es Kate Middleton la \u00fanica persona de la familia real que puede llevarlo y no duda en lucirlo <strong>prendido en su ropa en grandes ocasiones<\/strong>. La \u00faltima vez fue ejerciendo el mismo papel, aunque en un escenario distinto, al recibir al presidente de Estados Unidos y su esposa, Melania Trump. <\/p>\n<p> Hace justo una semana, nos familiariz\u00e1bamos con dos apellidos tan dif\u00edciles de pronunciar como <a href=\"https:\/\/www.vanitatis.elconfidencial.com\/celebrities\/2025-11-26\/elke-primera-dama-alemania-dejo-ser-jueza_4254948\/\" target=\"_self\" rel=\"nofollow noopener\">Stenmeier y B\u00fcdenbender, el presidente y alem\u00e1n y su esposa<\/a>, al efectuar una visita de Estado a nuestro pa\u00eds. Ahora, la pareja ha viajado a Reino Unido para compartir con la familia real brit\u00e1nica dos d\u00edas de intensa agenda. Un programa que ha empezado con el <strong>recibimiento del pr\u00edncipe Guillermo y Kate Middleton<\/strong>, quien no ha hecho, a trav\u00e9s de los zafiros y los diamantes, dos homenajes a Lady Di a trav\u00e9s de su look.  <\/p>\n","protected":false},"excerpt":{"rendered":"Hace justo una semana, nos familiariz\u00e1bamos con dos apellidos tan dif\u00edciles de pronunciar como Stenmeier y B\u00fcdenbender, el&hellip;\n","protected":false},"author":2,"featured_media":269396,"comment_status":"","ping_status":"","sticky":false,"template":"","format":"standard","meta":{"footnotes":""},"categories":[174],"tags":[255,146,147,25,24,256,23],"class_list":{"0":"post-269395","1":"post","2":"type-post","3":"status-publish","4":"format-standard","5":"has-post-thumbnail","7":"category-famosos","8":"tag-celebrities","9":"tag-entertainment","10":"tag-entretenimiento","11":"tag-es","12":"tag-espana","13":"tag-famosos","14":"tag-spain"},"share_on_mastodon":{"url":"https:\/\/pubeurope.com\/@es\/115656948665498469","error":""},"_links":{"self":[{"href":"https:\/\/www.europesays.com\/es\/wp-json\/wp\/v2\/posts\/269395","targetHints":{"allow":["GET"]}}],"collection":[{"href":"https:\/\/www.europesays.com\/es\/wp-json\/wp\/v2\/posts"}],"about":[{"href":"https:\/\/www.europesays.com\/es\/wp-json\/wp\/v2\/types\/post"}],"author":[{"embeddable":true,"href":"https:\/\/www.europesays.com\/es\/wp-json\/wp\/v2\/users\/2"}],"replies":[{"embeddable":true,"href":"https:\/\/www.europesays.com\/es\/wp-json\/wp\/v2\/comments?post=269395"}],"version-history":[{"count":0,"href":"https:\/\/www.europesays.com\/es\/wp-json\/wp\/v2\/posts\/269395\/revisions"}],"wp:featuredmedia":[{"embeddable":true,"href":"https:\/\/www.europesays.com\/es\/wp-json\/wp\/v2\/media\/269396"}],"wp:attachment":[{"href":"https:\/\/www.europesays.com\/es\/wp-json\/wp\/v2\/media?parent=269395"}],"wp:term":[{"taxonomy":"category","embeddable":true,"href":"https:\/\/www.europesays.com\/es\/wp-json\/wp\/v2\/categories?post=269395"},{"taxonomy":"post_tag","embeddable":true,"href":"https:\/\/www.europesays.com\/es\/wp-json\/wp\/v2\/tags?post=269395"}],"curies":[{"name":"wp","href":"https:\/\/api.w.org\/{rel}","templated":true}]}}