{"id":269399,"date":"2025-12-03T18:04:15","date_gmt":"2025-12-03T18:04:15","guid":{"rendered":"https:\/\/www.europesays.com\/es\/269399\/"},"modified":"2025-12-03T18:04:15","modified_gmt":"2025-12-03T18:04:15","slug":"como-rojo-lo-eche-en-falta","status":"publish","type":"post","link":"https:\/\/www.europesays.com\/es\/269399\/","title":{"rendered":"Como rojo lo ech\u00e9 en falta"},"content":{"rendered":"<p>Este martes, 2 de diciembre, David Broncano ha recibido en <a href=\"https:\/\/eltelevisero.huffingtonpost.es\/2025\/12\/quien-es-es-el-invitado-que-va-hoy-a-la-revuelta-de-david-broncano-este-martes-2-de-diciembre\/\" rel=\"nofollow noopener\" target=\"_blank\">&#8216;La Revuelta&#8217;<\/a> a <a href=\"https:\/\/eltelevisero.huffingtonpost.es\/2023\/12\/la-consternadora-reaccion-de-eduardo-casanova-en-socialite-ante-la-muerte-de-itziar-castro\/\" rel=\"nofollow noopener\" target=\"_blank\">Eduardo Casanova <\/a>y a Mar\u00eda Le\u00f3n. Ambos han acudido a presentar &#8216;Silencio&#8217;, una miniserie de terror de Movistar Plus+ que dirige Casanova y en la que se reflexiona sobre como es convivir con el estigma del VIH en el 2025.<\/p>\n<p>A ra\u00edz de esto, el director aprovech\u00f3 su presencia en el programa de La 1, para lanzar un importante alegato: \u00abQuiero poner esta pegatina que explica que indetectable es igual a intransmisible. Es decir, que las personas a d\u00eda de hoy con VIH que toman una medicaci\u00f3n, que es el 96%, son indetectables y, por lo cual, son intransmisibles\u00bb. Y es que, seg\u00fan explic\u00f3, el 96% de los espa\u00f1oles que tienen el VIH est\u00e1n en tratamiento.<\/p>\n<p>Por su parte, <a href=\"https:\/\/eltelevisero.huffingtonpost.es\/2025\/03\/antonio-naranjo-da-esta-sentencia-a-la-entrevista-de-evole-a-maria-leon-y-ojo-a-lo-que-capta-un-micro-abierto\/\" rel=\"nofollow noopener\" target=\"_blank\">Mar\u00eda Le\u00f3n <\/a>advirti\u00f3 de que no solo los hombres homosexuales pueden contraer el VIH: \u00abHa subido much\u00edsimo el contagio en mujeres, por eso es importante que se revisen\u00bb. Ante la duda de Broncano, quien reconoce que confunde el sida con el VIH, Eduardo Casanova explic\u00f3 la diferencia: \u00abEl VIH y el sida son dos cosas completamente diferentes\u00bb.<\/p>\n<p>Seg\u00fan inform\u00f3 el director, \u00abel VIH es el virus de la inmunodeficiencia humana y el sida es la enfermedad que adquieres si no tomas la medicaci\u00f3n durante mucho tiempo\u00bb. \u00abPuedes tener VIH y no tener sida\u00bb, a\u00f1adi\u00f3 el presentador. A lo que su invitado respondi\u00f3 que \u00abs\u00ed, de hecho, el porcentaje de personas con sida es pr\u00e1cticamente inexistente en Espa\u00f1a\u00bb. No obstante, quiso dejar claro que, a d\u00eda de hoy y afortunadamente, \u00abel sida tampoco te mata. Es una enfermedad con la que puedes vivir perfectamente tom\u00e1ndote una pastilla\u00bb.<\/p>\n<p>La cr\u00edtica de Eduardo Casanova a TVE<\/p>\n<p>Antes de finalizar su alegato, Eduardo Casanova quiso hacer una importante reflexi\u00f3n: \u00abEsto, si no se dice mucho, lo que crea es un silencio y un estigma muy peligroso porque genera miedo y rechazo. Ha evolucionado lo cl\u00ednico, pero lo social no mucho\u00bb.<\/p>\n<p>Movistar Plus+ estren\u00f3 &#8216;Silencio&#8217; este lunes 1 de diciembre, coincidiendo con el D\u00eda Internacional de la Lucha contra el Sida. Precisamente este fue el motivo por el cual Eduardo Casanova no dud\u00f3 en lanzar un reproche y una cr\u00edtica a la televisi\u00f3n p\u00fablica: \u00abMira que yo soy de TVE, que soy rojo, pero ech\u00e9 en falta un lacito rojo\u00bb.<\/p>\n<p>Y es que, a diferencia de en otras ocasiones, como el D\u00eda de la Mujer, en el que suele aparecer un lazo morado en la parte superior de la pantalla, esta vez TVE no coloc\u00f3 ning\u00fan lazo, algo que lament\u00f3 el director. Pese a que, como \u00e9l mismo reconoce, es un gran seguidor de la TVE actual.<\/p>\n","protected":false},"excerpt":{"rendered":"Este martes, 2 de diciembre, David Broncano ha recibido en &#8216;La Revuelta&#8217; a Eduardo Casanova y a Mar\u00eda&hellip;\n","protected":false},"author":2,"featured_media":269400,"comment_status":"","ping_status":"","sticky":false,"template":"","format":"standard","meta":{"footnotes":""},"categories":[171],"tags":[146,147,25,24,23,214],"class_list":{"0":"post-269399","1":"post","2":"type-post","3":"status-publish","4":"format-standard","5":"has-post-thumbnail","7":"category-tv","8":"tag-entertainment","9":"tag-entretenimiento","10":"tag-es","11":"tag-espana","12":"tag-spain","13":"tag-tv"},"share_on_mastodon":{"url":"https:\/\/pubeurope.com\/@es\/115656960588582872","error":""},"_links":{"self":[{"href":"https:\/\/www.europesays.com\/es\/wp-json\/wp\/v2\/posts\/269399","targetHints":{"allow":["GET"]}}],"collection":[{"href":"https:\/\/www.europesays.com\/es\/wp-json\/wp\/v2\/posts"}],"about":[{"href":"https:\/\/www.europesays.com\/es\/wp-json\/wp\/v2\/types\/post"}],"author":[{"embeddable":true,"href":"https:\/\/www.europesays.com\/es\/wp-json\/wp\/v2\/users\/2"}],"replies":[{"embeddable":true,"href":"https:\/\/www.europesays.com\/es\/wp-json\/wp\/v2\/comments?post=269399"}],"version-history":[{"count":0,"href":"https:\/\/www.europesays.com\/es\/wp-json\/wp\/v2\/posts\/269399\/revisions"}],"wp:featuredmedia":[{"embeddable":true,"href":"https:\/\/www.europesays.com\/es\/wp-json\/wp\/v2\/media\/269400"}],"wp:attachment":[{"href":"https:\/\/www.europesays.com\/es\/wp-json\/wp\/v2\/media?parent=269399"}],"wp:term":[{"taxonomy":"category","embeddable":true,"href":"https:\/\/www.europesays.com\/es\/wp-json\/wp\/v2\/categories?post=269399"},{"taxonomy":"post_tag","embeddable":true,"href":"https:\/\/www.europesays.com\/es\/wp-json\/wp\/v2\/tags?post=269399"}],"curies":[{"name":"wp","href":"https:\/\/api.w.org\/{rel}","templated":true}]}}