{"id":269401,"date":"2025-12-03T18:05:10","date_gmt":"2025-12-03T18:05:10","guid":{"rendered":"https:\/\/www.europesays.com\/es\/269401\/"},"modified":"2025-12-03T18:05:10","modified_gmt":"2025-12-03T18:05:10","slug":"de-ganar-un-latin-grammy-a-despedir-el-ano-en-almeria-con-un-concierto-gratuito-de-prenochevieja","status":"publish","type":"post","link":"https:\/\/www.europesays.com\/es\/269401\/","title":{"rendered":"De ganar un Latin Grammy a despedir el a\u00f1o en Almer\u00eda con un concierto gratuito de prenochevieja"},"content":{"rendered":"<p class=\"paragraph\">Ganadoras del <b>Grammy Latino a mejor \u00e1lbum flamenco<\/b> en este 2025, <b>Las Migas llegan a\u00a0Almer\u00eda el martes 30 de diciembre<\/b> para disfrutar el fin de a\u00f1o, con <b>un concierto de entrada libre<\/b> que comenzar\u00e1 a las 21.00 horas, en la <b>Plaza de la Constituci\u00f3n<\/b>, organizado por el \u00c1rea de Cultura del Ayuntamiento de Almer\u00eda y tras tomar los<b><a href=\"https:\/\/www.lavozdealmeria.com\/almeria\/397492\/oficial-programa-completo-navidad-almeria.html\" title=\"Ya es oficial: este es el programa completo de Navidad en Almer\u00eda\" rel=\"nofollow noopener\" target=\"_blank\"> \u201812 Tomates de la Suerte\u2019<\/a><\/b>, que ser\u00e1 a las 19.00 horas.<\/p>\n<p class=\"paragraph\">Tras conquistar escenarios en m\u00e1s de 50 pa\u00edses,<b> Las Migas<\/b> \u2013que ya hab\u00eda sido nominadas otras tres veces en los Grammy- presentan su disco <b>\u2018Flamencas\u2019, un vibrante regreso al origen m\u00e1s puro y tradicional del g\u00e9nero<\/b>, sin dejar atr\u00e1s la personalidad y frescura que las ha consolidado como una de las propuestas m\u00e1s destacadas y reconocidas del flamenco contempor\u00e1neo a nivel internacional.<\/p>\n<p class=\"paragraph\">\u201cPara el \u00c1rea de Cultura es <b>un tremendo honor<\/b> contar con un grupo como Las Migas que recorre cada a\u00f1o escenarios de todo el mundo y que en su \u00faltimo disco profundizan, desde su esencia, en buler\u00edas, tangos y seguiriyas desde una est\u00e9tica moderna y poderosa\u201d, apunta el concejal de Cultura, Diego Cruz.<\/p>\n<p class=\"paragraph\">\u2018Flamencas\u2019 es un trabajo que supone <b>un homenaje a la esencia y la pureza del flamenco<\/b>, en el que la banda transforma su c\u00f3digo hacia una mirada mucho m\u00e1s contempor\u00e1nea. Este \u00e1lbum est\u00e1 producido por Sebasti\u00e1n Merl\u00edn (Jorge Drexler, Rozal\u00e9n), Oriol Riart y Marta Robles, l\u00edder y compositora del grupo, afincada en las Islas Baleares, cuya visi\u00f3n art\u00edstica imprime un sello personal y mediterr\u00e1neo al sonido del cuarteto. Adem\u00e1s, cuenta con la colaboraci\u00f3n en \u2018Grito\u2019 de Tanxugueiras, referentes del nuevo folclore gallego, en una canci\u00f3n que trasciende fronteras musicales y geogr\u00e1ficas.<\/p>\n<p class=\"paragraph\">Con <b>una evoluci\u00f3n de su lenguaje<\/b>: un homenaje a la pureza del flamenco, interpretado desde una mirada fresca, libre, contempor\u00e1nea y empoderada. Cante, toque y comp\u00e1s conviven con arreglos cuidados y una sensibilidad moderna, adem\u00e1s de unas poderosas letras donde <b>el cuarteto intenta derrumbar estereotipos cl\u00e1sicos masculinos del flamenco<\/b> con una propuesta en directo con un arrollador discurso visual desde una mirada libre, contempor\u00e1nea y empoderada.<\/p>\n<p class=\"paragraph\">En su carrera cuentan con colaboraciones estelares y tan diversas como <b>Estrella Morente, Viva Suecia, Rozal\u00e9n, El Kanka, Kevin Johansen, Tomatito, Miguel\u00a0Poveda, Mar\u00eda Pela\u00e9, Ra\u00fcl Refree, Josemi Carmona o Loli Molina<\/b>, que no hacen m\u00e1s que confirmar la inmensa musicalidad de esta formaci\u00f3n de imparables mujeres, que acumulan m\u00e1s de 20 a\u00f1os de carrera musical y 7 discos de estudio.<\/p>\n<p class=\"paragraph\">Las Migas se han convertido en <b>una de las bandas espa\u00f1olas m\u00e1s internacionales<\/b>; con conciertos en Estados Unidos, India, Egipto, M\u00e9xico, Cuba, Namibia, Jamaica, Argelia, Hong Kong o Marruecos, entre otros muchos, y superan el mill\u00f3n de seguidores en sus distintas redes sociales.<\/p>\n","protected":false},"excerpt":{"rendered":"Ganadoras del Grammy Latino a mejor \u00e1lbum flamenco en este 2025, Las Migas llegan a\u00a0Almer\u00eda el martes 30&hellip;\n","protected":false},"author":2,"featured_media":269402,"comment_status":"","ping_status":"","sticky":false,"template":"","format":"standard","meta":{"footnotes":""},"categories":[170],"tags":[146,147,25,24,184,185,23],"class_list":{"0":"post-269401","1":"post","2":"type-post","3":"status-publish","4":"format-standard","5":"has-post-thumbnail","7":"category-musica","8":"tag-entertainment","9":"tag-entretenimiento","10":"tag-es","11":"tag-espana","12":"tag-music","13":"tag-musica","14":"tag-spain"},"share_on_mastodon":{"url":"https:\/\/pubeurope.com\/@es\/115656964979206657","error":""},"_links":{"self":[{"href":"https:\/\/www.europesays.com\/es\/wp-json\/wp\/v2\/posts\/269401","targetHints":{"allow":["GET"]}}],"collection":[{"href":"https:\/\/www.europesays.com\/es\/wp-json\/wp\/v2\/posts"}],"about":[{"href":"https:\/\/www.europesays.com\/es\/wp-json\/wp\/v2\/types\/post"}],"author":[{"embeddable":true,"href":"https:\/\/www.europesays.com\/es\/wp-json\/wp\/v2\/users\/2"}],"replies":[{"embeddable":true,"href":"https:\/\/www.europesays.com\/es\/wp-json\/wp\/v2\/comments?post=269401"}],"version-history":[{"count":0,"href":"https:\/\/www.europesays.com\/es\/wp-json\/wp\/v2\/posts\/269401\/revisions"}],"wp:featuredmedia":[{"embeddable":true,"href":"https:\/\/www.europesays.com\/es\/wp-json\/wp\/v2\/media\/269402"}],"wp:attachment":[{"href":"https:\/\/www.europesays.com\/es\/wp-json\/wp\/v2\/media?parent=269401"}],"wp:term":[{"taxonomy":"category","embeddable":true,"href":"https:\/\/www.europesays.com\/es\/wp-json\/wp\/v2\/categories?post=269401"},{"taxonomy":"post_tag","embeddable":true,"href":"https:\/\/www.europesays.com\/es\/wp-json\/wp\/v2\/tags?post=269401"}],"curies":[{"name":"wp","href":"https:\/\/api.w.org\/{rel}","templated":true}]}}