{"id":269413,"date":"2025-12-03T18:12:12","date_gmt":"2025-12-03T18:12:12","guid":{"rendered":"https:\/\/www.europesays.com\/es\/269413\/"},"modified":"2025-12-03T18:12:12","modified_gmt":"2025-12-03T18:12:12","slug":"estamos-dispuestos-a-hacer-todo-lo-que-sea-necesario-para-proteger-a-europa","status":"publish","type":"post","link":"https:\/\/www.europesays.com\/es\/269413\/","title":{"rendered":"Estamos dispuestos a hacer todo lo que sea necesario para proteger a Europa"},"content":{"rendered":"<p>            Las claves<\/p>\n<p>\n                nuevo<br \/>\n                Generado con IA\n            <\/p>\n<p>        <a class=\"key__news__heading--closed-content\" href=\"http:\/\/www.elespanol.com\/suscripciones\/#utm_source=internal&amp;utm_medium=claves\" rel=\"nofollow noopener\" target=\"_blank\"><\/p>\n<p class=\"item--text\">\n                            La OTAN, a trav\u00e9s de su secretario general Mark Rutte, ha respondido a las amenazas de Putin asegurando que est\u00e1 dispuesta a hacer todo lo necesario para proteger a Europa.\n                        <\/p>\n<p class=\"item--text\">\n                            Putin advirti\u00f3 que Rusia est\u00e1 preparada para la guerra si Europa la inicia, poco antes de discutir un plan de paz para Ucrania con una delegaci\u00f3n estadounidense.\n                        <\/p>\n<p class=\"item--text\">\n                            Rutte destac\u00f3 que la OTAN seguir\u00e1 apoyando a Ucrania y elogi\u00f3 a Donald Trump por sus esfuerzos para buscar el fin de la guerra.\n                        <\/p>\n<p class=\"item--text\">\n                            Dos tercios de los aliados de la OTAN ya han firmado el programa PURL, que busca financiar la compra de armas para Ucrania, alcanzando 4.000 millones de d\u00f3lares recaudados hasta ahora.\n                        <\/p>\n<p class=\"paragraph\" id=\"paragraph_1\"><strong>\u00abLa OTAN est\u00e1 dispuesta a hacer todo lo que sea necesario para proteger a Europa\u00bb<\/strong>. As\u00ed de contundente ha respondido este mi\u00e9rcoles el secretario general de la Alianza,<strong> Mark Rutte<\/strong>, a las \u00faltimas amenazas vertidas en la v\u00edspera por el presidente ruso, <strong>Vladimir Putin.<\/strong><\/p>\n<p class=\"paragraph\" id=\"paragraph_2\">El l\u00edder ruso desafi\u00f3 el martes a Europa asegurando que <strong>\u00absi quer\u00eda una guerra con Rusia y la inicia\u00bb, su pa\u00eds \u00abestar\u00e1 listo<\/strong>\u201d. Una amenaza vertida poco antes de discutir en el Kremlin el plan de paz para Ucrania con la delegaci\u00f3n de Estados Unidos, formada por<strong> Steve Witkoff y Jared Kushner.<\/strong><\/p>\n<p class=\"paragraph\" id=\"paragraph_3\">\u00abLa OTAN es una alianza defensiva. Seguiremos si\u00e9ndolo, pero<strong> no se equivoquen: estamos listos y dispuestos a hacer lo que sea necesario para proteger a nuestros mil millones de habitante<\/strong>s y asegurar nuestro territorio\u00bb, advirti\u00f3 este mi\u00e9rcoles Rutte en una rueda de prensa tras una reuni\u00f3n de ministros de Exteriores de la Alianza.<\/p>\n<p><img loading=\"lazy\" decoding=\"async\" alt=\"El presidente ruso Vlad\u00edmir Putin.\" height=\"180\" src=\"https:\/\/www.europesays.com\/es\/wp-content\/uploads\/2025\/12\/1003744039342_260272797_320x180.jpg\" width=\"320\" data-lazy-status=\"processed\" data-lazy-info=\"remove loading item 1\"\/><\/p>\n<p class=\"paragraph\" id=\"paragraph_4\">Sobre Ucrania, Rutte ha se\u00f1alado que \u00abtodos los aliados queremos que termine el derramamiento de sangre\u00bb, mientras<strong> elogi\u00f3 a Donald Trump por sus esfuerzos para poner fin a la guerra<\/strong>.<\/p>\n<p class=\"paragraph\" id=\"paragraph_5\">\u00ab<strong>Solo hay una persona en todo el mundo capaz de romper el estancamiento.<\/strong>.. Ese es el presidente estadounidense Donald J. Trump\u00bb, proclam\u00f3 el exprimer ministro neerland\u00e9s, quien a menudo ha sido se\u00f1alado por s<strong>u &#8216;servilismo&#8217; al republicano.<\/strong> <\/p>\n<p class=\"paragraph\" id=\"paragraph_6\">En cualquier caso, asegur\u00f3 que \u00abmientras avanzan las negociaciones,<strong> no podemos flaquear en nuestro compromiso con Ucrania\u00bb<\/strong>, condenando los continuos ataques rusos. \u00abNuestro apoyo debe continuar sin cesar para ayudar a Ucrania a defenderse hoy y disuadirse ma\u00f1ana, por su propio bien y por el nuestro\u00bb, ha se\u00f1alado.<\/p>\n<p class=\"paragraph\" id=\"paragraph_7\">Afirma que las discusiones de los aliados de este martes fueron<strong> \u00abotra clara se\u00f1al de que Putin est\u00e1 equivocado\u00bb,<\/strong> ya que los miembros de la OTAN <strong>discutieron invertir m\u00e1s<\/strong> para \u00abaumentar la inversi\u00f3n en defensa, mejorar la producci\u00f3n y aumentar el apoyo a Ucrania mientras miramos hacia la cumbre de Ankara\u00bb el pr\u00f3ximo a\u00f1o.<\/p>\n<p class=\"paragraph\" id=\"paragraph_8\">En este sentido, Rutte ha revelado que<strong> dos tercios de los aliados ya han firmado el programa PURL,<\/strong> una iniciativa impulsada en julio por la OTAN para que los aliados europeos y Canad\u00e1 a<strong>dquieran armas de EEUU para enviar a Ucrania.<\/strong><\/p>\n<p class=\"paragraph\" id=\"paragraph_9\">Seg\u00fan Rutte, esa iniciativa ha recabado ya 4.000 millones de d\u00f3lares y confi\u00f3 en llegar a los 5.000 antes de que acabe el a\u00f1o. Tambi\u00e9n consider\u00f3 que en 2026 se debe mantener el ritmo de aportar 1.000 millones al mes a trav\u00e9s de PURL.<\/p>\n<p class=\"paragraph\" id=\"paragraph_10\">\u00abLos miembros de la OTAN est\u00e1n dando un paso adelante significativamente, pero que necesitan hacer a\u00fan m\u00e1s en el futuro\u00bb, ha concluido.<\/p>\n","protected":false},"excerpt":{"rendered":"Las claves nuevo Generado con IA La OTAN, a trav\u00e9s de su secretario general Mark Rutte, ha respondido&hellip;\n","protected":false},"author":2,"featured_media":269414,"comment_status":"","ping_status":"","sticky":false,"template":"","format":"standard","meta":{"footnotes":""},"categories":[42],"tags":[17,18,700,13,14,11,61,62,63,64,19,20,13066,9,10,15,16,1613,1614,12,7081,21,22,7083,65,66,67],"class_list":{"0":"post-269413","1":"post","2":"type-post","3":"status-publish","4":"format-standard","5":"has-post-thumbnail","7":"category-internacional","8":"tag-breaking-news","9":"tag-breakingnews","10":"tag-europa","11":"tag-featured-news","12":"tag-featurednews","13":"tag-headlines","14":"tag-internacional","15":"tag-international","16":"tag-international-news","17":"tag-internationalnews","18":"tag-latest-news","19":"tag-latestnews","20":"tag-mark-rutte","21":"tag-news","22":"tag-noticias","23":"tag-noticias-destacadas","24":"tag-noticiasdestacadas","25":"tag-otan","26":"tag-rusia","27":"tag-titulares","28":"tag-ucrania","29":"tag-ultimas-noticias","30":"tag-ultimasnoticias","31":"tag-vladimir-putin","32":"tag-world","33":"tag-world-news","34":"tag-worldnews"},"share_on_mastodon":{"url":"https:\/\/pubeurope.com\/@es\/115656992043078667","error":""},"_links":{"self":[{"href":"https:\/\/www.europesays.com\/es\/wp-json\/wp\/v2\/posts\/269413","targetHints":{"allow":["GET"]}}],"collection":[{"href":"https:\/\/www.europesays.com\/es\/wp-json\/wp\/v2\/posts"}],"about":[{"href":"https:\/\/www.europesays.com\/es\/wp-json\/wp\/v2\/types\/post"}],"author":[{"embeddable":true,"href":"https:\/\/www.europesays.com\/es\/wp-json\/wp\/v2\/users\/2"}],"replies":[{"embeddable":true,"href":"https:\/\/www.europesays.com\/es\/wp-json\/wp\/v2\/comments?post=269413"}],"version-history":[{"count":0,"href":"https:\/\/www.europesays.com\/es\/wp-json\/wp\/v2\/posts\/269413\/revisions"}],"wp:featuredmedia":[{"embeddable":true,"href":"https:\/\/www.europesays.com\/es\/wp-json\/wp\/v2\/media\/269414"}],"wp:attachment":[{"href":"https:\/\/www.europesays.com\/es\/wp-json\/wp\/v2\/media?parent=269413"}],"wp:term":[{"taxonomy":"category","embeddable":true,"href":"https:\/\/www.europesays.com\/es\/wp-json\/wp\/v2\/categories?post=269413"},{"taxonomy":"post_tag","embeddable":true,"href":"https:\/\/www.europesays.com\/es\/wp-json\/wp\/v2\/tags?post=269413"}],"curies":[{"name":"wp","href":"https:\/\/api.w.org\/{rel}","templated":true}]}}