{"id":269415,"date":"2025-12-03T18:13:13","date_gmt":"2025-12-03T18:13:13","guid":{"rendered":"https:\/\/www.europesays.com\/es\/269415\/"},"modified":"2025-12-03T18:13:13","modified_gmt":"2025-12-03T18:13:13","slug":"claves-del-real-decreto-ley-que-aumenta-el-sueldo-de-los-funcionarios-un-25-para-este-ano","status":"publish","type":"post","link":"https:\/\/www.europesays.com\/es\/269415\/","title":{"rendered":"Claves del real decreto ley que aumenta el sueldo de los funcionarios un 2,5% para este a\u00f1o"},"content":{"rendered":"<p>El BOE ha publicado este mi\u00e9rcoles, el <a href=\"https:\/\/www.boe.es\/boe\/dias\/2025\/12\/03\/pdfs\/BOE-A-2025-24445.pdf\" rel=\"nofollow noopener\" target=\"_blank\">real decreto ley<\/a> que recoge la subida del sueldo a los funcionarios de este a\u00f1o y de cara al pr\u00f3ximo. El texto a\u00fan tiene que pasar por el Congreso para contar con su convalidaci\u00f3n.\u00a0<\/p>\n<ul class=\"wp-block-list\">\n<li><strong>A qui\u00e9n afecta.<\/strong> La norma hace referencia a todos los <a href=\"https:\/\/transparentia.newtral.es\/buscador\" rel=\"nofollow noopener\" target=\"_blank\">empleados p\u00fablicos<\/a>, independientemente de si trabajan para el Estado, las comunidades aut\u00f3nomas o para entidades locales.\u00a0<\/li>\n<\/ul>\n<p><strong>Contexto.<\/strong> El texto contempla dos subidas, una para este a\u00f1o 2025 y otra de cara a 2026.<\/p>\n<p><strong>2025. <\/strong>La subida prevista para 2025 es de un 2,5% respecto a lo que se cobraba en 2024. Una medida que se toma con car\u00e1cter retroactivo, es decir, se sube el salario correspondiente a todo 2025 aunque el texto se adopte a final de a\u00f1o.\u00a0<\/p>\n<ul class=\"wp-block-list\">\n<li>Los atrasos de este a\u00f1o en el sueldo de los funcionarios se cobrar\u00e1n de distinta forma en funci\u00f3n del grupo de funcionarios al que afecte. Los trabajadores del sector p\u00fablico estatal lo cobrar\u00e1n en la n\u00f3mina del mes de diciembre de este a\u00f1o pero los de las comunidades aut\u00f3nomas o ayuntamientos podr\u00e1n recibirlo en diciembre de este a\u00f1o o repartir el pago en 2026, 2027 y 2028.\u00a0<\/li>\n<\/ul>\n<p><strong>2026.<\/strong> De cara al pr\u00f3ximo a\u00f1o se contempla aumentar los salarios en un 1,5% al inicio de 2026 y un aumento extra del 0,5% si el \u00cdndice de Precios al Consumo (IPC) sube un 1,5% o m\u00e1s en dicho a\u00f1o. Este extra se abonar\u00eda al personal funcionario durante el primer trimestre del a\u00f1o 2027.\u00a0<\/p>\n<p><strong>Pr\u00f3ximos pasos.<\/strong> El texto publicado es un real decreto ley por lo que tendr\u00e1 que pasar por el Congreso para ser votado y convalidado o derogado por el hemiciclo.\u00a0<\/p>\n","protected":false},"excerpt":{"rendered":"El BOE ha publicado este mi\u00e9rcoles, el real decreto ley que recoge la subida del sueldo a los&hellip;\n","protected":false},"author":2,"featured_media":269416,"comment_status":"","ping_status":"","sticky":false,"template":"","format":"standard","meta":{"footnotes":""},"categories":[8],"tags":[17,18,12493,25,24,13,14,4868,11,19,20,27545,9,10,15,16,23,12,21,22],"class_list":{"0":"post-269415","1":"post","2":"type-post","3":"status-publish","4":"format-standard","5":"has-post-thumbnail","7":"category-espana","8":"tag-breaking-news","9":"tag-breakingnews","10":"tag-consejo-de-ministros","11":"tag-es","12":"tag-espana","13":"tag-featured-news","14":"tag-featurednews","15":"tag-funcionarios","16":"tag-headlines","17":"tag-latest-news","18":"tag-latestnews","19":"tag-legislacion","20":"tag-news","21":"tag-noticias","22":"tag-noticias-destacadas","23":"tag-noticiasdestacadas","24":"tag-spain","25":"tag-titulares","26":"tag-ultimas-noticias","27":"tag-ultimasnoticias"},"share_on_mastodon":{"url":"","error":""},"_links":{"self":[{"href":"https:\/\/www.europesays.com\/es\/wp-json\/wp\/v2\/posts\/269415","targetHints":{"allow":["GET"]}}],"collection":[{"href":"https:\/\/www.europesays.com\/es\/wp-json\/wp\/v2\/posts"}],"about":[{"href":"https:\/\/www.europesays.com\/es\/wp-json\/wp\/v2\/types\/post"}],"author":[{"embeddable":true,"href":"https:\/\/www.europesays.com\/es\/wp-json\/wp\/v2\/users\/2"}],"replies":[{"embeddable":true,"href":"https:\/\/www.europesays.com\/es\/wp-json\/wp\/v2\/comments?post=269415"}],"version-history":[{"count":0,"href":"https:\/\/www.europesays.com\/es\/wp-json\/wp\/v2\/posts\/269415\/revisions"}],"wp:featuredmedia":[{"embeddable":true,"href":"https:\/\/www.europesays.com\/es\/wp-json\/wp\/v2\/media\/269416"}],"wp:attachment":[{"href":"https:\/\/www.europesays.com\/es\/wp-json\/wp\/v2\/media?parent=269415"}],"wp:term":[{"taxonomy":"category","embeddable":true,"href":"https:\/\/www.europesays.com\/es\/wp-json\/wp\/v2\/categories?post=269415"},{"taxonomy":"post_tag","embeddable":true,"href":"https:\/\/www.europesays.com\/es\/wp-json\/wp\/v2\/tags?post=269415"}],"curies":[{"name":"wp","href":"https:\/\/api.w.org\/{rel}","templated":true}]}}