{"id":269423,"date":"2025-12-03T18:24:12","date_gmt":"2025-12-03T18:24:12","guid":{"rendered":"https:\/\/www.europesays.com\/es\/269423\/"},"modified":"2025-12-03T18:24:12","modified_gmt":"2025-12-03T18:24:12","slug":"fifa-marca-el-15-de-diciembre-como-inicio-del-periodo-de-cesion-de-jugadores-para-la-copa-africa-y-el-betis-negocia-con-marruecos","status":"publish","type":"post","link":"https:\/\/www.europesays.com\/es\/269423\/","title":{"rendered":"FIFA marca el 15 de diciembre como inicio del periodo de cesi\u00f3n de jugadores para la Copa \u00c1frica y el Betis negocia con Marruecos"},"content":{"rendered":"<p style=\"\">El <strong>Betis<\/strong> sigue pendiente de <strong>Sofyan Amrabat y Ez Abde<\/strong>. Los dos jugadores, presumiblemente, entrar\u00e1n en la convocatoria de la selecci\u00f3n de Marruecos para la <strong>Copa \u00c1frica 2025<\/strong>, que en esta edici\u00f3n adelanta su celebraci\u00f3n para comenzar el 21 de diciembre, precisamente  &#8230; con el encuentro inaugural que el combinado marroqu\u00ed dispute ante Comoras en Rabat. De esta forma, ambos futbolistas se perder\u00e1n varios encuentros del equipo verdiblanco, aunque existen conversaciones abiertas con los dirigentes africanos para intentar que ambos se incorporen lo m\u00e1s tarde posible y Manuel Pellegrini puede contar con ellos.<\/p>\n<p class=\"voc-p\" style=\"\"><strong>Seg\u00fan ha informado la FIFA este mi\u00e9rcoles, el periodo de cesi\u00f3n de jugadores empezar\u00e1 el 15 de diciembre -y no el 8 como pretend\u00edan las selecciones africanas-<\/strong>, con lo que tanto Abde como Amrabat tendr\u00edan complicado jugar ante el Rayo Vallecano en la decimosexta jornada de LaLiga, que precisamente se disputa ese mismo d\u00eda 15, y estar\u00edan descartados para la cita copera del 18 -si el Betis se clasifica- y el duelo ante el Getafe del 21. Eso s\u00ed, el m\u00e1ximo organismo del f\u00fatbol deja abierta la posibilidad de que clubes y federaciones <strong>mantengan conversaciones bilaterales para encontrar soluciones apropiadas caso por caso<\/strong>, y en eso conf\u00eda el Betis para apurar sus opciones de poder contar con ambos.<\/p>\n<p class=\"voc-p\" style=\"\">\u00abDespu\u00e9s de las productivas consultas que ha mantenido la FIFA con los principales grupos de inter\u00e9s, gracias a la solidaridad que ha demostrado la CAF con el objetivo de reducir las repercusiones que esta medida podr\u00eda tener en las diferentes partes interesadas, el Bureau del Consejo ha adoptado una decisi\u00f3n relativa a la cesi\u00f3n obligatoria de jugadores para la Copa Africana de Naciones de la CAF 2025, que <strong>se celebrar\u00e1 en Marruecos del pr\u00f3ximo 21 de diciembre al 18 de enero de 2026<\/strong>. En consonancia con el mismo principio utilizado para la Copa Mundial de la FIFA 2022, el periodo de cesi\u00f3n se reducir\u00e1 en siete d\u00edas y empezar\u00e1 el lunes 15 de diciembre de 2025\u00bb, se\u00f1al\u00f3 la FIFA en su comunicado.<\/p>\n<p class=\"voc-p\" style=\"\">\u00abAdem\u00e1s, se ha decidido instar a las federaciones miembro participantes en la Copa Africana de Naciones de la CAF 2025 y a los clubes que cedan jugadores <strong>durante el periodo de cesi\u00f3n para la disputa de las competiciones continentales<\/strong> a que mantengan conversaciones bilaterales en buena fe para encontrar soluciones apropiadas caso por caso\u00bb, a\u00f1adi\u00f3 la FIFA para buscar ese entendimiento entre clubes y federaciones, aunque siempre manteni\u00e9ndose la propia FIFA como garante de ese di\u00e1logo: \u00abCuando, tras estas reuniones bilaterales, siga estando en disputa la cesi\u00f3n de jugadores, <strong>la FIFA mediar\u00e1 entre ambas partes en litigio<\/strong> y aplicar\u00e1 directrices que contemplen las circunstancias de cada caso, incluidos factores relacionados con la programaci\u00f3n de los partidos de las competiciones afectadas, el lugar de celebraci\u00f3n de \u00e9stas, las participaciones anteriores y planeadas de los jugadores en los partidos en cuesti\u00f3n y cualquier otro factor pertinente\u00bb.<\/p>\n","protected":false},"excerpt":{"rendered":"El Betis sigue pendiente de Sofyan Amrabat y Ez Abde. Los dos jugadores, presumiblemente, entrar\u00e1n en la convocatoria&hellip;\n","protected":false},"author":2,"featured_media":269424,"comment_status":"","ping_status":"","sticky":false,"template":"","format":"standard","meta":{"footnotes":""},"categories":[268],"tags":[291,501,168,35329,25,24,14013,280,282,4712,2713,3841,4485,12684,21123,281,23,167],"class_list":{"0":"post-269423","1":"post","2":"type-post","3":"status-publish","4":"format-standard","5":"has-post-thumbnail","7":"category-futbol","8":"tag-betis","9":"tag-cesion","10":"tag-deportes","11":"tag-diciembre","12":"tag-es","13":"tag-espana","14":"tag-fifa","15":"tag-football","16":"tag-futbol","17":"tag-inicio","18":"tag-jugadores","19":"tag-marca","20":"tag-marruecos","21":"tag-negocia","22":"tag-periodo","23":"tag-soccer","24":"tag-spain","25":"tag-sports"},"share_on_mastodon":{"url":"https:\/\/pubeurope.com\/@es\/115657039312923862","error":""},"_links":{"self":[{"href":"https:\/\/www.europesays.com\/es\/wp-json\/wp\/v2\/posts\/269423","targetHints":{"allow":["GET"]}}],"collection":[{"href":"https:\/\/www.europesays.com\/es\/wp-json\/wp\/v2\/posts"}],"about":[{"href":"https:\/\/www.europesays.com\/es\/wp-json\/wp\/v2\/types\/post"}],"author":[{"embeddable":true,"href":"https:\/\/www.europesays.com\/es\/wp-json\/wp\/v2\/users\/2"}],"replies":[{"embeddable":true,"href":"https:\/\/www.europesays.com\/es\/wp-json\/wp\/v2\/comments?post=269423"}],"version-history":[{"count":0,"href":"https:\/\/www.europesays.com\/es\/wp-json\/wp\/v2\/posts\/269423\/revisions"}],"wp:featuredmedia":[{"embeddable":true,"href":"https:\/\/www.europesays.com\/es\/wp-json\/wp\/v2\/media\/269424"}],"wp:attachment":[{"href":"https:\/\/www.europesays.com\/es\/wp-json\/wp\/v2\/media?parent=269423"}],"wp:term":[{"taxonomy":"category","embeddable":true,"href":"https:\/\/www.europesays.com\/es\/wp-json\/wp\/v2\/categories?post=269423"},{"taxonomy":"post_tag","embeddable":true,"href":"https:\/\/www.europesays.com\/es\/wp-json\/wp\/v2\/tags?post=269423"}],"curies":[{"name":"wp","href":"https:\/\/api.w.org\/{rel}","templated":true}]}}