{"id":269425,"date":"2025-12-03T18:25:13","date_gmt":"2025-12-03T18:25:13","guid":{"rendered":"https:\/\/www.europesays.com\/es\/269425\/"},"modified":"2025-12-03T18:25:13","modified_gmt":"2025-12-03T18:25:13","slug":"educar-a-mis-hijos-es-la-tarea-mas-dificil-que-puedes-tener-en-tu-vida","status":"publish","type":"post","link":"https:\/\/www.europesays.com\/es\/269425\/","title":{"rendered":"\u201cEducar a mis hijos es la tarea m\u00e1s dif\u00edcil que puedes tener en tu vida\u201d"},"content":{"rendered":"<p>El nombre de Pepe Rodr\u00edguez (57 a\u00f1os) lleva a\u00f1os asociado a \u2018MasterChef\u2019. Junto a Jordi Cruz y Samantha Vallejo-N\u00e1gera forman el tr\u00edo de <strong>jurados m\u00e1s reconocidos de la televisi\u00f3n de nuestro pa\u00eds<\/strong>. En dicho concurso culinario siempre muestran su faceta m\u00e1s solidaria. Es habitual que en cada programa indiquen que <a href=\"https:\/\/www.lecturas.com\/recetas\/escuela-de-cocina\/chef-pepe-rodriguez-plato-humilde-que-representa-sus-raices-no-necesita-artificios-ni-florituras-solo-buenos-ingredientes-tecnica_20424\" target=\"_blank\" rel=\"nofollow noopener\">la comida sobrante<\/a> de las distintas pruebas va destinada a diferentes asociaciones para demostrar esta implicaci\u00f3n y este lado humanitario de Televisi\u00f3n Espa\u00f1ola.<\/p>\n<p>El popular cocinero, fiel a su esp\u00edritu solidario, <a href=\"https:\/\/www.lecturas.com\/actualidad\/chef-pepe-rodriguez-se-sincera-lecturas-tras-su-viaje-senegal-mi-mujer-me-consiente-todas-horas-que-no-estoy-me-suple_185205\" rel=\"nofollow noopener\" target=\"_blank\">ha viajado hasta Senegal<\/a> de la mano de una ONG para conocer el trabajo que realiza la organizaci\u00f3n en dicho pa\u00eds africano. Con Manos Unidas ha visitado determinadas zonas rurales que cuentan con escasos recursos, a las que ha organizado un cocinado y disfrutado con los m\u00e1s peque\u00f1os. Desde Lecturas hemos podido charlar con Rodr\u00edguez que se ha sincerado sobre<strong> este viaje que le ha cambiado la vida,<\/strong> pero tambi\u00e9n sobre otros aspectos de su vida.<\/p>\n<p>Su faceta de padre<\/p>\n<p>El conocido chef es padre de tres hijos junto a <a href=\"https:\/\/www.lecturas.com\/actualidad\/asi-es-marivi-la-discreta-mujer-de-pepe-rodriguez-y-madre-de-sus-hijos-a-la-que-conocio-por-casualidad_145961\" rel=\"nofollow noopener\" target=\"_blank\">su mujer Mariv\u00ed<\/a>, su discreto apoyo en todos los terrenos de su vida. Pepe tiene claro lo que va a transmitir a sus hijos sobre su visita al continente africano. \u201cMe gustar\u00eda que entendieran que la cooperaci\u00f3n es necesaria y vital para el desarrollo. Que hay personas que luchan cada d\u00eda por cosas que nosotros tenemos sin esfuerzo. Que la solidaridad no es un concepto abstracto, sino algo tangible que transforma vidas. Y, sobre todo, <strong>quiero transmitirles la importancia de la gratitud<\/strong> y de devolver algo de lo mucho que hemos recibido\u201d, nos cuenta el chef.<\/p>\n<p><img loading=\"lazy\" decoding=\"async\"   src=\"https:\/\/www.europesays.com\/es\/wp-content\/uploads\/2025\/12\/pepe-rodriguez_40e6bac7_08_251203171141_1200x794.webp.webp\" alt=\"Pepe Rodr\u00edguez\" class=\"lazyload\" width=\"1200\" height=\"794\" data-aspectratio=\"1200\/794\"\/><\/p>\n<p>El cocinero ha viajado hasta Senegal con Manos Unidas y ha podido elaborar diferentes comidas.<\/p>\n<p>&#13;Manos Unidas<\/p>\n<p>En cuanto a los valores que quiere que sus hijos tengan presentes, tambi\u00e9n es muy claro. \u201c<strong>El respeto, la humildad y la gratitud.<\/strong> Que entiendan que nada se regala, que todo requiere esfuerzo y trabajo. Que sean generosos y solidarios, que piensen en los dem\u00e1s. Que sepan que el \u00e9xito material no es nada si no eres buena persona. Y que nunca olviden que la familia es lo primero, siempre. Despu\u00e9s de este viaje a Senegal tambi\u00e9n quiero que recuerden lo afortunados que son y la responsabilidad que eso conlleva\u201d, revela Pepe.<\/p>\n<p><img decoding=\"async\" src=\"https:\/\/www.europesays.com\/es\/wp-content\/uploads\/2025\/12\/dl-u300664-045_352e211e_251203145147_800x800.webp.webp\" alt=\"DL u300664 045\" class=\"image lazyload\"\/><img loading=\"lazy\" decoding=\"async\" src=\"https:\/\/www.europesays.com\/es\/wp-content\/uploads\/2025\/12\/dl-u300664-045_352e211e_251203145159_1280x720.webp.webp\" alt=\"I\u00f1aki Urdangarin se abre como nunca sobre el fin de su matrimonio con la infanta Cristina: &quot;Fue lo peor de su paso por la c\u00e1rcel\u201d\" class=\"image lazyload\" width=\"1280\" height=\"720\" data-aspectratio=\"1280\/720\"\/><\/p>\n<p>Durante estos a\u00f1os, Pepe tiene un desaf\u00edo concreto en su \u00e1mbito m\u00e1s privado. \u201cComo reto personal, <strong>educar a mis hijos, que es la tarea m\u00e1s dif\u00edcil que puedes tener en tu vida<\/strong> porque no sabes por d\u00f3nde cogerlo. T\u00fa lo haces lo mejor que sabes y en esas aciertas o te equivocas. La tarea de cualquier ser humano que tenga hijos, un trabajo, un negocio\u2026 el reto de levantarse cada d\u00eda de buen humor\u201d, explica. De esta manera, Pepe nos confiesa cu\u00e1l es su mayor reto como padre de tres hijos.<\/p>\n<p>La confesi\u00f3n del chef sobre sus hijos<\/p>\n<p>Aunque en el concurso de cocinas haya momentos de todo tipo, lo cierto es que Pepe nunca ha ocultado el amor que siente hacia sus hijos. En alguna ocasi\u00f3n incluso ha sido sorprendido por la presencia de su hijo mediano durante una prueba del concurso. Este a\u00f1o <a href=\"https:\/\/www.lecturas.com\/actualidad\/dura-confesion-pepe-rodriguez-precio-que-ha-tenido-que-pagar-sus-hijos-por-su-fama_151474\" rel=\"nofollow noopener\" target=\"_blank\">acudi\u00f3 junto a Jes\u00fas Calleja<\/a> a Campania, una regi\u00f3n italiana que formaba parte del programa \u2018Planeta Calleja\u2019 en el que particip\u00f3 el cocinero. Mar\u00eda y Jes\u00fas ya son mayores de edad, mientras que Manuela es una adolescente de 16 a\u00f1os.<\/p>\n<p><img loading=\"lazy\" decoding=\"async\"   src=\"https:\/\/www.europesays.com\/es\/wp-content\/uploads\/2025\/12\/pepe-rodriguez_97b27c22_078_251203171429_1200x1800.webp.webp\" alt=\"Pepe Rodr\u00edguez \" class=\"lazyload\" width=\"1200\" height=\"1800\" data-aspectratio=\"1200\/1800\"\/><\/p>\n<p>El chef ha hablado en distintas intervenciones televisivas de su faceta como padre de tres hijos.<\/p>\n<p>&#13;GTRES<\/p>\n<p>La fama de su padre la han vivido de diferente manera y, aunque han entendido su trabajo, tambi\u00e9n han aprovechado para recriminarle su ausencia por sus largas jornadas de trabajo fuera de casa. \u201cPap\u00e1, si t\u00fa no est\u00e1s nunca aqu\u00ed, suelta alguno\u201d, confes\u00f3 ante Calleja. \u201c<strong>Son los mejores del mundo entero<\/strong>, son mis hijos, a los que m\u00e1s quiero, pero te la sueltan los cabritos\u201d, a\u00f1adi\u00f3 el chef. De hecho, Pepe no dud\u00f3 en emocionarse al hablar de ello, ya que es un tema bastante delicado para \u00e9l, que siempre ha tratado de darle lo mejor a sus hijos.<\/p>\n<p>Ser uno de los cocineros m\u00e1s reconocidos del pa\u00eds tambi\u00e9n ha acarreado consecuencias para sus \u201cchavales\u201d, como \u00e9l mismo los ha denominado. \u201c<strong>A ninguno de los tres les hace gracia<\/strong>, porque lo han sufrido, sobre todo a la mayor le ha hecho menos gracia porque la pill\u00f3 en una \u00e9poca un poco m\u00e1s mayorcita y se met\u00edan con ella\u201d, revelaba sobre el precio de la fama. A ese respecto, Rodr\u00edguez confes\u00f3 ante Jes\u00fas Calleja que el mediano es el que mejor ha llevado esta fama de su padre, mientras que la peque\u00f1a \u201cpiensa que su padre es famoso de toda la vida\u201d.<\/p>\n<p><img loading=\"lazy\" decoding=\"async\"   src=\"https:\/\/www.europesays.com\/es\/wp-content\/uploads\/2025\/12\/pepe-rodriguez_ff522694_018_251203171616_1200x800.webp.webp\" alt=\"Pepe Rodr\u00edguez \" class=\"lazyload\" width=\"1200\" height=\"800\" data-aspectratio=\"1200\/800\"\/><\/p>\n<p>El jurado de &#8216;MasterChef&#8217; ha confesado que a ninguno de sus tres hijos le hace gracia la fama.<\/p>\n<p>&#13;GTRES<\/p>\n<p>En esa conversaci\u00f3n, Calleja manifest\u00f3 no entender la postura de sus hijos, ya que para \u00e9l ser\u00eda algo positivo el hecho de tener a un padre famoso. Sin embargo, Pepe ha entendido a la perfecci\u00f3n a sus hijos y por ello le respondi\u00f3. \u201cEso lo dices t\u00fa que no lo has vivido y ves las cosas de otra manera,<strong> los hijos lo sufren porque est\u00e1n siempre se\u00f1alados<\/strong> y eso tambi\u00e9n les hace, a lo mejor, no desarrollar su personalidad tranquilamente\u201d, apunt\u00f3 el cocinero.<\/p>\n","protected":false},"excerpt":{"rendered":"El nombre de Pepe Rodr\u00edguez (57 a\u00f1os) lleva a\u00f1os asociado a \u2018MasterChef\u2019. Junto a Jordi Cruz y Samantha&hellip;\n","protected":false},"author":2,"featured_media":269426,"comment_status":"","ping_status":"","sticky":false,"template":"","format":"standard","meta":{"footnotes":""},"categories":[174],"tags":[255,146,147,25,24,256,23],"class_list":{"0":"post-269425","1":"post","2":"type-post","3":"status-publish","4":"format-standard","5":"has-post-thumbnail","7":"category-famosos","8":"tag-celebrities","9":"tag-entertainment","10":"tag-entretenimiento","11":"tag-es","12":"tag-espana","13":"tag-famosos","14":"tag-spain"},"share_on_mastodon":{"url":"https:\/\/pubeurope.com\/@es\/115657043618386203","error":""},"_links":{"self":[{"href":"https:\/\/www.europesays.com\/es\/wp-json\/wp\/v2\/posts\/269425","targetHints":{"allow":["GET"]}}],"collection":[{"href":"https:\/\/www.europesays.com\/es\/wp-json\/wp\/v2\/posts"}],"about":[{"href":"https:\/\/www.europesays.com\/es\/wp-json\/wp\/v2\/types\/post"}],"author":[{"embeddable":true,"href":"https:\/\/www.europesays.com\/es\/wp-json\/wp\/v2\/users\/2"}],"replies":[{"embeddable":true,"href":"https:\/\/www.europesays.com\/es\/wp-json\/wp\/v2\/comments?post=269425"}],"version-history":[{"count":0,"href":"https:\/\/www.europesays.com\/es\/wp-json\/wp\/v2\/posts\/269425\/revisions"}],"wp:featuredmedia":[{"embeddable":true,"href":"https:\/\/www.europesays.com\/es\/wp-json\/wp\/v2\/media\/269426"}],"wp:attachment":[{"href":"https:\/\/www.europesays.com\/es\/wp-json\/wp\/v2\/media?parent=269425"}],"wp:term":[{"taxonomy":"category","embeddable":true,"href":"https:\/\/www.europesays.com\/es\/wp-json\/wp\/v2\/categories?post=269425"},{"taxonomy":"post_tag","embeddable":true,"href":"https:\/\/www.europesays.com\/es\/wp-json\/wp\/v2\/tags?post=269425"}],"curies":[{"name":"wp","href":"https:\/\/api.w.org\/{rel}","templated":true}]}}