{"id":269427,"date":"2025-12-03T18:26:12","date_gmt":"2025-12-03T18:26:12","guid":{"rendered":"https:\/\/www.europesays.com\/es\/269427\/"},"modified":"2025-12-03T18:26:12","modified_gmt":"2025-12-03T18:26:12","slug":"el-desafio-de-atrapar-la-esencia-de-las-4-200-obras-de-sorolla","status":"publish","type":"post","link":"https:\/\/www.europesays.com\/es\/269427\/","title":{"rendered":"El desaf\u00edo de atrapar la esencia de las 4.200 obras de Sorolla"},"content":{"rendered":"<p>D\u00e9cadas de investigaci\u00f3n para agrupar la ingente obra de Joaquin Sorolla. No es f\u00e1cil poner negro sobre blanco la paleta infinita del maestro de la  &#8230; luz. No es sencillo agrupar las m\u00e1s de 4.000 piezas que el artista valenciano cre\u00f3 a lo largo de su vida. No es balad\u00ed recopilar los lienzos en museos, colecciones privadas e incluso aquellos de los que se perdi\u00f3 la pista. Todo esto se est\u00e1 materializando en el cat\u00e1logo razonado del pintor. El primer volumen, que se ha presentado este mi\u00e9rcoles en el Museo del Prado, ya est\u00e1 a la venta por 120 euros.<\/p>\n<p class=\"v-p\">La producci\u00f3n pict\u00f3rica de Joaqu\u00edn Sorolla es extraordinariamente extensa. Alcanza 4.200 obras y est\u00e1 repartida por museos y colecciones de todo el mundo, seg\u00fan una nota de prensa. Blanca Pons-Sorolla, principal experta en la obras del maestro, ha dedicado casi cuatro d\u00e9cadas a registrar y catalogar sistem\u00e1ticamente el conjunto, con el objetivo de recogerlo en un cat\u00e1logo razonado cronol\u00f3gico. La primera entrega, que comprende las obras datadas entre los a\u00f1os 1876 y 1894, ve ahora la luz. A \u00e9sta, le seguir\u00e1n otras tres para fijar en cuatro tomos un corpus completo y riguroso, indispensable, que ordene, estudie y reproduzca con excelente calidad toda la pintura \u2014\u00f3leo, acuarela y gouache\u2014 de Joaqu\u00edn Sorolla.<\/p>\n<p><a href=\"http:\/\/www.lasprovincias.es\/culturas\/sorolla-edificio-correos-valencia-peor-inicio-museo-20251126002057-nt.html#vtm_modulosEngag=mod-rel:culturas:noticia:1:cmp:1-not\" class=\"v-a-link\" aria-label=\"Imagen\" rel=\"nofollow noopener\" target=\"_blank\"><\/p>\n<p><img decoding=\"async\" loading=\"lazy\" src=\"https:\/\/www.europesays.com\/es\/wp-content\/uploads\/2025\/12\/sor.jpg\" class=\"v-a-img\" width=\"258\" height=\"180\" alt=\"\" data-voc-vtm-id=\"in-text-traffic\"\/><\/p>\n<p><\/a><\/p>\n<p class=\"v-p\">Para su publicaci\u00f3n se ha revisado, actualizado y sistematizado la informaci\u00f3n existente de cada obra. Cada volumen se completa con una exhaustiva biograf\u00eda de Sorolla para los a\u00f1os abordados en \u00e9l, una selecci\u00f3n bibliogr\u00e1fica actualizada, el repertorio de sus exposiciones, una introducci\u00f3n metodol\u00f3gica sobre el proceso de catalogaci\u00f3n de su obra pict\u00f3rica y unas tablas de equivalencia que vinculan las obras catalogadas con anteriores inventarios.<\/p>\n<p class=\"v-p\">Los libros incluyen fotograf\u00eda a color de las pinturas \u2014excepto de aquellas, muy pocas, de las que solo queda memoria gr\u00e1fica en blanco y negro\u2014. Una gran parte de ellas permanec\u00edan in\u00e9ditas y se reproducen ahora por primera vez, en particular las que corresponden al primer volumen que ahora se presenta y que se ocupa del periodo menos conocido del artista, antes de que su fama se extendiera por el mundo.<\/p>\n<p class=\"v-p\">Los cuatro vol\u00famenes de este cat\u00e1logo razonado van a contribuir muy eficazmente a extender el conocimiento de la obras de Sorolla y a asentar su ya alt\u00edsimo prestigio internacional, pues se publica en dos idiomas, espa\u00f1ol e ingl\u00e9s, y su distribuci\u00f3n, que tambi\u00e9n acomete Ediciones El Viso, alcanzar\u00e1 a Europa, a Estados Unidos y el resto del mundo.<\/p>\n<p class=\"v-p\">Este primer volumen del cat\u00e1logo razonado de las pinturas de Joaqu\u00edn Sorolla ve la luz gracias al decidido apoyo financiero de la Fundaci\u00f3n Museo Sorolla de Madrid, la KHR McNeely Family Foundation a trav\u00e9s del Custard Institute del Meadows Museum (Southern Methodist University) de Dallas y la Embajada de Espa\u00f1a en los Estados Unidos de Am\u00e9rica.<\/p>\n","protected":false},"excerpt":{"rendered":"D\u00e9cadas de investigaci\u00f3n para agrupar la ingente obra de Joaquin Sorolla. No es f\u00e1cil poner negro sobre blanco&hellip;\n","protected":false},"author":2,"featured_media":269428,"comment_status":"","ping_status":"","sticky":false,"template":"","format":"standard","meta":{"footnotes":""},"categories":[173],"tags":[66319,229,233,231,230,66318,10897,232,234,146,147,25,10506,24,474,471,23],"class_list":{"0":"post-269427","1":"post","2":"type-post","3":"status-publish","4":"format-standard","5":"has-post-thumbnail","7":"category-arte-y-diseno","8":"tag-66319","9":"tag-arte","10":"tag-arte-y-diseno","11":"tag-arts","12":"tag-arts-and-design","13":"tag-atrapar","14":"tag-desafio","15":"tag-design","16":"tag-diseno","17":"tag-entertainment","18":"tag-entretenimiento","19":"tag-es","20":"tag-esencia","21":"tag-espana","22":"tag-obras","23":"tag-sorolla","24":"tag-spain"},"share_on_mastodon":{"url":"https:\/\/pubeurope.com\/@es\/115657047121910144","error":""},"_links":{"self":[{"href":"https:\/\/www.europesays.com\/es\/wp-json\/wp\/v2\/posts\/269427","targetHints":{"allow":["GET"]}}],"collection":[{"href":"https:\/\/www.europesays.com\/es\/wp-json\/wp\/v2\/posts"}],"about":[{"href":"https:\/\/www.europesays.com\/es\/wp-json\/wp\/v2\/types\/post"}],"author":[{"embeddable":true,"href":"https:\/\/www.europesays.com\/es\/wp-json\/wp\/v2\/users\/2"}],"replies":[{"embeddable":true,"href":"https:\/\/www.europesays.com\/es\/wp-json\/wp\/v2\/comments?post=269427"}],"version-history":[{"count":0,"href":"https:\/\/www.europesays.com\/es\/wp-json\/wp\/v2\/posts\/269427\/revisions"}],"wp:featuredmedia":[{"embeddable":true,"href":"https:\/\/www.europesays.com\/es\/wp-json\/wp\/v2\/media\/269428"}],"wp:attachment":[{"href":"https:\/\/www.europesays.com\/es\/wp-json\/wp\/v2\/media?parent=269427"}],"wp:term":[{"taxonomy":"category","embeddable":true,"href":"https:\/\/www.europesays.com\/es\/wp-json\/wp\/v2\/categories?post=269427"},{"taxonomy":"post_tag","embeddable":true,"href":"https:\/\/www.europesays.com\/es\/wp-json\/wp\/v2\/tags?post=269427"}],"curies":[{"name":"wp","href":"https:\/\/api.w.org\/{rel}","templated":true}]}}