{"id":269429,"date":"2025-12-03T18:28:14","date_gmt":"2025-12-03T18:28:14","guid":{"rendered":"https:\/\/www.europesays.com\/es\/269429\/"},"modified":"2025-12-03T18:28:14","modified_gmt":"2025-12-03T18:28:14","slug":"mediaset-prepara-un-contradocumental-de-rocio-flores-tras-eliminar-las-series-de-rocio-carrasco","status":"publish","type":"post","link":"https:\/\/www.europesays.com\/es\/269429\/","title":{"rendered":"Mediaset prepara un contradocumental de Roc\u00edo Flores tras eliminar las series de Roc\u00edo Carrasco"},"content":{"rendered":"<p>La condena a <a href=\"https:\/\/www.formulatv.com\/personas\/oscar-cornejo\/\" rel=\"nofollow noopener\" target=\"_blank\">\u00d3scar Cornejo<\/a> y <a href=\"https:\/\/www.formulatv.com\/personas\/adrian-madrid\/\" rel=\"nofollow noopener\" target=\"_blank\">Adri\u00e1n Madrid<\/a> por revelaci\u00f3n de secretos no ha pasado desapercibida en Mediaset Espa\u00f1a. <b>El triunfo judicial de <a href=\"https:\/\/www.formulatv.com\/personas\/rocio-flores\/\" rel=\"nofollow noopener\" target=\"_blank\">Roc\u00edo Flores<\/a> frente a los fundadores de La F\u00e1brica de la Tele sali\u00f3 a la luz el 27 de noviembre<\/b> y, apenas un d\u00eda despu\u00e9s, &#8216;<a href=\"https:\/\/www.formulatv.com\/programas\/informativos-telecinco-15-00\/\" rel=\"nofollow noopener\" target=\"_blank\">Informativos Telecinco<\/a>&#8216; se hizo eco de esa resoluci\u00f3n de la Audiencia Provincial de Madrid, que impon\u00eda una condena de dos a\u00f1os de prisi\u00f3n, otros dos a\u00f1os de inhabilitaci\u00f3n y el pago de una indemnizaci\u00f3n de 200.000 euros a Flores por haber difundido <b>informaci\u00f3n protegida de un proceso judicial<\/b> al que fue sometida siendo menor de edad.<\/p>\n<p>A su vez, Mediaset tambi\u00e9n forma parte de esa condena, ya que, dentro del marco de la responsabilidad civil, <b>tendr\u00eda que responder de manera solidaria y subsidiaria<\/b>. Ante esta situaci\u00f3n, el grupo de comunicaci\u00f3n ha actuado con agilidad tras desvelarse el rev\u00e9s a Cornejo y Madrid y <b>ha optado por eliminar por completo las docuseries &#8216;<a href=\"https:\/\/www.formulatv.com\/programas\/rocio-contar-la-verdad-para-seguir-viva\/\" rel=\"nofollow noopener\" target=\"_blank\">Roc\u00edo, contar la verdad para seguir viva<\/a>&#8216; y &#8216;<a href=\"https:\/\/www.formulatv.com\/programas\/en-el-nombre-de-rocio\/\" rel=\"nofollow noopener\" target=\"_blank\">En el nombre de Roc\u00edo<\/a>&#8216;<\/b>, que fueron emitidas en 2021 y 2022 en Telecinco, y que, hasta hace unas horas, estaban disponibles en la plataforma de streaming Mediaset Infinity. <\/p>\n<p><img loading=\"lazy\" class=\"stpi\" alt=\"Roc\u00edo Flores en '\u00a1De viernes!'\" src=\"https:\/\/www.europesays.com\/es\/wp-content\/uploads\/2025\/12\/1_I3P08zevtq6gURLmFcBJHkas4W9ox125E.jpg\" width=\"2000\" height=\"1200\"   decoding=\"async\"\/>Roc\u00edo Flores en &#8216;\u00a1De viernes!&#8217;<\/p>\n<p>A esa medida se podr\u00eda sumar otro movimiento que podr\u00eda despertar una pol\u00e9mica a\u00fan mayor, puesto que, como <a target=\"_blank\" href=\"https:\/\/www.larazon.es\/gente\/tv\/mediaset-fulmina-rocio-carrasco-prepara-contradocumental-rocio-flores_20251202692f21376e5e5012dcd7b5be.html\" rel=\"nofollow noopener\">adelanta<\/a> La Raz\u00f3n, <b>Mediaset estar\u00eda negociando con Roc\u00edo Flores el desarrollo de un documental<\/b> que servir\u00eda de respuesta directa a los testimonios de <a href=\"https:\/\/www.formulatv.com\/personas\/rocio-carrasco\/\" rel=\"nofollow noopener\" target=\"_blank\">Roc\u00edo Carrasco<\/a>. No obstante, esta producci\u00f3n no estar\u00eda cerrada todav\u00eda, aunque la intenci\u00f3n del grupo ser\u00eda atraer a la joven con <b>un formato equiparable al encabezado por su madre<\/b> en su momento.<\/p>\n<p>Seg\u00fan el citado medio, el potencial documental no contar\u00eda con la participaci\u00f3n destacada de Antonio David Flores, ya que se centrar\u00eda exclusivamente en el punto de vista de Roc\u00edo Flores. Sin embargo, cualquier avance en firme con respecto al proyecto <b>estar\u00eda paralizado hasta que exista una sentencia firme<\/b>, debido a que la intenci\u00f3n de Madrid y Cornejo es recurrir al Tribunal Supremo.<img loading=\"lazy\" class=\"stpi\" alt=\"Roc\u00edo Carrasco en 'Roc\u00edo, contar la verdad para seguir viva'\" src=\"https:\/\/www.europesays.com\/es\/wp-content\/uploads\/2025\/12\/2_I3P08zevtq6gURLmFcBJHkas4W9ox125E.jpg\" width=\"2000\" height=\"1200\"   decoding=\"async\"\/>Roc\u00edo Carrasco en &#8216;Roc\u00edo, contar la verdad para seguir viva&#8217;La reacci\u00f3n de los condenados<\/p>\n<p>Al conocer la sentencia, Cornejo y Madrid se mostraron \u00abtranquilos y convencidos de su inocencia\u00bb. \u00abAmbos mantienen, como defendieron durante el juicio, que <b>los hechos no constituyen un delito de revelaci\u00f3n de secretos<\/b>. Recuerdan, adem\u00e1s, que el Juzgado de Instrucci\u00f3n n\u00ba 38 de Madrid archiv\u00f3 inicialmente la causa y que otros procedimientos similares contra distintos medios tambi\u00e9n fueron archivados. <b>Conf\u00edan plenamente en que la Justicia acabar\u00e1 d\u00e1ndoles la raz\u00f3n<\/b>\u00ab, rezaba el comunicado que emitieron. Mientras tanto, su antiguo hogar, Mediaset, estar\u00eda planeando un reencuentro con Flores tras sus apariciones en &#8216;<a href=\"https:\/\/www.formulatv.com\/programas\/de-viernes\/\" rel=\"nofollow noopener\" target=\"_blank\">\u00a1De viernes!<\/a>&#8216; en septiembre.<\/p>\n","protected":false},"excerpt":{"rendered":"La condena a \u00d3scar Cornejo y Adri\u00e1n Madrid por revelaci\u00f3n de secretos no ha pasado desapercibida en Mediaset&hellip;\n","protected":false},"author":2,"featured_media":269430,"comment_status":"","ping_status":"","sticky":false,"template":"","format":"standard","meta":{"footnotes":""},"categories":[171],"tags":[146,147,25,24,23,214],"class_list":{"0":"post-269429","1":"post","2":"type-post","3":"status-publish","4":"format-standard","5":"has-post-thumbnail","7":"category-tv","8":"tag-entertainment","9":"tag-entretenimiento","10":"tag-es","11":"tag-espana","12":"tag-spain","13":"tag-tv"},"share_on_mastodon":{"url":"https:\/\/pubeurope.com\/@es\/115657055796043214","error":""},"_links":{"self":[{"href":"https:\/\/www.europesays.com\/es\/wp-json\/wp\/v2\/posts\/269429","targetHints":{"allow":["GET"]}}],"collection":[{"href":"https:\/\/www.europesays.com\/es\/wp-json\/wp\/v2\/posts"}],"about":[{"href":"https:\/\/www.europesays.com\/es\/wp-json\/wp\/v2\/types\/post"}],"author":[{"embeddable":true,"href":"https:\/\/www.europesays.com\/es\/wp-json\/wp\/v2\/users\/2"}],"replies":[{"embeddable":true,"href":"https:\/\/www.europesays.com\/es\/wp-json\/wp\/v2\/comments?post=269429"}],"version-history":[{"count":0,"href":"https:\/\/www.europesays.com\/es\/wp-json\/wp\/v2\/posts\/269429\/revisions"}],"wp:featuredmedia":[{"embeddable":true,"href":"https:\/\/www.europesays.com\/es\/wp-json\/wp\/v2\/media\/269430"}],"wp:attachment":[{"href":"https:\/\/www.europesays.com\/es\/wp-json\/wp\/v2\/media?parent=269429"}],"wp:term":[{"taxonomy":"category","embeddable":true,"href":"https:\/\/www.europesays.com\/es\/wp-json\/wp\/v2\/categories?post=269429"},{"taxonomy":"post_tag","embeddable":true,"href":"https:\/\/www.europesays.com\/es\/wp-json\/wp\/v2\/tags?post=269429"}],"curies":[{"name":"wp","href":"https:\/\/api.w.org\/{rel}","templated":true}]}}