{"id":269431,"date":"2025-12-03T18:29:14","date_gmt":"2025-12-03T18:29:14","guid":{"rendered":"https:\/\/www.europesays.com\/es\/269431\/"},"modified":"2025-12-03T18:29:14","modified_gmt":"2025-12-03T18:29:14","slug":"megadeth-anuncia-las-primeras-fechas-europeas-para-2026-adivinas-donde-tocaran-en-espana-metalegun","status":"publish","type":"post","link":"https:\/\/www.europesays.com\/es\/269431\/","title":{"rendered":"MEGADETH anuncia las primeras fechas europeas para 2026\u2026 \u00bfAdivinas donde tocar\u00e1n en Espa\u00f1a? \u2013 METALEGUN"},"content":{"rendered":"<p><strong>Megadeth<\/strong> regresa a Europa en el verano de 2026 con seis conciertos principales, y los miembros de Cyber ??Army tendr\u00e1n acceso prioritario.<\/p>\n<p>Por las fechas en que estar\u00e1n por Europa.. \u00bfYa adivin\u00e1is en que festivales van a estar en Espa\u00f1a en 2026?\u2026<\/p>\n<p>07 de junio | Gelsenkirchen, Alemania \u2013 Preventa disponible<br \/>11 de junio | Esch-sur-Alzette, Luxemburgo \u2013 Preventa disponible<br \/>15 de junio | Z\u00farich, Suiza \u2013 Preventa disponible<br \/>16 de junio | Viena, Austria Preventa \u2013 Preventa disponible<br \/>23 de junio | Estambul, Turqu\u00eda \u2013 Preventa disponible<br \/>28 de junio | Almaty, Kazajist\u00e1n \u2013 No hay preventa de Cyber ??Army<\/p>\n<p>Los paquetes VIP tambi\u00e9n estar\u00e1n a la venta durante la preventa, incluyendo paquetes de sesi\u00f3n fotogr\u00e1fica, Meet &amp; Greets, acceso anticipado y m\u00e1s, <a href=\"https:\/\/www.megadeth.com\/pages\/tour?_kx=cbm7_cRIs2AKlnxQED3f4uVAIfzAPU3-YmgFDkPaF84.MYh3AH\" rel=\"nofollow noopener\" target=\"_blank\">AQU\u00cd<\/a>.<\/p>\n<p><img loading=\"lazy\" decoding=\"async\" class=\"aligncenter wp-image-50998\" src=\"https:\/\/www.europesays.com\/es\/wp-content\/uploads\/2025\/12\/megadeth-europa-2026.jpeg\" alt=\"\" width=\"450\" height=\"563\"  \/><\/p>\n","protected":false},"excerpt":{"rendered":"Megadeth regresa a Europa en el verano de 2026 con seis conciertos principales, y los miembros de Cyber&hellip;\n","protected":false},"author":2,"featured_media":269432,"comment_status":"","ping_status":"","sticky":false,"template":"","format":"standard","meta":{"footnotes":""},"categories":[170],"tags":[146,147,25,24,184,185,23],"class_list":{"0":"post-269431","1":"post","2":"type-post","3":"status-publish","4":"format-standard","5":"has-post-thumbnail","7":"category-musica","8":"tag-entertainment","9":"tag-entretenimiento","10":"tag-es","11":"tag-espana","12":"tag-music","13":"tag-musica","14":"tag-spain"},"share_on_mastodon":{"url":"https:\/\/pubeurope.com\/@es\/115657059133936474","error":""},"_links":{"self":[{"href":"https:\/\/www.europesays.com\/es\/wp-json\/wp\/v2\/posts\/269431","targetHints":{"allow":["GET"]}}],"collection":[{"href":"https:\/\/www.europesays.com\/es\/wp-json\/wp\/v2\/posts"}],"about":[{"href":"https:\/\/www.europesays.com\/es\/wp-json\/wp\/v2\/types\/post"}],"author":[{"embeddable":true,"href":"https:\/\/www.europesays.com\/es\/wp-json\/wp\/v2\/users\/2"}],"replies":[{"embeddable":true,"href":"https:\/\/www.europesays.com\/es\/wp-json\/wp\/v2\/comments?post=269431"}],"version-history":[{"count":0,"href":"https:\/\/www.europesays.com\/es\/wp-json\/wp\/v2\/posts\/269431\/revisions"}],"wp:featuredmedia":[{"embeddable":true,"href":"https:\/\/www.europesays.com\/es\/wp-json\/wp\/v2\/media\/269432"}],"wp:attachment":[{"href":"https:\/\/www.europesays.com\/es\/wp-json\/wp\/v2\/media?parent=269431"}],"wp:term":[{"taxonomy":"category","embeddable":true,"href":"https:\/\/www.europesays.com\/es\/wp-json\/wp\/v2\/categories?post=269431"},{"taxonomy":"post_tag","embeddable":true,"href":"https:\/\/www.europesays.com\/es\/wp-json\/wp\/v2\/tags?post=269431"}],"curies":[{"name":"wp","href":"https:\/\/api.w.org\/{rel}","templated":true}]}}