{"id":269466,"date":"2025-12-03T18:56:10","date_gmt":"2025-12-03T18:56:10","guid":{"rendered":"https:\/\/www.europesays.com\/es\/269466\/"},"modified":"2025-12-03T18:56:10","modified_gmt":"2025-12-03T18:56:10","slug":"los-inmunologos-reafirman-la-seguridad-y-eficacia-de-las-vacunas-antigripales-para-2025","status":"publish","type":"post","link":"https:\/\/www.europesays.com\/es\/269466\/","title":{"rendered":"Los inmun\u00f3logos reafirman la seguridad y eficacia de las vacunas antigripales para 2025"},"content":{"rendered":"<p>La <strong>Sociedad Espa\u00f1ola de <a href=\"https:\/\/diariofarma.com\/tag\/inmunologia?utm_source=diariofarma&amp;utm_medium=web&amp;utm_campaign=smartlink\" rel=\"nofollow noopener\" target=\"_blank\">Inmunolog\u00eda<\/a><\/strong> (SEI) ha publicado un comunicado en el que se reafirman en que la mejor protecci\u00f3n frente a las complicaciones graves de la <a href=\"https:\/\/diariofarma.com\/tag\/gripe?utm_source=diariofarma&amp;utm_medium=web&amp;utm_campaign=smartlink\" rel=\"nofollow noopener\" target=\"_blank\">gripe<\/a> es la vacunaci\u00f3n.<\/p>\n<p>El Comit\u00e9 de Expertos en <a href=\"https:\/\/diariofarma.com\/tag\/vacunas?utm_source=diariofarma&amp;utm_medium=web&amp;utm_campaign=smartlink\" rel=\"nofollow noopener\" target=\"_blank\">Vacunas<\/a> de la Sociedad Espa\u00f1ola de Inmunolog\u00eda ha realizado un an\u00e1lisis de <a href=\"https:\/\/diariofarma.com\/tag\/seguridad?utm_source=diariofarma&amp;utm_medium=web&amp;utm_campaign=smartlink\" rel=\"nofollow noopener\" target=\"_blank\">seguridad<\/a> y <a href=\"https:\/\/diariofarma.com\/tag\/eficacia?utm_source=diariofarma&amp;utm_medium=web&amp;utm_campaign=smartlink\" rel=\"nofollow noopener\" target=\"_blank\">eficacia<\/a> de las vacunas antigripales para la temporada 2025, en un contexto marcado por la reemergencia del subtipo A(H3N2) y la detecci\u00f3n del subclado H3N2-K. A pesar de estos cambios, el Comit\u00e9 de Expertos en Vacunas subray\u00f3 que <strong>las vacunas disponibles mantienen un excelente perfil de seguridad<\/strong> y una eficacia s\u00f3lida frente a las formas graves de la enfermedad.<\/p>\n<p>En el documento se recuerda que la vacunaci\u00f3n antigripal anual constituye una intervenci\u00f3n preventiva ampliamente avalada. Seg\u00fan la SEI, la inmunizaci\u00f3n reduce de forma notable el riesgo de hospitalizaci\u00f3n, complicaciones graves y <a href=\"https:\/\/diariofarma.com\/tag\/mortalidad?utm_source=diariofarma&amp;utm_medium=web&amp;utm_campaign=smartlink\" rel=\"nofollow noopener\" target=\"_blank\">mortalidad<\/a>, especialmente en personas mayores, <a href=\"https:\/\/diariofarma.com\/tag\/pacientes?utm_source=diariofarma&amp;utm_medium=web&amp;utm_campaign=smartlink\" rel=\"nofollow noopener\" target=\"_blank\">pacientes<\/a> cr\u00f3nicos, inmunodeprimidos y embarazadas. En este sentido, la instituci\u00f3n remarc\u00f3 que \u201c<strong>las vacunas contra la gripe en 2025 son seguras, eficaces y reducen significativamente la carga cl\u00ednica y social de la gripe<\/strong>\u201d, un mensaje que la entidad considera prioritario trasladar a la poblaci\u00f3n vulnerable.<\/p>\n<p>Uno de los aspectos de mayor inter\u00e9s de la temporada es la evoluci\u00f3n del virus. La SEI detall\u00f3 que el subtipo A(H3N2) vuelve a circular de manera predominante y que ha emergido un subclado, denominado H3N2-K, que presenta mutaciones en la hemaglutinina capaces de reducir parcialmente la neutralizaci\u00f3n por anticuerpos. Sin embargo, el an\u00e1lisis inmunol\u00f3gico confirma que <strong>la memoria inmunitaria y la respuesta de linfocitos T permiten conservar la protecci\u00f3n frente a las formas graves<\/strong> de la gripe. De este modo, el Comit\u00e9 destac\u00f3 que, aunque puede producirse cierto escape antig\u00e9nico, el impacto cl\u00ednico se aten\u00faa de forma significativa en personas vacunadas.<\/p>\n<p>La SEI record\u00f3 que las vacunas estacionales no solo inducen anticuerpos neutralizantes, sino tambi\u00e9n respuestas celulares, mediante los linfocitos T, que ampl\u00edan el espectro de protecci\u00f3n frente a variantes del virus. Este componente inmunitario es especialmente relevante cuando las mutaciones del virus dificultan la acci\u00f3n de los anticuerpos. En este sentid, la SEI incidi\u00f3 en la necesidad de mantener la vacunaci\u00f3n anual, dado que la inmunidad disminuye con el tiempo y el virus contin\u00faa su evoluci\u00f3n constante.<\/p>\n<p><strong>Seguridad elevada en todas las poblaciones<\/strong><\/p>\n<p>Los inmun\u00f3logos a\u00f1adieron que los datos disponibles consolidan el perfil de seguridad de estas vacunas. En su an\u00e1lisis, afirm\u00f3 que los eventos adversos graves son muy poco frecuentes y que la evidencia actual muestra una seguridad alta en todos los grupos poblacionales. Adem\u00e1s, las vacunas contribuyen de forma decisiva a reducir estancias hospitalarias y a disminuir el riesgo de neumon\u00eda, ingreso en UCI, ventilaci\u00f3n mec\u00e1nica y muerte, seg\u00fan estudios recientes citados en la nota.<\/p>\n<p>En este \u00e1mbito, la SEI reiter\u00f3 que \u201c<strong>la vacunaci\u00f3n masiva favorece la inmunidad de grupo, reduciendo contagios, hospitalizaciones y muertes<\/strong>\u201d, una conclusi\u00f3n que enlaza con las recomendaciones dirigidas tanto a personas vulnerables como a profesionales sanitarios y sociosanitarios.<\/p>\n<p><strong>Refuerzo del mensaje a la poblaci\u00f3n<\/strong><\/p>\n<p>El Comit\u00e9 insisti\u00f3 en que todas las personas incluidas en los grupos de riesgo deber\u00edan recibir la vacuna cuanto antes, dado que sigue siendo la herramienta m\u00e1s eficaz para proteger la salud individual y colectiva. Aunque la temporada gripal avanza, la instituci\u00f3n recalc\u00f3 que \u201c<strong>no es tarde para vacunarse<\/strong>\u201d, ya que incluso durante la fase epid\u00e9mica la inmunizaci\u00f3n contribuye a disminuir contagios y complicaciones.<\/p>\n<p>Adem\u00e1s, la nota subray\u00f3 la importancia de estimular la vacunaci\u00f3n en ni\u00f1os peque\u00f1os, un colectivo que desempe\u00f1a un papel relevante en la propagaci\u00f3n del virus. Asimismo, record\u00f3 la conveniencia de que los profesionales sanitarios reciban la vacuna, tanto para protegerse como para evitar la transmisi\u00f3n a pacientes especialmente fr\u00e1giles.<\/p>\n","protected":false},"excerpt":{"rendered":"La Sociedad Espa\u00f1ola de Inmunolog\u00eda (SEI) ha publicado un comunicado en el que se reafirman en que la&hellip;\n","protected":false},"author":2,"featured_media":269467,"comment_status":"","ping_status":"","sticky":false,"template":"","format":"standard","meta":{"footnotes":""},"categories":[92],"tags":[1082,25,24,7749,165,3612,11238,33127,597,166,585,66321,23,1454],"class_list":{"0":"post-269466","1":"post","2":"type-post","3":"status-publish","4":"format-standard","5":"has-post-thumbnail","7":"category-salud","8":"tag-eficacia","9":"tag-es","10":"tag-espana","11":"tag-gripe","12":"tag-health","13":"tag-inmunologia","14":"tag-mortalidad","15":"tag-neumologia","16":"tag-prevencion","17":"tag-salud","18":"tag-seguridad","19":"tag-sociedad-espanola-de-inmunologia-sei","20":"tag-spain","21":"tag-vacunas"},"share_on_mastodon":{"url":"https:\/\/pubeurope.com\/@es\/115657165214798349","error":""},"_links":{"self":[{"href":"https:\/\/www.europesays.com\/es\/wp-json\/wp\/v2\/posts\/269466","targetHints":{"allow":["GET"]}}],"collection":[{"href":"https:\/\/www.europesays.com\/es\/wp-json\/wp\/v2\/posts"}],"about":[{"href":"https:\/\/www.europesays.com\/es\/wp-json\/wp\/v2\/types\/post"}],"author":[{"embeddable":true,"href":"https:\/\/www.europesays.com\/es\/wp-json\/wp\/v2\/users\/2"}],"replies":[{"embeddable":true,"href":"https:\/\/www.europesays.com\/es\/wp-json\/wp\/v2\/comments?post=269466"}],"version-history":[{"count":0,"href":"https:\/\/www.europesays.com\/es\/wp-json\/wp\/v2\/posts\/269466\/revisions"}],"wp:featuredmedia":[{"embeddable":true,"href":"https:\/\/www.europesays.com\/es\/wp-json\/wp\/v2\/media\/269467"}],"wp:attachment":[{"href":"https:\/\/www.europesays.com\/es\/wp-json\/wp\/v2\/media?parent=269466"}],"wp:term":[{"taxonomy":"category","embeddable":true,"href":"https:\/\/www.europesays.com\/es\/wp-json\/wp\/v2\/categories?post=269466"},{"taxonomy":"post_tag","embeddable":true,"href":"https:\/\/www.europesays.com\/es\/wp-json\/wp\/v2\/tags?post=269466"}],"curies":[{"name":"wp","href":"https:\/\/api.w.org\/{rel}","templated":true}]}}