{"id":269502,"date":"2025-12-03T19:22:12","date_gmt":"2025-12-03T19:22:12","guid":{"rendered":"https:\/\/www.europesays.com\/es\/269502\/"},"modified":"2025-12-03T19:22:12","modified_gmt":"2025-12-03T19:22:12","slug":"europa-habia-elegido-al-coche-electrico-como-unica-solucion-de-futuro-alemania-esta-a-punto-de-tumbarlo","status":"publish","type":"post","link":"https:\/\/www.europesays.com\/es\/269502\/","title":{"rendered":"Europa hab\u00eda elegido al coche el\u00e9ctrico como \u00fanica soluci\u00f3n de futuro. Alemania est\u00e1 a punto de tumbarlo"},"content":{"rendered":"<p>No hay confirmaci\u00f3n oficial. Deber\u00eda llegar el pr\u00f3ximo 10 de diciembre pero ya hay un primer aviso de que es posible que la comunicaci\u00f3n se retrase a enero de 2026. \u00abPor buenos motivos\u00bb, nos aseguran los responsables pol\u00edticos. Los mismos responsables que ya adelantan las l\u00edneas maestras que seguir\u00e1 la revisi\u00f3n de los objetivos a 2035: permitir que los coches con motores de combusti\u00f3n sigan vivos.\u00a0<\/p>\n<p><strong>Un adelanto<\/strong>. Es el que ha dado Apostolos Tzitzikostas, Comisario Europeo de Transporte, al diario alem\u00e1n <a rel=\"noopener, noreferrer nofollow\" href=\"https:\/\/www.handelsblatt.com\/politik\/international\/exklusiv-weihnachtsgeschenk-fuer-industrie-eu-kippt-verbrenner-aus\/100179847.html\" target=\"_blank\">Handelsblatt<\/a>. Como casi todo en esta vida, ni el tiempo ni el lugar escogido es casual. En dicha entrevista, el responsable europeo se\u00f1ala que en la Comisi\u00f3n Europea \u00abestamos abiertos a todas las tecnolog\u00edas\u00bb, lo que ya deja entrever que esa prohibici\u00f3n a vender motores de combusti\u00f3n en 2035 est\u00e1 cerca de caer.\u00a0<\/p>\n<p>A falta de conocer todos los detalles concretos y oficiales, lo que s\u00ed adelanta es que se tendr\u00e1 en cuenta \u00abel papel de los combustibles sin emisiones (los conocidos como efuels) y con bajas emisiones y los biocombustibles avanzados\u00bb. Y aqu\u00ed es donde surgen algunas dudas.\u00a0<\/p>\n<p> \u00bfPor qu\u00e9 un coche el\u00e9ctrico tiene menos autonom\u00eda que la que anuncian<\/p>\n<p>    <a href=\"https:\/\/www.xataka.com\/movilidad\/britanicos-se-saltaban-impuesto-combustible-al-pasarse-a-coche-electrico-solucion-gobierno-crear-otro-impuesto\" class=\"pivot-outboundlink\" data-vars-post-title=\"Los brit\u00e1nicos se saltaban el impuesto sobre el combustible al pasarse a un coche el\u00e9ctrico. La soluci\u00f3n del Gobierno: crear otro impuesto \" rel=\"nofollow noopener\" target=\"_blank\"><br \/>\n     <img loading=\"lazy\" decoding=\"async\" alt=\"Los brit\u00e1nicos se saltaban el impuesto sobre el combustible al pasarse a un coche el\u00e9ctrico. La soluci\u00f3n del Gobierno: crear otro impuesto \" width=\"375\" height=\"142\" src=\"https:\/\/www.europesays.com\/es\/wp-content\/uploads\/2025\/12\/1764771071_41_375_142.jpeg\"\/><br \/>\n    <\/a><\/p>\n<p><strong>\u00bfSin emisiones?<\/strong> Lo que la Uni\u00f3n Europea tiene que resolver es hasta qu\u00e9 punto est\u00e1 dispuesta a abrir la mano. Los <a class=\"text-outboundlink\" href=\"https:\/\/www.xataka.com\/energia\/que-e-diesel-prometedor-combustible-sintetico-basado-agua-aire-compatible-motores-convencionales-1\" data-vars-post-title=\"Qu\u00e9 es el e-di\u00e9sel: el prometedor combustible sint\u00e9tico basado en &quot;agua y aire&quot; compatible con los motores convencionales\" data-vars-post-url=\"https:\/\/www.xataka.com\/energia\/que-e-diesel-prometedor-combustible-sintetico-basado-agua-aire-compatible-motores-convencionales-1\" rel=\"nofollow noopener\" target=\"_blank\">efuels o combustibles sint\u00e9ticos<\/a> se han vendido como una soluci\u00f3n alternativa porque, se supone, que no generan emisiones de CO2. Cuando el coche quema dicho combustible s\u00ed genera estas emisiones pero son neutros porque en la producci\u00f3n de \u00e9stos se atrapa la misma o mayor cantidad de CO2.\u00a0<\/p>\n<p>La Uni\u00f3n Europea ya abri\u00f3 la puerta a esta posibilidad <a class=\"text-outboundlink\" href=\"https:\/\/www.xataka.com\/movilidad\/hemos-llegado-a-acuerdo-efuel-fumata-blanca-ue-alemania-fin-coches-combustion\" data-vars-post-title=\"&quot;Hemos llegado a un acuerdo sobre el efuel&quot;: fumata blanca de la UE y Alemania para el fin de los coches de combusti\u00f3n \" data-vars-post-url=\"https:\/\/www.xataka.com\/movilidad\/hemos-llegado-a-acuerdo-efuel-fumata-blanca-ue-alemania-fin-coches-combustion\" rel=\"nofollow noopener\" target=\"_blank\">cambiando la redacci\u00f3n de la prohibici\u00f3n<\/a>. Se pas\u00f3 de hablar de prohibir los motores de combusti\u00f3n que produjeran emisiones a motores de combusti\u00f3n que no fueran neutros en carbono. La diferencia es sutil pero clave porque con la quema de cualquier combustible <a class=\"text-outboundlink\" href=\"https:\/\/www.xataka.com\/movilidad\/toyota-esta-empenada-convertir-hidrogeno-nueva-gasolina-se-ha-inventado-solucion-inesperada\" data-vars-post-title=\"Toyota est\u00e1 empe\u00f1ada en convertir el hidr\u00f3geno en la nueva gasolina. Y se ha inventado la soluci\u00f3n m\u00e1s inesperada \" data-vars-post-url=\"https:\/\/www.xataka.com\/movilidad\/toyota-esta-empenada-convertir-hidrogeno-nueva-gasolina-se-ha-inventado-solucion-inesperada\" rel=\"nofollow noopener\" target=\"_blank\">(incluso hidr\u00f3geno)<\/a> se producen emisiones contaminantes m\u00e1s all\u00e1 del CO2 como <a rel=\"noopener, noreferrer nofollow\" href=\"https:\/\/www.miteco.gob.es\/es\/calidad-y-evaluacion-ambiental\/temas\/atmosfera-y-calidad-del-aire\/glosario-de-terminos\/glosario-contaminantes\/oxidos-nitrogeno.html\" target=\"_blank\">NOx<\/a> o las peligrosas <a rel=\"noopener, noreferrer nofollow\" href=\"https:\/\/ec.europa.eu\/health\/scientific_committees\/opinions_layman\/es\/contaminacion-aire-interior\/glosario\/pqrs\/particulas-finas.htm\" target=\"_blank\">part\u00edculas finas<\/a> que, en ambos casos, son da\u00f1inas para el ser humano.\u00a0<\/p>\n<p>    <a href=\"https:\/\/www.xataka.com\/movilidad\/toyota-queria-hacer-hidrogeno-su-tecnologia-estrella-alternativa-al-coche-electrico-dudan-que-sea-posible\" class=\"pivot-outboundlink\" data-vars-post-title=\"Toyota quer\u00eda hacer del hidr\u00f3geno su tecnolog\u00eda estrella y la alternativa al coche el\u00e9ctrico. Ya dudan de que sea posible \" rel=\"nofollow noopener\" target=\"_blank\"><br \/>\n     <img loading=\"lazy\" decoding=\"async\" alt=\"Toyota quer\u00eda hacer del hidr\u00f3geno su tecnolog\u00eda estrella y la alternativa al coche el\u00e9ctrico. Ya dudan de que sea posible \" width=\"375\" height=\"142\" src=\"https:\/\/www.europesays.com\/es\/wp-content\/uploads\/2025\/12\/1764789731_756_375_142.jpeg\"\/><br \/>\n    <\/a><\/p>\n<p><strong>\u00abBajas emisiones\u00bb<\/strong>. Ahora el Comisario Europeo habla, adem\u00e1s, de \u00abcombustibles de bajas emisiones\u00bb. Queda por saber cu\u00e1les son esas bajas emisiones y en qu\u00e9 cantidades estar\u00e1n permitidas. Y es que la alternativa que se pon\u00eda encima de la mesa era la de permitir la venta de motores de combusti\u00f3n siempre que estuvieran asociados a opciones altamente electrificadas.\u00a0<\/p>\n<p>Esto dar\u00eda lugar, por ejemplo, a los <a class=\"text-outboundlink\" href=\"https:\/\/www.xataka.com\/movilidad\/mazda-quiere-reinventar-coche-electrico-coche-electrico-que-no-todo-electrico-china-han-mejorado-idea\" data-vars-post-title=\"Mazda quiere reinventar el coche el\u00e9ctrico con un coche el\u00e9ctrico que no es del todo el\u00e9ctrico. En China han mejorado la idea \" data-vars-post-url=\"https:\/\/www.xataka.com\/movilidad\/mazda-quiere-reinventar-coche-electrico-coche-electrico-que-no-todo-electrico-china-han-mejorado-idea\" rel=\"nofollow noopener\" target=\"_blank\">el\u00e9ctricos de rango extendido<\/a>. Coches con grandes autonom\u00edas el\u00e9ctricas pero que, en el fondo, son h\u00edbridos enchufables porque cuentan con un dep\u00f3sito de gasolina a modo de uso de emergencia. una de las \u00faltimas propuestas es que el propio coche, mediante software, <a class=\"text-outboundlink\" href=\"https:\/\/www.xataka.com\/movilidad\/alemania-quiere-acabar-timo-hibridos-enchufables-esta-juego-su-industria\" data-vars-post-title=\"Los h\u00edbridos enchufables se han convertido en la trampa preferida para saltarse las ZBE. Ya hay quien propone capar su potencia\" data-vars-post-url=\"https:\/\/www.xataka.com\/movilidad\/alemania-quiere-acabar-timo-hibridos-enchufables-esta-juego-su-industria\" rel=\"nofollow noopener\" target=\"_blank\">cape la potencia<\/a> cuando se haya realizado un n\u00famero concreto de kil\u00f3metros sin recargar el veh\u00edculo.\u00a0<\/p>\n<p>Otra posibilidad viable t\u00e9cnicamente es la de <a class=\"text-outboundlink\" href=\"https:\/\/www.xataka.com\/movilidad\/no-circulas-motor-electrico-te-detengo-coche-euro-7-plantea-reto-para-phev-ciudades\" data-vars-post-title=\"Si no circulas con motor el\u00e9ctrico, te detengo el coche: Euro 7 plantea un reto para los PHEV en las ciudades\" data-vars-post-url=\"https:\/\/www.xataka.com\/movilidad\/no-circulas-motor-electrico-te-detengo-coche-euro-7-plantea-reto-para-phev-ciudades\" rel=\"nofollow noopener\" target=\"_blank\">geovallar las ciudades<\/a>. Es decir, que utilizando el navegador del veh\u00edculo, el coche siempre se mueva en modo completamente el\u00e9ctrico cuando pase por una ciudad o por zonas especialmente sensibles de ella (hospitales, colegios&#8230;). Esta alternativa hace a\u00f1os que la contemplan algunos h\u00edbridos enchufables, <a rel=\"noopener, noreferrer nofollow\" href=\"https:\/\/www.youtube.com\/embed\/Ft5i6j_ltZo\" target=\"_blank\">como los de BMW<\/a>.\u00a0<\/p>\n<p>    <a href=\"https:\/\/www.xataka.com\/movilidad\/2025-hibridos-enchufables-contaminaran-tres-veces-no-magia-cambio-homologacion-que-ataca-a-fabricantes\" class=\"pivot-outboundlink\" data-vars-post-title=\"En 2025 los h\u00edbridos enchufables contaminar\u00e1n tres veces m\u00e1s. No es magia, es el cambio de homologaci\u00f3n que ataca a los fabricantes \" rel=\"nofollow noopener\" target=\"_blank\"><br \/>\n     <img loading=\"lazy\" decoding=\"async\" alt=\"En 2025 los h\u00edbridos enchufables contaminar\u00e1n tres veces m\u00e1s. No es magia, es el cambio de homologaci\u00f3n que ataca a los fabricantes \" width=\"375\" height=\"142\" src=\"https:\/\/www.europesays.com\/es\/wp-content\/uploads\/2025\/12\/1764703634_115_375_142.jpeg\"\/><br \/>\n    <\/a><\/p>\n<p><strong>\u00bfY todo esto por qu\u00e9?<\/strong> Porque, seg\u00fan Tzitzikostas, Europa se est\u00e1 jugando parte de su futuro industrial y econ\u00f3mico. \u201cQueremos mantener nuestros objetivos, pero debemos tener en cuenta todos los \u00faltimos acontecimientos geopol\u00edticos. Debemos procurar no poner en peligro nuestra competitividad y, al mismo tiempo, ayudar a la industria europea a mantener su ventaja tecnol\u00f3gica\u201d, se\u00f1ala en la entrevista.\u00a0<\/p>\n<p>Para llegar a esta conclusi\u00f3n parece que las presiones alemanas han tenido su efecto. \u00abLa carta del canciller Merz ha sido muy bien recibida\u00bb, se\u00f1ala al medio alem\u00e1n. Y es que Alemania lleva tiempo presionando para volver atr\u00e1s frente al \u00abtodo el\u00e9ctrico\u00bb que parec\u00eda decidido para Europa. La industria alemana est\u00e1 enfrentando una de las peores crisis de su historia y se calcula que, en solo los dos \u00faltimos a\u00f1os, <a rel=\"noopener, noreferrer nofollow\" href=\"https:\/\/www.lavozdegalicia.es\/noticia\/economia\/2025\/09\/27\/alemania-pide-comision-europea-suspenda-prohibicion-motor-combustion-partir-2035\/0003_202509G27P29992.htm\" target=\"_blank\">se han perdido unos 55.000 empleos<\/a>.\u00a0<\/p>\n<p><strong>\u00bfCuando ser\u00e1 oficial?<\/strong> La idea es que en diciembre deber\u00edamos haber saber ya qu\u00e9 ser\u00e1 de esta prohibici\u00f3n en 2035. En los \u00faltimos d\u00edas hab\u00eda tomado fuerza la idea de que ser\u00eda el 10 de diciembre cuando la Comisi\u00f3n Europea confirmar\u00eda todos estos detalles pero el responsable de transportes ya ha adelantado que es posible que esta comunicaci\u00f3n se retrase a enero de 2026.\u00a0<\/p>\n<p>Foto |\u00a0<a rel=\"noopener, noreferrer nofollow\" href=\"https:\/\/unsplash.com\/es\/fotos\/puerta-de-coche-azul-y-negra-WC9dRfiBKDM\" target=\"_blank\">Sophie Jonas<\/a> y <a rel=\"noopener, noreferrer nofollow\" href=\"https:\/\/unsplash.com\/es\/fotos\/gente-caminando-al-lado-del-edificio-con-la-bandera-ondeando-de-alemania-en-el-mastil-RHyJdCu9YbU\" target=\"_blank\">Angelo Abear<\/a>\u00a0<\/p>\n<p>En Xataka |\u00a0<a class=\"text-outboundlink\" href=\"https:\/\/www.xataka.com\/movilidad\/gobierno-presenta-plan-auto-plus-para-olvidar-moves-iii-ayudas-directas-a-compra-coches-electricos-dudas-despejar\" data-vars-post-title=\"El Gobierno presenta el Plan Auto Plus para olvidar el MOVES III: ayudas directas a las compra de coches el\u00e9ctricos con dudas por despejar \" data-vars-post-url=\"https:\/\/www.xataka.com\/movilidad\/gobierno-presenta-plan-auto-plus-para-olvidar-moves-iii-ayudas-directas-a-compra-coches-electricos-dudas-despejar\" rel=\"nofollow noopener\" target=\"_blank\">El Gobierno presenta el Plan Auto Plus para olvidar el MOVES III: ayudas directas a las compra de coches el\u00e9ctricos con dudas por despejar<\/a>\u00a0<\/p>\n","protected":false},"excerpt":{"rendered":"No hay confirmaci\u00f3n oficial. Deber\u00eda llegar el pr\u00f3ximo 10 de diciembre pero ya hay un primer aviso de&hellip;\n","protected":false},"author":2,"featured_media":269503,"comment_status":"","ping_status":"","sticky":false,"template":"","format":"standard","meta":{"footnotes":""},"categories":[80],"tags":[82,95,94,25,24,23],"class_list":{"0":"post-269502","1":"post","2":"type-post","3":"status-publish","4":"format-standard","5":"has-post-thumbnail","7":"category-economia","8":"tag-business","9":"tag-economia","10":"tag-economy","11":"tag-es","12":"tag-espana","13":"tag-spain"},"share_on_mastodon":{"url":"https:\/\/pubeurope.com\/@es\/115657267729494643","error":""},"_links":{"self":[{"href":"https:\/\/www.europesays.com\/es\/wp-json\/wp\/v2\/posts\/269502","targetHints":{"allow":["GET"]}}],"collection":[{"href":"https:\/\/www.europesays.com\/es\/wp-json\/wp\/v2\/posts"}],"about":[{"href":"https:\/\/www.europesays.com\/es\/wp-json\/wp\/v2\/types\/post"}],"author":[{"embeddable":true,"href":"https:\/\/www.europesays.com\/es\/wp-json\/wp\/v2\/users\/2"}],"replies":[{"embeddable":true,"href":"https:\/\/www.europesays.com\/es\/wp-json\/wp\/v2\/comments?post=269502"}],"version-history":[{"count":0,"href":"https:\/\/www.europesays.com\/es\/wp-json\/wp\/v2\/posts\/269502\/revisions"}],"wp:featuredmedia":[{"embeddable":true,"href":"https:\/\/www.europesays.com\/es\/wp-json\/wp\/v2\/media\/269503"}],"wp:attachment":[{"href":"https:\/\/www.europesays.com\/es\/wp-json\/wp\/v2\/media?parent=269502"}],"wp:term":[{"taxonomy":"category","embeddable":true,"href":"https:\/\/www.europesays.com\/es\/wp-json\/wp\/v2\/categories?post=269502"},{"taxonomy":"post_tag","embeddable":true,"href":"https:\/\/www.europesays.com\/es\/wp-json\/wp\/v2\/tags?post=269502"}],"curies":[{"name":"wp","href":"https:\/\/api.w.org\/{rel}","templated":true}]}}