{"id":269514,"date":"2025-12-03T19:34:13","date_gmt":"2025-12-03T19:34:13","guid":{"rendered":"https:\/\/www.europesays.com\/es\/269514\/"},"modified":"2025-12-03T19:34:13","modified_gmt":"2025-12-03T19:34:13","slug":"el-sporting-estrena-su-camiseta-vintage-y-estudia-el-debut-de-2-guajes-en-el-11-de-la-copa-televisada-gratis","status":"publish","type":"post","link":"https:\/\/www.europesays.com\/es\/269514\/","title":{"rendered":"El Sporting estrena su camiseta vintage y estudia el debut de 2 guajes en el 11\u00a0de la Copa, televisada gratis"},"content":{"rendered":"<p>\t\t\t\t\t\tNueva eliminatoria rojiblanca<br \/>\n\t\t\t\t\t\t<strong>03 dic 2025<\/strong> . Actualizado a las 19:03 h.\t\t\t\t\t\t<\/p>\n<p class=\"first-paragraph txt\">Regresa la<strong> Copa del Rey<\/strong> para el <a class=\"link-txt\" href=\"https:\/\/www.lavozdeasturias.es\/noticia\/sporting1905\/2025\/12\/03\/directo-real-sporting-gijon-mirandes-copa-rey-horario-partido-televisado-gratis-canal-online-gratuito-gratis\/00031764774304404954188.htm\" rel=\"nofollow noopener\" target=\"_blank\">Real Sporting de Gij\u00f3n<\/a>, que visita desde las <strong>20:00<\/strong> horas al <strong>Mirand\u00e9s<\/strong> en Mendizorroza. Una eliminatoria a vida o muerte televisada por <strong>TPA<\/strong>, en la que Borja Jim\u00e9nez ya ha dejado claro que apostar\u00e1 por la unidad B para dar descanso a su once titular antes de visitar a una Real Sociedad B que s\u00ed tendr\u00e1 descanso intersemanal.<\/p>\n<p class=\"txt\">&#13;<br \/>\n\t\t&#13;<br \/>\n\t\t\t&#13;<br \/>\n\t\t&#13;<br \/>\n\t\t&#13;<br \/>\n\t\t&#13;<br \/>\n\t\t\t\t\t\t\t\t\t\t\t\t&#13;<br \/>\n\t\t\t\t\t\t\t\t&#13;<br \/>\n&#13;<br \/>\n&#13;<\/p>\n<p>\t\t\t&#13;<br \/>\n\t&#13;<\/p>\n<p>\t\t\t<a href=\"https:\/\/www.lavozdeasturias.es\/noticia\/sporting1905\/2025\/12\/03\/directo-real-sporting-gijon-mirandes-copa-rey-horario-partido-televisado-gratis-canal-online-gratuito-gratis\/00031764774304404954188.htm\" data-analytics=\"link-embed\" rel=\"nofollow noopener\" target=\"_blank\">Directo: Mirand\u00e9s &#8211; Sporting, televisado gratis. Eliminatoria de Copa a vida o muerte<\/a><\/p>\n<p class=\"a-min-author\">\n<p>\t\t\t\t\t\t\t\t\t\t\tAlejandro Vigil Mor\u00e1n<\/p>\n<p>\t&#13;<br \/>\n\t&#13;<br \/>\n&#13;<br \/>\n\t\t\t\t&#13;<br \/>\n\t\t\t\t&#13;<br \/>\n\t&#13;<br \/>\n\t\t\t&#13;<br \/>\n\t\t\t&#13;<br \/>\n\t\t&#13;\n<\/p>\n<p class=\"txt\">Ser\u00e1 el estreno de la <strong>camiseta vintage sportinguista<\/strong>, un homenaje a los 120 a\u00f1os de la escuadra asturiana que ya cuenta con el visto bueno de la RFEF, pero no de LaLiga, al no estar todav\u00eda registrada su marca, pese a que la petici\u00f3n se realiz\u00f3 semanas atr\u00e1s. Por consiguiente se podr\u00e1 usar en la Copa del Rey, no en la competici\u00f3n liguera por ahora.<\/p>\n<p class=\"txt\">El listado completo de citados que viajaron a tierras vascas (entrenar\u00e1n 2 d\u00edas en la ciudad deportiva del Eibar) es el siguiente: Y\u00e1\u00f1ez, Guille Rosas, Pablo Garc\u00eda, Perrin, Diego S., Nacho Mart\u00edn, Gaspar, J. Bernal, J. J. Caicedo, Gelabert, Queipo, C. J. S\u00e1nchez, Corredera, Pablo V., O. Cort\u00e9s, Dubasin, Amadou, J. Otero, Kevin V., Loum, Y. Kembo, E. Curbelo, Justin, Iker Mart\u00ednez, Marcos Fdez, Enol Prendes, Alex Diego, Manu R., Ferreres, Mario Ord\u00f3\u00f1ez y <a class=\"link-txt\" href=\"https:\/\/www.lavozdeasturias.es\/noticia\/sporting1905\/2025\/12\/02\/4-guajes-pueden-debutar-sporting-copa-2-edad-juvenil\/00031764689978940692311.htm\" target=\"_blank\" rel=\"nofollow noopener\">Bruno Rubio<\/a>.\u00a0Sin embargo, el cuerpo t\u00e9cnico har\u00e1 varios descartes a \u00faltima hora, as\u00ed como es evidente que no jugar\u00e1n los tocados <strong>Pablo Garc\u00eda, Gaspar Campos, Loum y Dubasin<\/strong>.<\/p>\n<p class=\"txt\">&#13;<br \/>\n\t\t&#13;<br \/>\n\t\t\t&#13;<br \/>\n\t\t&#13;<br \/>\n\t\t&#13;<br \/>\n\t\t&#13;<br \/>\n\t\t\t\t\t\t\t\t\t\t\t\t&#13;<br \/>\n\t\t\t\t\t\t\t\t&#13;<br \/>\n&#13;<br \/>\n&#13;<\/p>\n<p>\t\t\t&#13;<br \/>\n\t&#13;<\/p>\n<p>\t\t\t<a href=\"https:\/\/www.lavozdeasturias.es\/noticia\/sporting1905\/2025\/12\/03\/video-gol-canterano-sporting-jorge-montes-clasificar-getafe-debut-copa\/00031764716469992866673.htm\" data-analytics=\"link-embed\" rel=\"nofollow noopener\" target=\"_blank\">V\u00eddeo: El gol del canterano del Sporting, Jorge Montes, clasifica al Getafe en su debut en Copa<\/a><\/p>\n<p class=\"a-min-author\">\n<p>\t\t\t\t\t\t\t\t\t\t\tAlejandro Vigil Mor\u00e1n<\/p>\n<p>\t&#13;<br \/>\n\t&#13;<br \/>\n&#13;<br \/>\n\t\t\t\t&#13;<br \/>\n\t\t\t\t&#13;<br \/>\n\t&#13;<br \/>\n\t\t\t&#13;<br \/>\n\t\t\t&#13;<br \/>\n\t\t&#13;\n<\/p>\n<p class=\"txt\">Bajo palos regresar\u00e1 <strong>Christian Joel<\/strong> y por delante tendr\u00e1 una defensa de 4 hombres compuesta por <strong>Kevin V\u00e1zquez, Pablo V\u00e1zquez, Kembo y \u00c1lex Diego<\/strong>, que debutar\u00eda a los 17 a\u00f1os con el primer equipo despu\u00e9s de haber sido un habitual de los entrenamientos de Jim\u00e9nez.<\/p>\n<p class=\"txt\">En el mediocampo tendr\u00e1 su oportunidad para ir cogiendo ritmo de juego un <strong>Jes\u00fas Bernal<\/strong> que no es titular desde el 2024. Su pareja de baile ser\u00e1 <strong>Manu Rodr\u00edguez<\/strong>, otro nombre con falta de rodaje, en este caso de adaptaci\u00f3n a la Segunda divisi\u00f3n. Por ahora, el club asturiano no tiene previsto fichar un mediocentro, aunque haya rastreado el mercado, pero de las evoluciones de ambos futbolistas depender\u00e1 esa necesidad.<\/p>\n<p class=\"txt\">En los costados se espera a <strong>Oscar Cort\u00e9s<\/strong>, en la que puede ser su \u00faltima oportunidad de reivindicarse de inicio, precisamente en el \u00faltimo estadio y ante el mismo rival contra el que fue titular. En el flanco contrario podr\u00eda estar <strong>Ferreres<\/strong>, cerrando de ese modo el c\u00edrculo al debutar con el primer equipo del Sporting despu\u00e9s de salir de la Escuela de F\u00fatbol de Mareo por la puerta de atr\u00e1s con destino al Villarreal, y con el paso posterior en el Elche.<\/p>\n<p class=\"txt\">En la delantera se podr\u00eda dar continuidad a la dupla compuesta por <strong>Caicedo y Amadou<\/strong>, tal como se hizo en los minutos finales contra el Andorra. No obstante, aprovechando la nueva letra peque\u00f1a sobre las <a class=\"link-txt\" href=\"https:\/\/www.lavozdeasturias.es\/noticia\/sporting1905\/2025\/12\/02\/afecta-sporting-cambio-norma-alineaciones-indebidas-copa-rey\/00031764702042372371430.htm\" rel=\"nofollow noopener\" target=\"_blank\">alineaciones indebidas<\/a>, que ofrece m\u00e1s seguridad a la hora de<strong> juntar a 4 fichas no profesionales sin riesgos<\/strong>, tampoco es descartable que Marcos pueda empezar el partido en el 11 en lugar del africano.<\/p>\n<p class=\"txt\">&#13;<br \/>\n\t\t&#13;<br \/>\n\t\t\t&#13;<br \/>\n\t\t&#13;<br \/>\n\t\t&#13;<br \/>\n\t\t&#13;<br \/>\n\t\t\t\t\t\t\t\t\t\t\t\t&#13;<br \/>\n\t\t\t\t\t\t\t\t&#13;<br \/>\n&#13;<br \/>\n&#13;<\/p>\n<p>\t\t\t&#13;<br \/>\n\t&#13;<\/p>\n<p>\t\t\t<a href=\"https:\/\/www.lavozdeasturias.es\/noticia\/sporting1905\/2025\/12\/02\/dios-suena-fichar-sporting-ojala-club-vida-llamaria-marcelino-luis-enriquediran-tarado-intentarlo\/00031764705107426949582.htm\" data-analytics=\"link-embed\" rel=\"nofollow noopener\" target=\"_blank\">De Dios sue\u00f1a con fichar por el Sporting: \u00abOjal\u00e1, es el club de mi vida. Llamar\u00eda a Marcelino o Luis Enrique,\u00a0dir\u00e1n que estoy\u00a0tarado,\u00a0pero hay que intentarlo\u00bb<\/a><\/p>\n<p class=\"a-min-author\">\n<p>\t\t\t\t\t\t\t\t\t\t\tDani Souto<\/p>\n<p>\t&#13;<br \/>\n\t&#13;<br \/>\n&#13;<br \/>\n\t\t\t\t&#13;<br \/>\n\t\t\t\t&#13;<br \/>\n\t&#13;<br \/>\n\t\t\t&#13;<br \/>\n\t\t\t&#13;<br \/>\n\t\t&#13;\n<\/p>\n<p class=\"txt\">Posible alineaci\u00f3n: Christian Joel; Kevin V\u00e1zquez, Pablo V\u00e1zquez, Kembo, \u00c1lex Diego; Oscar Cort\u00e9s, Jes\u00fas Bernal, Manu Rodr\u00edguez, Ferreres; Amadou y Jordy Caicedo.<\/p>\n<p class=\"txt\">Tv: TPA. Horario: 20:00 horas. Estadio: Mendizorroza. \u00c1rbitro:\u00a0Carlos Mu\u00f1iz, del Comit\u00e9 Territorial Aragon\u00e9s de \u00c1rbitros de F\u00fatbol. Los asistentes ser\u00e1n Fernando Estela y Brais Garc\u00eda. El cuarto \u00e1rbitro ser\u00e1 el vasco Aimar Velasco.<\/p>\n<p>&#13;<br \/>\n\tArchivado en:&#13;<br \/>\n\t\t\t\t\t<a href=\"https:\/\/www.lavozdeasturias.es\/temas\/sporting-de-gijon\/\" target=\"_blank\" class=\"mg-l\" rel=\"nofollow noopener\">Sporting de Gij\u00f3n<\/a>&#13;<br \/>\n\t&#13;<\/p>\n","protected":false},"excerpt":{"rendered":"Nueva eliminatoria rojiblanca 03 dic 2025 . Actualizado a las 19:03 h. Regresa la Copa del Rey para&hellip;\n","protected":false},"author":2,"featured_media":269515,"comment_status":"","ping_status":"","sticky":false,"template":"","format":"standard","meta":{"footnotes":""},"categories":[268],"tags":[168,25,24,280,282,281,23,4783,167],"class_list":{"0":"post-269514","1":"post","2":"type-post","3":"status-publish","4":"format-standard","5":"has-post-thumbnail","7":"category-futbol","8":"tag-deportes","9":"tag-es","10":"tag-espana","11":"tag-football","12":"tag-futbol","13":"tag-soccer","14":"tag-spain","15":"tag-sporting-de-gijon","16":"tag-sports"},"share_on_mastodon":{"url":"https:\/\/pubeurope.com\/@es\/115657314333022328","error":""},"_links":{"self":[{"href":"https:\/\/www.europesays.com\/es\/wp-json\/wp\/v2\/posts\/269514","targetHints":{"allow":["GET"]}}],"collection":[{"href":"https:\/\/www.europesays.com\/es\/wp-json\/wp\/v2\/posts"}],"about":[{"href":"https:\/\/www.europesays.com\/es\/wp-json\/wp\/v2\/types\/post"}],"author":[{"embeddable":true,"href":"https:\/\/www.europesays.com\/es\/wp-json\/wp\/v2\/users\/2"}],"replies":[{"embeddable":true,"href":"https:\/\/www.europesays.com\/es\/wp-json\/wp\/v2\/comments?post=269514"}],"version-history":[{"count":0,"href":"https:\/\/www.europesays.com\/es\/wp-json\/wp\/v2\/posts\/269514\/revisions"}],"wp:featuredmedia":[{"embeddable":true,"href":"https:\/\/www.europesays.com\/es\/wp-json\/wp\/v2\/media\/269515"}],"wp:attachment":[{"href":"https:\/\/www.europesays.com\/es\/wp-json\/wp\/v2\/media?parent=269514"}],"wp:term":[{"taxonomy":"category","embeddable":true,"href":"https:\/\/www.europesays.com\/es\/wp-json\/wp\/v2\/categories?post=269514"},{"taxonomy":"post_tag","embeddable":true,"href":"https:\/\/www.europesays.com\/es\/wp-json\/wp\/v2\/tags?post=269514"}],"curies":[{"name":"wp","href":"https:\/\/api.w.org\/{rel}","templated":true}]}}