{"id":269516,"date":"2025-12-03T19:38:14","date_gmt":"2025-12-03T19:38:14","guid":{"rendered":"https:\/\/www.europesays.com\/es\/269516\/"},"modified":"2025-12-03T19:38:14","modified_gmt":"2025-12-03T19:38:14","slug":"solo-veis-el-2","status":"publish","type":"post","link":"https:\/\/www.europesays.com\/es\/269516\/","title":{"rendered":"Solo veis el 2 %"},"content":{"rendered":"<p data-gtm-element-container=\"modulo-texto-link\" class=\"paragraph\">&#8216;<strong>Hasta el fin del mundo<\/strong>&#8216;, con <strong>Paula V\u00e1zquez<\/strong>, obtiene el mejor estreno de un concurso-reality en<strong> La 1<\/strong> desde hace m\u00e1s de siete a\u00f1os con un 14,3 % de cuota y lidera la noche de los mi\u00e9rcoles con pleno de victorias. El programa promedia<strong> un 14,3 % de cuota,<\/strong> 871.000 televidentes y casi 3,2 millones de espectadores \u00fanicos en su primer mes en antena. L\u00edder en ambos sexos: en mujeres (16,1 %) y en hombres (12,2 %).<\/p>\n<p data-gtm-element-container=\"modulo-texto-link\" class=\"paragraph\">Y en todos los targets de 13 a 64 a\u00f1os: 16 % en j\u00f3venes de 13 a 24 a\u00f1os;<strong> 19,4 % en 25 a 44 a\u00f1os y 15,4 % en 45 a 64 a\u00f1os.<\/strong> Es segunda opci\u00f3n entre los adultos de 65 a 74 a\u00f1os, con un 11,2 %, a solo una d\u00e9cima del liderazgo, alcanzando el doble d\u00edgito en todos los tramos de edad.<\/p>\n<p>                <img loading=\"lazy\" decoding=\"async\" data-full-src=\"https:\/\/www.mundodeportivo.com\/uploads\/2025\/11\/27\/6928a3a8263be.jpeg\" alt=\"Paula V\u00e1zquez, en 'Hasta el fin del mundo'\" width=\"449\" height=\"253\" src=\"https:\/\/www.europesays.com\/es\/wp-content\/uploads\/2025\/12\/6928a3a8263be.jpeg\" class=\"lazy\"\/><\/p>\n<p class=\"caption-title \">Paula V\u00e1zquez, en &#8216;Hasta el fin del mundo&#8217;<\/p>\n<p>                    RTVE<\/p>\n<p data-gtm-element-container=\"modulo-texto-link\" class=\"paragraph\">Uno de los grandes protagonistas de la edici\u00f3n es Aldo Comas, artista y marido de <strong>Macarena G\u00f3mez<\/strong>. &#8216;Mundo Deportivo&#8217; pudo hablar con este aventurero de &#8216;<strong>Hasta el fin del mundo&#8217;<\/strong> sobre su paso por el programa y su protagonismo. Eso s\u00ed, nada m\u00e1s arrancar la entrevista nos confiesa que \u00ab<strong>fue una maravilla. De las cosas m\u00e1s bonitas que he hecho en mi vida<\/strong>\u00ab.<\/p>\n<p>                <img loading=\"lazy\" decoding=\"async\" data-full-src=\"https:\/\/www.mundodeportivo.com\/uploads\/2025\/11\/12\/6914f8c2aba50.jpeg\" alt=\"Aldo Comas y Jos\u00e9 Lamu\u00f1o, en 'Hasta el fin del mundo'\" width=\"449\" height=\"253\" src=\"https:\/\/www.europesays.com\/es\/wp-content\/uploads\/2025\/11\/6914f8c2aba50.jpeg\" class=\"lazy\"\/><\/p>\n<p class=\"caption-title \">Aldo Comas y Jos\u00e9 Lamu\u00f1o, en &#8216;Hasta el fin del mundo&#8217;<\/p>\n<p>                    RTVE<\/p>\n<p data-gtm-element-container=\"modulo-texto-link\" class=\"paragraph\">Aldo ha contado a &#8216;<strong>Mundo Deportivo<\/strong>&#8216; que \u00abhay un drama porque parece que Jos\u00e9 y yo nos llevamos mal, porque han montado las dos pullitas que tuvimos, pero es que \u00e9ramos &#8216;brothers&#8217;. <strong>En el programa solo veis el 2 %, ya que solo sacan ah\u00ed los momentos de mambo&#8230;<\/strong> Nos hemos llevado muy bien. Nos lo pasamos muy bien\u00bb.<\/p>\n<p>    Lee tambi\u00e9n<\/p>\n<p>            <img decoding=\"async\" alt=\"Aldo Comas habla alto y claro de 'Hasta el fin del mundo' en RTVE: &quot;Solo veis el 2 %&quot;\" heigth=\"3000\" width=\"544\" src=\"https:\/\/www.europesays.com\/es\/wp-content\/uploads\/2025\/11\/692889b3a09c2.jpeg\" class=\"lazy\"\/><\/p>\n<p>                 Video<\/p>\n<p class=\"caption-title video-caption-title \">Aldo Comas habla con &#8216;Mundo Deportivo&#8217; sobre su participaci\u00f3n en &#8216;Hasta el fin del mundo&#8217;<\/p>\n<p>            <video data-source=\"jwplatform\" video-id=\"DRrhcrWW\"\/><\/p>\n<p data-gtm-element-container=\"modulo-texto-link\" class=\"paragraph\">Sobre su car\u00e1cter, Comas ha reconocido que \u00abyo soy muy pesado as\u00ed de primeras. El otro d\u00eda fui &#8216;trending topic&#8217; de &#8216;hate&#8217; (odio), pero causo&#8230; <strong>Me pasa mucho que o caigo muy bien o caigo muy mal, pero una vez me conocen suelo caer muy bien.<\/strong> Me han puesto verde en redes, un viaje es para pas\u00e1rtelo bien tambi\u00e9n. Este programa tambi\u00e9n muestra las diferentes realidades que hay a la hora de hacer un mismo viaje\u00bb.<\/p>\n","protected":false},"excerpt":{"rendered":"&#8216;Hasta el fin del mundo&#8216;, con Paula V\u00e1zquez, obtiene el mejor estreno de un concurso-reality en La 1&hellip;\n","protected":false},"author":2,"featured_media":269517,"comment_status":"","ping_status":"","sticky":false,"template":"","format":"standard","meta":{"footnotes":""},"categories":[171],"tags":[146,147,25,24,23,214],"class_list":{"0":"post-269516","1":"post","2":"type-post","3":"status-publish","4":"format-standard","5":"has-post-thumbnail","7":"category-tv","8":"tag-entertainment","9":"tag-entretenimiento","10":"tag-es","11":"tag-espana","12":"tag-spain","13":"tag-tv"},"share_on_mastodon":{"url":"https:\/\/pubeurope.com\/@es\/115657331258362037","error":""},"_links":{"self":[{"href":"https:\/\/www.europesays.com\/es\/wp-json\/wp\/v2\/posts\/269516","targetHints":{"allow":["GET"]}}],"collection":[{"href":"https:\/\/www.europesays.com\/es\/wp-json\/wp\/v2\/posts"}],"about":[{"href":"https:\/\/www.europesays.com\/es\/wp-json\/wp\/v2\/types\/post"}],"author":[{"embeddable":true,"href":"https:\/\/www.europesays.com\/es\/wp-json\/wp\/v2\/users\/2"}],"replies":[{"embeddable":true,"href":"https:\/\/www.europesays.com\/es\/wp-json\/wp\/v2\/comments?post=269516"}],"version-history":[{"count":0,"href":"https:\/\/www.europesays.com\/es\/wp-json\/wp\/v2\/posts\/269516\/revisions"}],"wp:featuredmedia":[{"embeddable":true,"href":"https:\/\/www.europesays.com\/es\/wp-json\/wp\/v2\/media\/269517"}],"wp:attachment":[{"href":"https:\/\/www.europesays.com\/es\/wp-json\/wp\/v2\/media?parent=269516"}],"wp:term":[{"taxonomy":"category","embeddable":true,"href":"https:\/\/www.europesays.com\/es\/wp-json\/wp\/v2\/categories?post=269516"},{"taxonomy":"post_tag","embeddable":true,"href":"https:\/\/www.europesays.com\/es\/wp-json\/wp\/v2\/tags?post=269516"}],"curies":[{"name":"wp","href":"https:\/\/api.w.org\/{rel}","templated":true}]}}