{"id":269518,"date":"2025-12-03T19:39:10","date_gmt":"2025-12-03T19:39:10","guid":{"rendered":"https:\/\/www.europesays.com\/es\/269518\/"},"modified":"2025-12-03T19:39:10","modified_gmt":"2025-12-03T19:39:10","slug":"libro-de-pantera-video-de-cyhra-nuevo-single-de-against-the-waves","status":"publish","type":"post","link":"https:\/\/www.europesays.com\/es\/269518\/","title":{"rendered":"Libro de PANTERA. V\u00eddeo de CYHRA. Nuevo single de AGAINST THE WAVES."},"content":{"rendered":"<p>\u00a0<\/p>\n<p style=\"text-align: center;\"><strong><a href=\"#PANTERA\">Libro de PANTERA<\/a> \u2013 <a href=\"#CYHRA2\">V\u00eddeo de CYHRA<\/a> \u2013 <a href=\"#WAVES\">Nuevo single de AGAINST THE WAVES<\/a>.<\/strong><\/p>\n<p>Hacia la pr\u00f3xima primavera saldr\u00e1 un nuevo libro dedicado a <a href=\"https:\/\/www.facebook.com\/Pantera\" target=\"_blank\" rel=\"noopener nofollow\"><strong>PANTERA<\/strong><\/a> a trav\u00e9s de Rufus Publications.<\/p>\n<p><img fetchpriority=\"high\" decoding=\"async\" src=\"https:\/\/www.europesays.com\/es\/wp-content\/uploads\/2025\/12\/4.jpg\" alt=\"PANTERA\" width=\"400\" height=\"225\"\/><\/p>\n<p>Es totalmente oficial y ha sido realizado por el fot\u00f3grafo Ross Halfin, quien ha acompa\u00f1ado a la banda en su gira durante los \u00faltimos a\u00f1os.<\/p>\n<p>Adem\u00e1s de la formaci\u00f3n original, tambi\u00e9n incluye fotos de la formaci\u00f3n cl\u00e1sica.<\/p>\n<p>Sale en tama\u00f1o A3 con cubierta dura compuesto por m\u00e1s de 300 p\u00e1ginas dentro de una caja. Est\u00e1 limitado a 666 copias numeradas firmadas por la actual formaci\u00f3n.<\/p>\n<p>La reuni\u00f3n no descarta un <a href=\"https:\/\/www.rafabasa.com\/2024\/07\/02\/pantera-no-descartan-un-disco-en-directo-amon-amarth-en-iberoamerica-nuevo-single-de-swallow-the-sun\/#PANTERA\" target=\"_blank\" rel=\"noopener nofollow\">disco en directo<\/a>.<\/p>\n<p>Rhino sac\u00f3 el 21 de julio de 2023 una caja de <a href=\"https:\/\/pantera.com\/\" target=\"_blank\" rel=\"noopener nofollow\"><strong>PANTERA<\/strong><\/a> limitada a 3.500 copias titulada <a href=\"https:\/\/www.rafabasa.com\/2023\/06\/02\/pantera-hollywood-vampires-steelheart\/#PANTERA\" target=\"_blank\" rel=\"noopener nofollow\">\u201cThe Complete Studio Albums 1990-2000\u201d<\/a>.<\/p>\n<p>\u00a0<\/p>\n<p>\u00a0<\/p>\n<p><a href=\"https:\/\/cyhra.com\/\" target=\"_blank\" rel=\"noopener nofollow\"><strong>CYHRA<\/strong><\/a> han estrenado un v\u00eddeo para su \u00faltimo single \u201cBox With Spirits\u201d.<\/p>\n<p>Sus anteriores singles en este <a href=\"https:\/\/www.rafabasa.com\/2025\/04\/24\/savatage-paul-dianno-cyhra\/#CYHRA\" rel=\"nofollow noopener\" target=\"_blank\">bloque<\/a>.<\/p>\n<p><a href=\"https:\/\/cyhra.com\/\" target=\"_blank\" rel=\"noopener nofollow\"><strong>CYHRA<\/strong><\/a> editaron el 18 de agosto de 2023 a trav\u00e9s de Nuclear Blast su \u00faltimo disco \u00abThe Vertigo Trigger\u00bb.<\/p>\n<p>M\u00e1s detalles en esta <a href=\"https:\/\/www.rafabasa.com\/2023\/06\/10\/accept-ya-piensan-en-su-proximo-disco-nuevo-video-de-ars-amandi-con-zeta-nuevo-album-de-cyhra\/#CYHRA\" target=\"_blank\" rel=\"noopener nofollow\">noticia<\/a> y los adelantos aparecidos en <a href=\"https:\/\/www.rafabasa.com\/2023\/08\/18\/dio-cyhra-the-omnific\/#CYHRA\" target=\"_blank\" rel=\"noopener nofollow\">esta<\/a>.<\/p>\n<p>M\u00e1s detalles en este <a href=\"https:\/\/www.party-san.de\/news\" target=\"_blank\" rel=\"noopener nofollow\">enlace<\/a>.<\/p>\n<p>\u00a0<\/p>\n<p>\u00a0<\/p>\n<p><strong>AGAINST THE WAVES<\/strong> han estrenado su nuevo single \u00abDissolution\u00bb. Pr\u00f3ximamente estrenar\u00e1n un v\u00eddeo para el tema.<\/p>\n<p>El tema ha sido\u00a0mezclado y masterizado por Christoph Wieczorek (ELECTRIC CALLBOY, ANNISOKAY, NOVELISTS) en los estudios Sawdust Recordings.<\/p>\n<p>La banda est\u00e1 ultimando su pr\u00f3ximo trabajo.<\/p>\n<p>M\u00e1s sobre el grupo en esta <a href=\"https:\/\/www.rafabasa.com\/2018\/01\/03\/marilyn-manson-w-e-t-lujuria-against-the-waves-galia-metal-fest\/#AGAINST_THE_WAVES\" rel=\"nofollow noopener\" target=\"_blank\">noticia<\/a>.<\/p>\n<p>\u00a0<\/p>\n<p align=\"center\"><strong>Sigue el\u00a0<a href=\"https:\/\/whatsapp.com\/channel\/0029VaCprxVBA1f555USvT2O\" target=\"_blank\" rel=\"nofollow noopener\">Canal de RAFABASA.COM en WhatsApp<\/a>, donde encontrar\u00e1s todas nuestras novedades al instante<\/strong><\/p>\n<p>\u00a0<\/p>\n<p>\u00a0<\/p>\n<p>\u00a0<\/p>\n","protected":false},"excerpt":{"rendered":"\u00a0 Libro de PANTERA \u2013 V\u00eddeo de CYHRA \u2013 Nuevo single de AGAINST THE WAVES. Hacia la pr\u00f3xima&hellip;\n","protected":false},"author":2,"featured_media":269519,"comment_status":"","ping_status":"","sticky":false,"template":"","format":"standard","meta":{"footnotes":""},"categories":[170],"tags":[66324,61782,146,147,25,24,184,185,480,23],"class_list":{"0":"post-269518","1":"post","2":"type-post","3":"status-publish","4":"format-standard","5":"has-post-thumbnail","7":"category-musica","8":"tag-against-the-waves","9":"tag-cyhra","10":"tag-entertainment","11":"tag-entretenimiento","12":"tag-es","13":"tag-espana","14":"tag-music","15":"tag-musica","16":"tag-pantera","17":"tag-spain"},"share_on_mastodon":{"url":"https:\/\/pubeurope.com\/@es\/115657334516639122","error":""},"_links":{"self":[{"href":"https:\/\/www.europesays.com\/es\/wp-json\/wp\/v2\/posts\/269518","targetHints":{"allow":["GET"]}}],"collection":[{"href":"https:\/\/www.europesays.com\/es\/wp-json\/wp\/v2\/posts"}],"about":[{"href":"https:\/\/www.europesays.com\/es\/wp-json\/wp\/v2\/types\/post"}],"author":[{"embeddable":true,"href":"https:\/\/www.europesays.com\/es\/wp-json\/wp\/v2\/users\/2"}],"replies":[{"embeddable":true,"href":"https:\/\/www.europesays.com\/es\/wp-json\/wp\/v2\/comments?post=269518"}],"version-history":[{"count":0,"href":"https:\/\/www.europesays.com\/es\/wp-json\/wp\/v2\/posts\/269518\/revisions"}],"wp:featuredmedia":[{"embeddable":true,"href":"https:\/\/www.europesays.com\/es\/wp-json\/wp\/v2\/media\/269519"}],"wp:attachment":[{"href":"https:\/\/www.europesays.com\/es\/wp-json\/wp\/v2\/media?parent=269518"}],"wp:term":[{"taxonomy":"category","embeddable":true,"href":"https:\/\/www.europesays.com\/es\/wp-json\/wp\/v2\/categories?post=269518"},{"taxonomy":"post_tag","embeddable":true,"href":"https:\/\/www.europesays.com\/es\/wp-json\/wp\/v2\/tags?post=269518"}],"curies":[{"name":"wp","href":"https:\/\/api.w.org\/{rel}","templated":true}]}}