{"id":269524,"date":"2025-12-03T19:42:16","date_gmt":"2025-12-03T19:42:16","guid":{"rendered":"https:\/\/www.europesays.com\/es\/269524\/"},"modified":"2025-12-03T19:42:16","modified_gmt":"2025-12-03T19:42:16","slug":"asi-funciona-la-nueva-variante-del-virus-que-dispara-los-casos-de-gastroenteritis","status":"publish","type":"post","link":"https:\/\/www.europesays.com\/es\/269524\/","title":{"rendered":"As\u00ed funciona la nueva variante del virus que dispara los casos de gastroenteritis"},"content":{"rendered":"<p>\n        Investigadores de varios pa\u00edses han logrado descubrir c\u00f3mo act\u00faa la <strong>nueva variante gen\u00e9tica<\/strong> de un <a href=\"https:\/\/www.noticiasdenavarra.com\/television\/2025\/11\/27\/pluribus-fenomeno-virus-transmite-felicidad-10406901.html\" title=\"virus\" class=\"link copy\" rel=\"nofollow noopener\" target=\"_blank\">virus<\/a>, el &#8216;<strong>norovirus GII.17<\/strong>&#8216;, responsable de un aumento de los <strong>brotes de <\/strong><a href=\"https:\/\/www.noticiasdenavarra.com\/sociedad\/2024\/11\/04\/riesgos-aguas-dana-valencia-gastroenteritis-heridas-8889621.html\" title=\"gastroenteritis\" class=\"link copy\" rel=\"nofollow noopener\" target=\"_blank\"><strong>gastroenteritis<\/strong><\/a><strong> aguda<\/strong> en todo el mundo durante los \u00faltimos a\u00f1os, y han apuntado a las posibles <strong>dianas para combatirlo<\/strong>.\n<\/p>\n<p class=\"article-body__text \">\n        Este <strong>norovirus<\/strong> es muy <strong>contagioso<\/strong> y se propaga principalmente por <strong>alimentos, agua, contacto entre personas o superficies contaminadas<\/strong>, provocando <strong>n\u00e1useas, v\u00f3mitos, diarreas, fiebre<\/strong> y <strong>malestar general<\/strong>. Aunque los <strong>s\u00edntomas<\/strong> suelen remitir en <strong>dos o tres d\u00edas<\/strong> en personas sanas, puede resultar grave en personas <strong>menores, mayores o inmunodeprimidas<\/strong> y requerir <strong>atenci\u00f3n m\u00e9dica especializada<\/strong>.\n<\/p>\n<p class=\"article-body__text \">\n        Un <strong>estudio internacional<\/strong> en el que han participado investigadores del <strong>Instituto de Salud Carlos III (ISCIII)<\/strong> ha permitido analizar c\u00f3mo esta <strong>nueva variante del virus<\/strong> ha logrado <strong>adaptarse y expandirse<\/strong> entre la poblaci\u00f3n humana, atribuyendo ese impacto al <strong>genotipo &#8216;GII.17&#8217;<\/strong>.\n<\/p>\n<p>            <a href=\"https:\/\/www.noticiasdenavarra.com\/sucesos\/2025\/11\/19\/detectado-primer-caso-virus-10370600.html\" title=\"Detectado el primer caso aut\u00f3ctono del virus africano Usutu en el Estado\" class=\"new__media\" rel=\"nofollow noopener\" target=\"_blank\"><\/p>\n<p>                <img alt=\"Detectado el primer caso aut\u00f3ctono del virus africano Usutu en el Estado\" data-src=\"https:\/\/www.europesays.com\/es\/wp-content\/uploads\/2025\/12\/88932199-a6d9-4fd8-97e8-45625ac78873_16-9-aspect-ratio_default_0.jpg\" class=\"lozad\"\/><\/p>\n<p>        <\/a><\/p>\n<p>        <a href=\"https:\/\/www.noticiasdenavarra.com\/sucesos\/2025\/11\/19\/detectado-primer-caso-virus-10370600.html\" title=\"Detectado el primer caso aut\u00f3ctono del virus africano Usutu en el Estado\" class=\"new__headline\" rel=\"nofollow noopener\" target=\"_blank\"><br \/>\n            Detectado el primer caso aut\u00f3ctono del virus africano Usutu en el Estado<br \/>\n        <\/a><\/p>\n<p class=\"article-body__text \">\n        El trabajo, publicado en la revista <strong>Nature Communications<\/strong>, ha sido liderado por investigadores de <strong>Estados Unidos y Alemania<\/strong>, y ha contado con la participaci\u00f3n del grupo de <strong>Mar\u00eda Dolores Fern\u00e1ndez-Garc\u00eda<\/strong>, responsable de <strong>Gastroenteritis V\u00edricas<\/strong> en el <strong>Centro Nacional de Microbiolog\u00eda (CNM)<\/strong> del ISCIII, as\u00ed como cient\u00edficos del <strong>\u00c1rea de Epidemiolog\u00eda y Salud P\u00fablica<\/strong> del <strong>CIBER-ISCIII<\/strong>.\n<\/p>\n<p class=\"article-body__text \">\n        El <strong>norovirus<\/strong> es uno de los principales <strong>agentes causantes de gastroenteritis aguda<\/strong> en personas de todas las edades, seg\u00fan ha se\u00f1alado el ISCIII. Este <strong>genotipo<\/strong> no estaba entre los predominantes, pero entre <strong>2013 y 2016<\/strong> comenz\u00f3 a expandirse desde distintos pa\u00edses de <strong>Asia<\/strong>. Aunque los casos disminuyeron tras esos a\u00f1os, se ha detectado un <strong>nuevo incremento de infecciones desde 2023<\/strong>, especialmente en <strong>Europa y Am\u00e9rica<\/strong>.\n<\/p>\n<p class=\"article-body__text \">\n        El objetivo principal de la investigaci\u00f3n era comprender los <strong>mecanismos<\/strong> que han permitido la <strong>reemergencia, adaptaci\u00f3n y expansi\u00f3n<\/strong> del &#8216;<strong>norovirus GII.17<\/strong>&#8216; en los \u00faltimos a\u00f1os, lo que ha llevado a una mayor presencia de <strong>brotes de gastroenteritis a escala mundial<\/strong>. Para ello, se analizaron m\u00e1s de <strong>1.400 genomas<\/strong> del <a href=\"https:\/\/www.noticiasdenavarra.com\/television\/2025\/11\/27\/pluribus-fenomeno-virus-transmite-felicidad-10406901.html\" title=\"virus\" class=\"link copy\" rel=\"nofollow noopener\" target=\"_blank\">virus<\/a>, tanto recientes como almacenados en <strong>bases de datos internacionales<\/strong>, permitiendo estudiar su <strong>evoluci\u00f3n a escala global, local e incluso dentro del propio hu\u00e9sped humano<\/strong>.\n<\/p>\n<p>  <strong>Genomas completos obtenidos en el Estado<\/strong><\/p>\n<p class=\"article-body__text \">\n        Se incluyeron <strong>genomas completos obtenidos en el Estado<\/strong> gracias a la <strong>caracterizaci\u00f3n molecular de brotes de gastroenteritis v\u00edricas<\/strong>, coordinada por el <strong>Centro Nacional de Microbiolog\u00eda<\/strong>, y el equipo del ISCIII particip\u00f3 en el <strong>an\u00e1lisis e interpretaci\u00f3n de los datos<\/strong>, integrando la <strong>informaci\u00f3n gen\u00f3mica nacional<\/strong> en el <strong>contexto global del estudio<\/strong>. Los investigadores comprobaron que la <strong>nueva variante<\/strong> presenta un conjunto propio de <strong>cambios gen\u00e9ticos<\/strong>, especialmente en la <strong>prote\u00edna VP1 de la c\u00e1psida del virus<\/strong>, que le confiere una <strong>identidad gen\u00e9tica distinta<\/strong>, subrayando la relevancia de esta prote\u00edna para <strong>dise\u00f1ar posibles vacunas<\/strong>. La investigaci\u00f3n demuestra, adem\u00e1s, la importancia de la <strong>colaboraci\u00f3n internacional<\/strong> y de la <strong>vigilancia gen\u00f3mica<\/strong> para entender c\u00f3mo los <strong>virus emergen y se adaptan<\/strong>, algo <strong>fundamental para proteger la salud p\u00fablica<\/strong>.<\/p>\n","protected":false},"excerpt":{"rendered":"Investigadores de varios pa\u00edses han logrado descubrir c\u00f3mo act\u00faa la nueva variante gen\u00e9tica de un virus, el &#8216;norovirus&hellip;\n","protected":false},"author":2,"featured_media":269525,"comment_status":"","ping_status":"","sticky":false,"template":"","format":"standard","meta":{"footnotes":""},"categories":[92],"tags":[5658,25,24,21278,165,795,166,23,2271,2275],"class_list":{"0":"post-269524","1":"post","2":"type-post","3":"status-publish","4":"format-standard","5":"has-post-thumbnail","7":"category-salud","8":"tag-dispara","9":"tag-es","10":"tag-espana","11":"tag-gastroenteritis","12":"tag-health","13":"tag-nueva","14":"tag-salud","15":"tag-spain","16":"tag-variante","17":"tag-virus"},"share_on_mastodon":{"url":"https:\/\/pubeurope.com\/@es\/115657345964098103","error":""},"_links":{"self":[{"href":"https:\/\/www.europesays.com\/es\/wp-json\/wp\/v2\/posts\/269524","targetHints":{"allow":["GET"]}}],"collection":[{"href":"https:\/\/www.europesays.com\/es\/wp-json\/wp\/v2\/posts"}],"about":[{"href":"https:\/\/www.europesays.com\/es\/wp-json\/wp\/v2\/types\/post"}],"author":[{"embeddable":true,"href":"https:\/\/www.europesays.com\/es\/wp-json\/wp\/v2\/users\/2"}],"replies":[{"embeddable":true,"href":"https:\/\/www.europesays.com\/es\/wp-json\/wp\/v2\/comments?post=269524"}],"version-history":[{"count":0,"href":"https:\/\/www.europesays.com\/es\/wp-json\/wp\/v2\/posts\/269524\/revisions"}],"wp:featuredmedia":[{"embeddable":true,"href":"https:\/\/www.europesays.com\/es\/wp-json\/wp\/v2\/media\/269525"}],"wp:attachment":[{"href":"https:\/\/www.europesays.com\/es\/wp-json\/wp\/v2\/media?parent=269524"}],"wp:term":[{"taxonomy":"category","embeddable":true,"href":"https:\/\/www.europesays.com\/es\/wp-json\/wp\/v2\/categories?post=269524"},{"taxonomy":"post_tag","embeddable":true,"href":"https:\/\/www.europesays.com\/es\/wp-json\/wp\/v2\/tags?post=269524"}],"curies":[{"name":"wp","href":"https:\/\/api.w.org\/{rel}","templated":true}]}}