{"id":269532,"date":"2025-12-03T19:46:08","date_gmt":"2025-12-03T19:46:08","guid":{"rendered":"https:\/\/www.europesays.com\/es\/269532\/"},"modified":"2025-12-03T19:46:08","modified_gmt":"2025-12-03T19:46:08","slug":"el-nuevo-frente-migratorio-de-la-administracion-trump","status":"publish","type":"post","link":"https:\/\/www.europesays.com\/es\/269532\/","title":{"rendered":"el nuevo frente migratorio de la administraci\u00f3n Trump"},"content":{"rendered":"<p>La escena se repite, pero con un matiz distinto. El Gobierno de Donald Trump ha lanzado una nueva operaci\u00f3n migratoria en <strong>Nueva Orleans<\/strong>, una ciudad acostumbrada a convivir con el peso de sus propias heridas y ahora empujada al centro del pulso pol\u00edtico entre la Casa Blanca y los gobiernos locales dem\u00f3cratas. La acci\u00f3n, bautizada como \u00abCatahoula Crunch<strong>\u00ab<\/strong>, pone el foco en migrantes de <strong>Honduras, Guatemala y El Salvador<\/strong>, y se suma al mapa creciente de redadas que el presidente ha ordenado para acelerar deportaciones y tensar la aplicaci\u00f3n de las leyes migratorias. <\/p>\n<p>El <strong>Departamento de Seguridad Nacional (DHS)<\/strong> ha presentado el operativo como un esfuerzo dirigido a \u00abinfractores con antecedentes penales\u00bb liberados de la custodia local debido a pol\u00edticas que limitan la cooperaci\u00f3n con Inmigraci\u00f3n. Pero, como ha ocurrido en <strong>Los \u00c1ngeles, Chicago o Washington D.C<\/strong>., el despliegue se mueve en una frontera m\u00e1s difusa: la que separa los objetivos oficiales de un impacto que, seg\u00fan denuncian residentes y organizaciones, termina arrastrando tambi\u00e9n a personas sin antecedentes y alimentando un clima de miedo dif\u00edcil de medir, pero visible en las rutinas m\u00e1s cotidianas.<\/p>\n<p>En algunos barrios de Nueva Orleans, el temor se abri\u00f3 paso antes incluso de que los agentes federales pisaran las calles. En un peque\u00f1o restaurante familiar, una mujer coloc\u00f3 colchones improvisados para que sus parientes pudieran dormir all\u00ed, evitando trayectos entre casa y trabajo que pudieran acabar en un control. \u00abEs por si acaso\u00bb, explic\u00f3 a un voluntario local. Ese \u00abpor si acaso\u00bb se ha convertido en una frase frecuente en las \u00faltimas semanas.<\/p>\n<p>\t\tTrump, contra los inmigrantes: anuncia medidas contra las personas extranjeras con papeles\t<\/p>\n<p>Objetivo: migrantes \u00abindocumentados\u00bb<\/p>\n<p>Las autoridades federales dicen que el objetivo son migrantes indocumentados con supuestos antecedentes penales liberados por pol\u00edticas locales; sin embargo, vecinos y organizaciones han denunciado que las redadas podr\u00edan afectar tambi\u00e9n a personas sin historial delictivo, alimentando el<strong> temor, la incertidumbre y reproches por \u00abperfil racial\u00bb.<\/strong><\/p>\n<p>Adem\u00e1s del operativo, el Gobierno ha anunciado el pr\u00f3ximo<strong> despliegue de tropas de la Guardia Nacional<\/strong> en la ciudad: un gesto que muchos interpretan como se\u00f1al de militarizaci\u00f3n e intimidaci\u00f3n en medio de un proceso que se extender\u00eda hasta fin de a\u00f1o. <\/p>\n<p>Aunque la Casa Blanca lo presenta como un refuerzo log\u00edstico, muchos residentes lo leen como un gesto de <strong>militarizaci\u00f3n<\/strong> de un asunto que, para ellos, tiene m\u00e1s que ver con la convivencia y el tejido comunitario que con una amenaza a la seguridad p\u00fablica. Ver uniformes federales y militares en calles ya marcadas por la desigualdad hist\u00f3rica despierta un recuerdo inc\u00f3modo en una ciudad habituada a pasar por ciclos de intervenci\u00f3n externa. El mensaje simb\u00f3lico \u2014 que el Gobierno federal puede imponer su fuerza sobre el espacio civil \u2014 pesa casi tanto como la operaci\u00f3n en s\u00ed. Y, mientras el operativo se proyecta hasta final de a\u00f1o, el debate sobre sus verdaderos alcances apenas empieza a abrirse entre autoridades locales que temen quedar arrinconadas entre la obediencia y la protecci\u00f3n a sus propios vecinos.<\/p>\n<p>Un manifestante sostiene una bandera de M\u00e9xico frente al Edificio Federal Edward R. Roybal, durante una protesta contra las redadas migratorias federales, en Los \u00c1ngeles.\u00a0DAVID SWANSON \/ REUTERS<\/p>\n<p>La ciudad quiere seguir siendo una \u00abburbuja\u00bb <\/p>\n<p>La operaci\u00f3n llega, adem\u00e1s, en un momento simb\u00f3lico. Un juez federal decidi\u00f3 en noviembre poner fin al decreto de consentimiento de 2013 que limitaba la capacidad del Departamento de Polic\u00eda de Nueva Orleans de colaborar en la aplicaci\u00f3n de leyes migratorias. Fue una pieza clave en la reconstrucci\u00f3n institucional de la ciudad, cuya polic\u00eda sigue lidiando con un historial complejo. Aun as\u00ed, la jefa del cuerpo, <strong>Anne Kirkpatrick<\/strong>, asegur\u00f3 que Nueva Orleans <strong>no har\u00e1 cumplir la ley federal de inmigraci\u00f3n<\/strong>, manteniendo la l\u00ednea de distancia que Nueva Orleans ha defendido durante a\u00f1os.<\/p>\n<p>Las organizaciones de derechos civiles advierten que esta din\u00e1mica ya se ha visto en otras ciudades y que el patr\u00f3n suele repetirse: aunque el discurso oficial habla de \u201cdelincuentes liberados por pol\u00edticas locales\u201d, en la pr\u00e1ctica las redadas terminan afectando a personas sin causas pendientes, trabajadores con a\u00f1os de residencia y familias que nunca hab\u00edan tenido contacto con el sistema judicial. En Nueva Orleans, los primeros testimonios hablan de controles en zonas con alta presencia latina y de personas detenidas tras identificaciones selectivas que recuerdan a los episodios denunciados en Los \u00c1ngeles y en otras ciudades donde operativos similares abrieron heridas profundas. <\/p>\n<p>La Casa Blanca, sin embargo, avanza en otra direcci\u00f3n. Trump anunci\u00f3 el martes que <strong>la Guardia Nacional ser\u00e1 desplegada en la ciudad <\/strong>en cuesti\u00f3n de semanas, un gesto que busca reforzar el alcance del operativo pero que tambi\u00e9n act\u00faa como mensaje pol\u00edtico hacia otras jurisdicciones que han intentado limitar la intervenci\u00f3n federal. En agosto, el Departamento de Justicia incluy\u00f3 a Nueva Orleans en su lista de \u00ab<strong>ciudades santuario\u00bb<\/strong>, una etiqueta convertida ya en marca de disputa antes que en categor\u00eda jur\u00eddica.<\/p>\n<p>Con <strong>384.000 habitantes<\/strong>, Nueva Orleans se suma a un listado que no deja de crecer y que ya incluye operaciones similares en Charlotte, Carolina del Norte. La ofensiva migratoria es  para Trump un terreno donde proyectar autoridad y recuperar una narrativa de control que considera central; para las ciudades afectadas, es otra prueba en un equilibrio cada vez m\u00e1s fr\u00e1gil entre seguridad, autonom\u00eda municipal y el tejido humano que sostiene a miles de familias inmigrantes.<\/p>\n<p>En definitiva, la ciudad se enfrenta ahora a una operaci\u00f3n cuyo alcance sigue siendo incierto. Y, como tantas veces, sus residentes observan, con una mezcla de cautela y cansancio, c\u00f3mo las decisiones que se toman lejos vuelven a reconfigurar su d\u00eda a d\u00eda que ahora, de nuevo, vuelve a estar marcado por el miedo. <\/p>\n","protected":false},"excerpt":{"rendered":"La escena se repite, pero con un matiz distinto. El Gobierno de Donald Trump ha lanzado una nueva&hellip;\n","protected":false},"author":2,"featured_media":269533,"comment_status":"","ping_status":"","sticky":false,"template":"","format":"standard","meta":{"footnotes":""},"categories":[42],"tags":[17,18,13,14,11,61,62,63,64,19,20,9,10,15,16,12,21,22,65,66,67],"class_list":{"0":"post-269532","1":"post","2":"type-post","3":"status-publish","4":"format-standard","5":"has-post-thumbnail","7":"category-internacional","8":"tag-breaking-news","9":"tag-breakingnews","10":"tag-featured-news","11":"tag-featurednews","12":"tag-headlines","13":"tag-internacional","14":"tag-international","15":"tag-international-news","16":"tag-internationalnews","17":"tag-latest-news","18":"tag-latestnews","19":"tag-news","20":"tag-noticias","21":"tag-noticias-destacadas","22":"tag-noticiasdestacadas","23":"tag-titulares","24":"tag-ultimas-noticias","25":"tag-ultimasnoticias","26":"tag-world","27":"tag-world-news","28":"tag-worldnews"},"share_on_mastodon":{"url":"https:\/\/pubeurope.com\/@es\/115657361767623832","error":""},"_links":{"self":[{"href":"https:\/\/www.europesays.com\/es\/wp-json\/wp\/v2\/posts\/269532","targetHints":{"allow":["GET"]}}],"collection":[{"href":"https:\/\/www.europesays.com\/es\/wp-json\/wp\/v2\/posts"}],"about":[{"href":"https:\/\/www.europesays.com\/es\/wp-json\/wp\/v2\/types\/post"}],"author":[{"embeddable":true,"href":"https:\/\/www.europesays.com\/es\/wp-json\/wp\/v2\/users\/2"}],"replies":[{"embeddable":true,"href":"https:\/\/www.europesays.com\/es\/wp-json\/wp\/v2\/comments?post=269532"}],"version-history":[{"count":0,"href":"https:\/\/www.europesays.com\/es\/wp-json\/wp\/v2\/posts\/269532\/revisions"}],"wp:featuredmedia":[{"embeddable":true,"href":"https:\/\/www.europesays.com\/es\/wp-json\/wp\/v2\/media\/269533"}],"wp:attachment":[{"href":"https:\/\/www.europesays.com\/es\/wp-json\/wp\/v2\/media?parent=269532"}],"wp:term":[{"taxonomy":"category","embeddable":true,"href":"https:\/\/www.europesays.com\/es\/wp-json\/wp\/v2\/categories?post=269532"},{"taxonomy":"post_tag","embeddable":true,"href":"https:\/\/www.europesays.com\/es\/wp-json\/wp\/v2\/tags?post=269532"}],"curies":[{"name":"wp","href":"https:\/\/api.w.org\/{rel}","templated":true}]}}