{"id":269534,"date":"2025-12-03T19:47:13","date_gmt":"2025-12-03T19:47:13","guid":{"rendered":"https:\/\/www.europesays.com\/es\/269534\/"},"modified":"2025-12-03T19:47:13","modified_gmt":"2025-12-03T19:47:13","slug":"madrid-no-detecta-ningun-incumplimiento-por-parte-de-la-gestora-privada-del-hospital-de-torrejon-sociedad","status":"publish","type":"post","link":"https:\/\/www.europesays.com\/es\/269534\/","title":{"rendered":"Madrid no detecta \u00abning\u00fan incumplimiento\u00bb por parte de la gestora privada del hospital de Torrej\u00f3n | Sociedad"},"content":{"rendered":"<p>La Consejer\u00eda de Sanidad de Madrid ha publicado un comunicado este mi\u00e9rcoles en respuesta a la informaci\u00f3n publicada por <a href=\"https:\/\/elpais.com\/sociedad\/2025-12-03\/la-empresa-gestora-del-hospital-publico-de-torrejon-ordena-rechazar-pacientes-para-ganar-mas-hacemos-actividad-que-nos-perjudica.html\" target=\"_blank\" rel=\"noreferrer nofollow noopener\" title=\"https:\/\/elpais.com\/sociedad\/2025-12-03\/la-empresa-gestora-del-hospital-publico-de-torrejon-ordena-rechazar-pacientes-para-ganar-mas-hacemos-actividad-que-nos-perjudica.html\">el diario El Pa\u00eds<\/a> sobre <a href=\"https:\/\/cadenaser.com\/cmadrid\/2025\/12\/03\/el-grupo-privado-que-gestiona-el-hospital-publico-de-torrejon-insta-a-elevar-las-listas-de-espera-y-rechazar-pacientes-para-ganar-mas-radio-madrid\/\" target=\"_blank\" rel=\"noreferrer nofollow noopener\" title=\"https:\/\/cadenaser.com\/cmadrid\/2025\/12\/03\/el-grupo-privado-que-gestiona-el-hospital-publico-de-torrejon-insta-a-elevar-las-listas-de-espera-y-rechazar-pacientes-para-ganar-mas-radio-madrid\/\">la gesti\u00f3n en el hospital de Torrej\u00f3n de Ardoz<\/a>. La empresa privada que administra el centro p\u00fablico, Ribera Salud, ha pedido a sus empleados que rechacen pacientes para ganar m\u00e1s dinero, aumentando las listas de espera, reduciendo las intervenciones y rechazando aquellos tratamientos que \u00abno sean rentables\u00bb. <\/p>\n<p>M\u00e1s informaci\u00f3n<\/p>\n<p>Ante esta situaci\u00f3n, la Comunidad de Madrid ha informado de que no ha detectado \u00abning\u00fan incumplimiento de las obligaciones derivadas del contrato de concesi\u00f3n de servicio p\u00fablico\u00bb por parte de la gestora, asegurando que se han mantenido reuniones peri\u00f3dicas de seguimiento con el equipo directivo de Ribera Salud. <\/p>\n<p>El c\u00f3digo iframe se ha copiado en el portapapeles<\/p>\n<p class=\"tit\">M\u00f3nica Garc\u00eda se\u00f1ala a Ayuso por ser \u00abc\u00f3mplice necesaria\u00bb en el esc\u00e1ndalo del hospital de Torrej\u00f3n: \u00abEs el modelo del PP\u00bb<\/p>\n<p>00:00:0005:55<\/p>\n<p>FacebookTwitterLinkedinWhatsAppCerrar<\/p>\n<p>El gobierno de Isabel D\u00edaz Ayuso afirma que se ha personado en el hospital \u00abun equipo multidisciplinar\u00bb para constatar \u00abin situ\u00bb la adecuada prestaci\u00f3n de la atenci\u00f3n sanitaria a los pacientes. Asimismo, confirman que se ha convocado de urgencia una reuni\u00f3n con la c\u00fapula directiva de la gestora y que se adoptar\u00e1n las \u00abactuaciones y controles\u00bb que fueran necesarios. <\/p>\n<p>De igual forma, reiteran que no se va a \u00abtolerar ning\u00fan tipo de actuaci\u00f3n o pr\u00e1ctica que pueda perjudicar el acceso a la asistencia sanitaria\u00bb, siendo esta siempre de la m\u00e1xima calidad y proporcionada en \u00abigualdad de condiciones\u00bb en todos los hospitales de la regi\u00f3n. <\/p>\n<p>S\u00e1nchez acusa al PP de \u00abhacer de la salud un negocio\u00bb<\/p>\n<p>El presidente del Gobierno, Pedro S\u00e1nchez, ha acusado al Partido Popular de \u00abhacer de la salud un negocio\u00bb y una \u00aboportunidad para enriquecerse\u00bb por las supuestas pr\u00e1cticas de la empresa concesionaria, despu\u00e9s de que el diario El Pa\u00eds haya publicado un audio del CEO del grupo sanitario Ribera, Pablo Gallart, en el que pide rechazar pacientes o procesos no rentables.<\/p>\n<p>\u00abEste es el modelo del PP: hacer de la salud un negocio y de la enfermedad una oportunidad para enriquecerse. El CEO de una empresa decidiendo sobre la vida de la gente: en eso consiste la privatizaci\u00f3n de la sanidad. M\u00e1s listas de espera, m\u00e1s rentabilidad, m\u00e1s injusticias\u00bb, ha declarado S\u00e1nchez en su cuenta de la red social X.<\/p>\n<blockquote class=\"twitter-tweet\">\n<p lang=\"es\" dir=\"ltr\">Este es el modelo del PP: hacer de la salud un negocio y de la enfermedad una oportunidad para enriquecerse. <\/p>\n<p>El CEO de una empresa decidiendo sobre la vida de la gente: en eso consiste la privatizaci\u00f3n de la sanidad. M\u00e1s listas de espera, m\u00e1s rentabilidad, m\u00e1s injusticias.<\/p>\n<p>No\u2026<\/p>\n<p>\u2014 Pedro S\u00e1nchez (@sanchezcastejon) <a href=\"https:\/\/twitter.com\/sanchezcastejon\/status\/1996231976185926081?ref_src=twsrc%5Etfw\" rel=\"nofollow noopener\" target=\"_blank\">December 3, 2025<\/a><\/p><\/blockquote>\n<p><script async src=\"https:\/\/platform.twitter.com\/widgets.js\" charset=\"utf-8\"><\/script><\/p>\n","protected":false},"excerpt":{"rendered":"La Consejer\u00eda de Sanidad de Madrid ha publicado un comunicado este mi\u00e9rcoles en respuesta a la informaci\u00f3n publicada&hellip;\n","protected":false},"author":2,"featured_media":269535,"comment_status":"","ping_status":"","sticky":false,"template":"","format":"standard","meta":{"footnotes":""},"categories":[8],"tags":[17,18,25,24,13,14,11,19,20,9,10,15,16,23,12,21,22],"class_list":{"0":"post-269534","1":"post","2":"type-post","3":"status-publish","4":"format-standard","5":"has-post-thumbnail","7":"category-espana","8":"tag-breaking-news","9":"tag-breakingnews","10":"tag-es","11":"tag-espana","12":"tag-featured-news","13":"tag-featurednews","14":"tag-headlines","15":"tag-latest-news","16":"tag-latestnews","17":"tag-news","18":"tag-noticias","19":"tag-noticias-destacadas","20":"tag-noticiasdestacadas","21":"tag-spain","22":"tag-titulares","23":"tag-ultimas-noticias","24":"tag-ultimasnoticias"},"share_on_mastodon":{"url":"https:\/\/pubeurope.com\/@es\/115657365708476273","error":""},"_links":{"self":[{"href":"https:\/\/www.europesays.com\/es\/wp-json\/wp\/v2\/posts\/269534","targetHints":{"allow":["GET"]}}],"collection":[{"href":"https:\/\/www.europesays.com\/es\/wp-json\/wp\/v2\/posts"}],"about":[{"href":"https:\/\/www.europesays.com\/es\/wp-json\/wp\/v2\/types\/post"}],"author":[{"embeddable":true,"href":"https:\/\/www.europesays.com\/es\/wp-json\/wp\/v2\/users\/2"}],"replies":[{"embeddable":true,"href":"https:\/\/www.europesays.com\/es\/wp-json\/wp\/v2\/comments?post=269534"}],"version-history":[{"count":0,"href":"https:\/\/www.europesays.com\/es\/wp-json\/wp\/v2\/posts\/269534\/revisions"}],"wp:featuredmedia":[{"embeddable":true,"href":"https:\/\/www.europesays.com\/es\/wp-json\/wp\/v2\/media\/269535"}],"wp:attachment":[{"href":"https:\/\/www.europesays.com\/es\/wp-json\/wp\/v2\/media?parent=269534"}],"wp:term":[{"taxonomy":"category","embeddable":true,"href":"https:\/\/www.europesays.com\/es\/wp-json\/wp\/v2\/categories?post=269534"},{"taxonomy":"post_tag","embeddable":true,"href":"https:\/\/www.europesays.com\/es\/wp-json\/wp\/v2\/tags?post=269534"}],"curies":[{"name":"wp","href":"https:\/\/api.w.org\/{rel}","templated":true}]}}