{"id":26954,"date":"2025-08-05T10:05:08","date_gmt":"2025-08-05T10:05:08","guid":{"rendered":"https:\/\/www.europesays.com\/es\/26954\/"},"modified":"2025-08-05T10:05:08","modified_gmt":"2025-08-05T10:05:08","slug":"israel-adesanya-anuncia-su-regreso-a-la-ufc-con-dos-posibles-mega-peleas","status":"publish","type":"post","link":"https:\/\/www.europesays.com\/es\/26954\/","title":{"rendered":"Israel Adesanya anuncia su regreso a la UFC con dos posibles &#8216;mega peleas&#8217;"},"content":{"rendered":"<p data-gtm-element-container=\"modulo-texto-link\" class=\"paragraph\">Despu\u00e9s de su \u00faltima aparici\u00f3n en la jaula el pasado 1 de febrero de 2025, el excampe\u00f3n de peso mediano de la UFC, ha revelado que est\u00e1 preparado para regresar a la acci\u00f3n. En una reciente entrevista para <strong>&#8216;The Sun&#8217;<\/strong>, <strong>Israel Adesanya dej\u00f3 claro que est\u00e1 ansioso por volver al oct\u00e1gono<\/strong>, con dos combates de alto calibre en el punto de mira.\u00a0<\/p>\n<p data-gtm-element-container=\"modulo-texto-link\" class=\"paragraph\">Durante la conversaci\u00f3n, Adesanya explic\u00f3 que ten\u00eda en la mira dos oponentes clave para lo que promete ser un regreso imperdible. El primero es <strong>Sean Strickland<\/strong>, excampe\u00f3n de la divisi\u00f3n, en lo que ser\u00eda una revancha muy esperada. Sin embargo esta contienda presenta obst\u00e1culos,<strong> Strickland actualmente est\u00e1\u00a0suspendido de manera indefinida <\/strong>tras protagonizar un altercado con otro luchador en un evento de MMA celebrado en junio en Las Vegas.<\/p>\n<p>        Lee tambi\u00e9n<\/p>\n<p>    LUIS RODR\u00cdGUEZ<\/p>\n<p>             <img loading=\"lazy\" decoding=\"async\" data-full-src=\"https:\/\/www.mundodeportivo.com\/uploads\/2025\/02\/07\/67a544c96a0a5.png\" alt=\"Sean Strickland, en su primer enfrentamiento ante Dricus du Plessis en el a\u00f1o 2024\" src=\"https:\/\/www.europesays.com\/es\/wp-content\/uploads\/2025\/07\/67a544c96a0a5.r_d.804-415.png\" class=\"lazy\" width=\"104\" height=\"108\"\/><\/p>\n<p data-gtm-element-container=\"modulo-texto-link\" class=\"paragraph\">La segunda opci\u00f3n sobre la mesa es la de<strong> Paulo Costa<\/strong>, que volvi\u00f3 a la senda del triunfo en <strong>UFC 318<\/strong>, tras ganar a <strong>Roman Kopylov<\/strong> despu\u00e9s de casi tres a\u00f1os sin ganar. <strong>Adesanya y Costa<\/strong> ya se enfrentaron en una pelea por el t\u00edtulo de peso medio en 2020, con <strong>victoria contundente para el nigeriano por nocaut en el segundo asalto<\/strong>. Una revancha ahora supondr\u00eda gran expectaci\u00f3n entre los fans de las artes marciales mixtas.\u00a0<\/p>\n<blockquote>\n<p>        \u00abLe dar\u00eda una oportunidad de redimirse, como la gente ha hecho conmigo\u00bb.<\/p>\n<\/blockquote>\n<p data-gtm-element-container=\"modulo-texto-link\" class=\"paragraph\">Adesanya de 36 a\u00f1os, reconoci\u00f3 que<strong> se encuentra en el &#8216;ecuador&#8217; de su carrera como peleador en las MMA<\/strong>, pero sigue convencido de que tiene mucho por ofrecer. \u00abLlevo un tiempo impaciente, t\u00edo. \u00a1Estoy listo para empezar!\u00bb, afirm\u00f3 a SunSport.<\/p>\n<p data-gtm-element-container=\"modulo-texto-link\" class=\"paragraph\">Adesanya viene de una <strong>racha negativa de tres derrotas consecutivas<\/strong>: dos en pelea por el t\u00edtulo ante <strong>Sean Strickland <\/strong>y <strong>Dircus Duplesis<\/strong> (septiembre de 2023 y agosto de 2024) y una sorprendente ca\u00edda por<strong> KO ante Nassourdine Imavov <\/strong>en febrero.\u00a0<\/p>\n<p>    Lee tambi\u00e9n<\/p>\n<p data-gtm-element-container=\"modulo-texto-link\" class=\"paragraph\">Pese a las cr\u00edticas por su reciente desempe\u00f1o, el nigeriano parece decidido a recuperar su lugar en la cima de la UFC. Su regreso, aun sin fecha ni rival oficial, promete espect\u00e1culo, veremos si en esta ocasi\u00f3n Adesanya consigue relanzar su carrera y hacerse con una victoria, algo que no hace desde 2023.\u00a0<\/p>\n","protected":false},"excerpt":{"rendered":"Despu\u00e9s de su \u00faltima aparici\u00f3n en la jaula el pasado 1 de febrero de 2025, el excampe\u00f3n de&hellip;\n","protected":false},"author":2,"featured_media":26955,"comment_status":"","ping_status":"","sticky":false,"template":"","format":"standard","meta":{"footnotes":""},"categories":[276],"tags":[168,25,24,23,167,343],"class_list":{"0":"post-26954","1":"post","2":"type-post","3":"status-publish","4":"format-standard","5":"has-post-thumbnail","7":"category-ufc","8":"tag-deportes","9":"tag-es","10":"tag-espana","11":"tag-spain","12":"tag-sports","13":"tag-ufc"},"share_on_mastodon":{"url":"","error":""},"_links":{"self":[{"href":"https:\/\/www.europesays.com\/es\/wp-json\/wp\/v2\/posts\/26954","targetHints":{"allow":["GET"]}}],"collection":[{"href":"https:\/\/www.europesays.com\/es\/wp-json\/wp\/v2\/posts"}],"about":[{"href":"https:\/\/www.europesays.com\/es\/wp-json\/wp\/v2\/types\/post"}],"author":[{"embeddable":true,"href":"https:\/\/www.europesays.com\/es\/wp-json\/wp\/v2\/users\/2"}],"replies":[{"embeddable":true,"href":"https:\/\/www.europesays.com\/es\/wp-json\/wp\/v2\/comments?post=26954"}],"version-history":[{"count":0,"href":"https:\/\/www.europesays.com\/es\/wp-json\/wp\/v2\/posts\/26954\/revisions"}],"wp:featuredmedia":[{"embeddable":true,"href":"https:\/\/www.europesays.com\/es\/wp-json\/wp\/v2\/media\/26955"}],"wp:attachment":[{"href":"https:\/\/www.europesays.com\/es\/wp-json\/wp\/v2\/media?parent=26954"}],"wp:term":[{"taxonomy":"category","embeddable":true,"href":"https:\/\/www.europesays.com\/es\/wp-json\/wp\/v2\/categories?post=26954"},{"taxonomy":"post_tag","embeddable":true,"href":"https:\/\/www.europesays.com\/es\/wp-json\/wp\/v2\/tags?post=26954"}],"curies":[{"name":"wp","href":"https:\/\/api.w.org\/{rel}","templated":true}]}}